{"id":2080,"date":"2012-02-26T20:10:02","date_gmt":"2012-02-26T19:10:02","guid":{"rendered":"http:\/\/bassdu.mine.nu\/?p=2080"},"modified":"2012-02-26T20:15:38","modified_gmt":"2012-02-26T19:15:38","slug":"interviu-cu-stanislav-grof","status":"publish","type":"post","link":"https:\/\/bassdu.mine.bz\/?p=2080","title":{"rendered":"Interviu cu Stanislav Grof"},"content":{"rendered":"<p><strong>\u201eMi\u015fcarea Dacia\u201d<\/strong> nu umbl\u0103 dup\u0103 cai verzi pe pere\u0163i, ci proiecteaz\u0103 <strong>NOUA PARADIGM\u0102<\/strong> cu solide argumente \u015ftiin\u0163ifice.<\/p>\n<p>Iat\u0103 aici un interviu cu d-l <a href=\"http:\/\/en.wikipedia.org\/wiki\/Stanislav_Grof\">Stanislav Grof\u00a0<\/a> despre care afl\u0103m din wikipedia:<\/p>\n<p><em>\u201eGrof connects modern man&#8217;s inability to fully and honestly grapple with his psychic conflicts to the contemporary ecological crisis:<\/em><\/p>\n<p><em>\u00a0In the last few decades, it has become increasingly clear that humanity is facing a crisis of unprecedented proportions. Modern science has developed effective measures that could solve most of the urgent problems in today&#8217;s world&#8211;combat the majority of diseases, eliminate hunger and poverty, reduce the amount of industrial waste, and replace destructive fossil fuels by renewable sources of clean energy. The problems that stand in the way are not of economical or technological nature. The deepest sources of the global crisis lie inside the human personality and reflect the level of consciousness evolution of our species\u201d<\/em><\/p>\n<p>&nbsp;<\/p>\n<p>Iat\u0103 interviul :<\/p>\n<p><em>\u201cSingura solutie este intoarcerea catre interior\u201d<\/em> Doctorul <strong>Stanislav Grof<\/strong> este unul dintre cei mai importan\u0163i cercetatori ai Con\u015ftiin\u0163ei din secolul XX. Este fondatorul curentului transpersonal \u00een psihologie \u015fi acela care a reu\u015fit s\u0103 introduc\u0103 spiritualitatea ca dimensiune fundamental\u0103 a psihicului omenesc, \u00een lumea psihologiei academice. Este unul dintre pionierii studiilor privind for\u0163a vindecatoare a st\u0103rilor de con\u015ftiin\u0163\u0103 extins\u0103 \u015fi creatorul unei tehnici de accesare a acestor st\u0103ri, numit\u0103 Respira\u0163ie Holotropic\u0103. Este profesor la Institutul de Studii Integrale din California, unde conduce catedra de Filosofie, cosmologie \u015fi cons\u0163iint\u0103. Este autorul a numeroase c\u0103r\u0163i despre natura con\u015ftiin\u0163ei. Considerat un geniu \u00een domeniul s\u0103u, Stanislav Grof este un om de o blande\u0163e, o simplitate \u015fi o generozitate extraordinare. Am avut ocazia de a petrece dou\u0103 zile \u00eempreun\u0103 cu el, care au fost un regal de idei \u015fi viziuni. Interviul de mai jos este o sintez\u0103 a nenum\u0103ratelor ore de discu\u0163ie din acele zile.<\/p>\n<p><strong>&#8211; Sunte\u0163i om de \u015ftiin\u0163\u0103 \u015fi totu\u015fi c\u0103rtile dvs. \u00eenf\u0103\u0163i\u015feaz\u0103 un univers de natur\u0103 spiritual\u0103. Cum se vede \u201ecriza\u201d prin care trece umanitatea din perspectiva psihologiei?<\/strong><\/p>\n<p>Una dintre transformarile fundamentale prin care trecem este una de viziune. \u015etiin\u0163a tindea s\u0103 se opun\u0103 spiritualit\u0103\u0163ii, considerat\u0103 ca fiind de ne-dovedit, pentru c\u0103 se baza pe percep\u0163ia subiectiv\u0103. Or, subiectivitatea nu era luat\u0103 \u00een considerare, neput\u00e2nd fi m\u0103surat\u0103. A\u015fa s-a \u00eent\u00e2mplat c\u0103 experien\u0163a spiritual\u0103, mistic\u0103, veche de c\u00e2nd umanitatea, a fost exclus\u0103 din ecua\u0163ie. Dar, \u00eentre timp, \u015ftiin\u0163a \u00eencepe s\u0103 descopere c\u0103 subiectivitatea creeaza universul, la propriu. Numai c\u0103 pare t\u00e2rziu. Lumea pe care am creat-o are atributele \u015ftiintei clasice, mecanice. Este o lume rece, calculat\u0103, dur\u0103, guvernat\u0103 de \u201elegi\u201d \u00eenguste, \u00een care oamenii sunt considera\u0163i corpuri \u00eentr-un univers de corpuri \u015fi drept urmare se simt singuri \u015fi izolati. Am creat o lume din care orice principiu mai \u00eenalt \u2013 \u00eel po\u0163i numi Dumnezeu, de pild\u0103 \u2013 a fost exclus. Suntem deci singuri, iar consecin\u0163a e frica. Compens\u0103m frica \u00een fa\u0163a unui Univers uria\u015f \u015fi gol, prin consumul compulsiv, prin a avea, a face, \u015fi cre\u0103m o lume care raspunde acestui mod de a privi lucrurile. Trat\u0103m planeta a\u015fa cum ne trat\u0103m pe noi \u00een\u015fine \u015fi pe ceilal\u0163i: ca pe ceva care trebuie supus, \u00eenvins, exploatat, controlat \u015fi chiar ucis dac\u0103 e nevoie, pentru satisfacerea \u201cnevoilor\u201d. Criza prin care trece umanitatea este o criz\u0103 interioar\u0103 \u015fi astfel psihologic\u0103 \u015fi spiritual\u0103, dar care a generat o criz\u0103 exterioar\u0103 at\u00e2t de grav\u0103, \u00eenc\u00e2t pune \u00een pericol existen\u0163a noastr\u0103 ca specie. Umanitatea aflat\u0103 \u00een criz\u0103 \u00ee\u015fi distruge casa \u015fi \u00eentrebarea este dac\u0103 ne vom da seama la timp.<\/p>\n<p><strong>Ce e de f\u0103cut?<\/strong><\/p>\n<p>\u00cen ultimii 40 de ani ani am fost implicat \u00een cercet\u0103ri asupra con\u015ftiin\u0163ei \u015fi am putut constata c\u0103 suferin\u0163a vine din modul de a percepe universul. Tr\u0103irea unei expansiuni a con\u015ftiin\u0163ei conduce frecvent la transform\u0103ri profunde ale individului, la reducerea semnificativ\u0103 a agresivit\u0103\u0163ii, la cre\u015fterea \u00een\u0163elegerii, a compasiunii \u015fi a toleran\u0163ei, dar, mai ales, la cre\u015fterea capacit\u0103\u0163ii de a se bucura de via\u0163\u0103. Cu c\u00e2t bucuria de a tr\u0103i cre\u015fte, cu at\u00e2t scade credin\u0163a c\u0103 trebuie s\u0103 ai din ce \u00een ce mai mult, \u015fi apare o spiritualitate de natur\u0103 universal\u0103 bazat\u0103 pe ideea c\u0103 toat\u0103 crea\u0163ia e un tot format prin legatura profund\u0103 cu al\u0163i oameni, cu alte specii, cu natura \u015fi cu \u00eentregul univers. Nu am nici o indoial\u0103 c\u0103 aceast\u0103 transformare este nu numai posibil\u0103, dar inerent\u0103. Suntem condamna\u0163i s\u0103 ne \u00eentoarcem la Adev\u0103r. \u00centrebarea este dac\u0103 se va \u00eentampla acest lucru \u00eenainte s\u0103 se strice ceva de nereparat \u00een echilibrul vie\u0163ii pe planet\u0103. Mul\u0163i oameni se afl\u0103 \u00een punctul \u00een care realizeaz\u0103 e\u015fecul filosofiei de via\u0163\u0103 pe care au urmat-o \u015fi \u00eencep s\u0103 caute alternativa spiritual\u0103 care echivaleaz\u0103 cu o \u00eentoarcere acas\u0103, dup\u0103 o lung\u0103 r\u0103t\u0103cire. Am fost \u00eenv\u0103\u0163a\u0163i c\u0103 trebuie s\u0103 facem mereu ceva ca s\u0103 fim ferici\u0163i, c\u0103 trebuie s\u0103 \u00eendeplinim ceva, s\u0103 v\u00e2n\u0103m ceva, s\u0103 avem ceva, un obiect, o pozi\u0163ie social\u0103, un partener anume, deci c\u0103 fericirea este mereu \u00een viitor \u015fi \u00een exterior. Aceast\u0103 concep\u0163ie ne plaseaz\u0103 \u00eentr-un provizorat permanent. Este o strategie mereu perdant\u0103 pentru c\u0103 niciodat\u0103 nu ne aduce ce dorim. Singura solu\u0163ie este \u00eentoarcerea c\u0103tre interior \u015fi descoperirea satisfac\u0163iei existen\u0163iale \u00een dimensiunea spiritual\u0103 existen\u0163ei.<\/p>\n<p><strong>&#8211; Care ar fi primul pas?<\/strong><\/p>\n<p>Uneori acest prim pas \u00eel face fiin\u0163a noastr\u0103, prin declan\u015farea unei crize psiho-spirituale. Psihologia oficial\u0103 a tratat aceste crize drept crize psihotice, patologice \u015fi le-a suprimat cu medicamente dure, sub diagnostice neclare, dar \u00een realitate, fiin\u0163a noastr\u0103 interioar\u0103 declan\u015fa un mecanism de auto-vindecare, de auto-reglare \u00een fa\u0163a unei situa\u0163ii \u00een care lumea interioar\u0103 ajungea s\u0103 fie \u00een divergen\u0163\u0103 cu restul universului.<em><strong> Acum, \u00eentreaga umanitate se afl\u0103 \u00eentr-o stare de urgen\u0163\u0103 spiritual\u0103<\/strong><\/em> care pune sub semnul \u00eentreb\u0103rii o \u00eentreag\u0103 perspectiv\u0103 asupra vie\u0163ii \u015fi descoper\u0103 c\u0103 modul materialist de a vedea lumea nu este suficient. A\u015fa se explic\u0103 \u00eentoarcerea c\u0103tre medita\u0163ie, c\u0103tre spiritualitate, c\u0103tre credin\u0163\u0103, c\u0103tre medicina naturist\u0103 \u015fi holistic\u0103, interesul imens pentru psihologia transpersonal\u0103. Omenirea pare c\u0103 face singur\u0103 acest pas. Pentru fiecare dintre noi vine timpul s\u0103 privim \u00een interior cu onestitate, atunci c\u00e2nd sim\u0163im \u201ccriza\u201d. Criza este semnul transform\u0103rii, ceva trebuie s\u0103 moar\u0103, pentru ca apoi s\u0103 renasc\u0103. La nivelul unei persoane, dar \u015fi la nivelul \u00eentregii umanit\u0103\u0163i.<\/p>\n<p><strong>&#8211; Vorbi\u0163i despre transformarea umanit\u0103\u0163ii ca despre o chestiune de timp. Ce crede despre anul 2012 un cercet\u0103tor al Con\u015ftiin\u0163ei ca Stanislav Grof?<\/strong><\/p>\n<p>Este un subiect care m\u0103 pasioneaz\u0103 pentru c\u0103 orice profe\u0163ie are legatur\u0103 cu o stare de con\u015ftiin\u0163\u0103 extins\u0103. Au existat dintotdeauna mijloace pentru ca profe\u0163ii, \u015famanii, preo\u0163ii, misticii s\u0103 intre \u00een asemenea st\u0103ri. Toate sistemele mistice ale planetei vorbesc despre aceea\u015fi realitate. A\u015fa se face c\u0103 profe\u0163iile tuturor continentelor despre \u201csf\u00e2r\u015fitul timpurilor\u201d sunt acelea\u015fi, inclusiv \u00een cre\u015ftinism, unde \u201capocalipsa\u201d, etimologic, \u00eenseamn\u0103 nu sf\u00e2r\u015fit, ci \u201cridicarea valului\u201d. Profe\u0163iile mayase sunt remarcabile, nu pentru c\u0103 spun ceva nou, ci pentru extraordinara precizie a sistemului lor astronomic \u015fi astrologic, calculat pe miliarde de ani \u00eenapoi \u00een timp, dar care se opresc pe o anumit\u0103 dat\u0103 a anului 2012. Faptul c\u0103 misticii lumii, separa\u0163i de mii de kilometri \u015fi uneori de mii de ani \u00een timp, v\u0103d acelea\u015fi lucruri \u00een incursiunile lor spirituale, este deja extrem de interesant pentru un cercetator al con\u015ftiin\u0163ei ca mine. Dar c\u00e2nd descoperi c\u0103 de fapt, un \u00eentreg calendar \u00eentins pe milioane de ani este de fapt un algoritm de evolu\u0163ie al Con\u015ftiin\u0163ei, v\u0103zut ca esen\u0163\u0103 a universului, acest lucru este senza\u0163ional. Nu \u00eencape nici o indoial\u0103. Cunoa\u015fterea maya\u015f\u0103 despre natura universului, a con\u015ftiin\u0163ei \u015fi a timpului dep\u0103\u015feste cunoa\u015fterea \u015ftiintific\u0103 de azi. La acea dat\u0103 astronomic\u0103 precis\u0103, la care se trece \u00eentr-un nou ciclu galactic \u015fi cosmic, maya\u015fii vorbesc despre sf\u00e2r\u015fitul timpului. Dar timpul, a\u015fa cum \u00eencepem s\u0103 ne d\u0103m \u015fi noi seama ast\u0103zi, este crea\u0163ia Con\u015ftiin\u0163ei. Sf\u00e2r\u015fitul timpului este, dup\u0103 p\u0103rerea mea, sf\u00e2r\u015fitul unui tip de percep\u0163ie, sf\u00e2r\u015fitul unei lumi a\u015fa cum o cunoa\u015ftem noi: o lume a violen\u0163ei \u015fi a l\u0103comiei, egotic\u0103, corupt\u0103, sf\u00e2\u015fiat\u0103 de conflicte. Dup\u0103 p\u0103rerea mea, maya\u015fii vorbesc deci despre un proces de moarte\/rena\u015ftere, o transformare interioar\u0103 masiv\u0103 a umanit\u0103\u0163ii, dincolo de care timpul liniar nu mai exist\u0103, a\u015fa cum nu exist\u0103 \u00een st\u0103rile de con\u015ftiin\u0163\u0103 extins\u0103, sau \u00een relat\u0103rile marilor mistici. Pentru mine, cel mai important argument provine din propriile mele cercet\u0103ri. Foarte pe scurt, am constatat c\u0103 st\u0103rile prin care trece con\u015ftiin\u0163a omeneasc\u0103 sunt legate \u00een mod sincronic de evenimentele cosmice. Am lucrat cu exper\u0163i \u00een domeniu \u015fi am ajuns la concluzia c\u0103 evenimentele interioare \u015fi cele cosmice se reflect\u0103 total \u00eentre ele. Rela\u0163ia \u00eentre Univers \u015fi Con\u015ftiin\u0163\u0103 este o ecua\u0163ie. Universul este Con\u015ftiin\u0163\u0103. Evenimentele astronomice sunt \u00eentr-o rela\u0163ie profund\u0103 cu evenimentele interioare ale con\u015ftiin\u0163ei omene\u015fti individuale \u015fi colective, astfel c\u0103, pentru mine, cu elementele pe care le am, nu \u00eencape nici un dubiu c\u0103 schimb\u0103rile majore au \u00eenceput deja \u015fi c\u0103<strong> lumea acestui secol va fi spiritual\u0103 sau deloc.<\/strong><\/p>\n<p>Sursa :<a href=\"http:\/\/ www.dincolo-de-limite.blogspot.com\/\"> www.dincolo-de-limite.blogspot.com\/<\/a><\/p>\n","protected":false},"excerpt":{"rendered":"<p>\u201eMi\u015fcarea Dacia\u201d nu umbl\u0103 dup\u0103 cai verzi pe pere\u0163i, ci proiecteaz\u0103 NOUA PARADIGM\u0102 cu solide argumente \u015ftiin\u0163ifice. Iat\u0103 aici un interviu cu d-l Stanislav Grof\u00a0 despre care afl\u0103m din wikipedia: \u201eGrof connects modern man&#8217;s inability to fully and honestly grapple with his psychic conflicts to the contemporary ecological crisis: \u00a0In the last few decades, it [&hellip;]<\/p>\n","protected":false},"author":2,"featured_media":0,"comment_status":"open","ping_status":"open","sticky":false,"template":"","format":"standard","meta":{"footnotes":""},"categories":[73],"tags":[798,571,210,698,261,797,799],"jetpack_featured_media_url":"","_links":{"self":[{"href":"https:\/\/bassdu.mine.bz\/index.php?rest_route=\/wp\/v2\/posts\/2080"}],"collection":[{"href":"https:\/\/bassdu.mine.bz\/index.php?rest_route=\/wp\/v2\/posts"}],"about":[{"href":"https:\/\/bassdu.mine.bz\/index.php?rest_route=\/wp\/v2\/types\/post"}],"author":[{"embeddable":true,"href":"https:\/\/bassdu.mine.bz\/index.php?rest_route=\/wp\/v2\/users\/2"}],"replies":[{"embeddable":true,"href":"https:\/\/bassdu.mine.bz\/index.php?rest_route=%2Fwp%2Fv2%2Fcomments&post=2080"}],"version-history":[{"count":3,"href":"https:\/\/bassdu.mine.bz\/index.php?rest_route=\/wp\/v2\/posts\/2080\/revisions"}],"predecessor-version":[{"id":2083,"href":"https:\/\/bassdu.mine.bz\/index.php?rest_route=\/wp\/v2\/posts\/2080\/revisions\/2083"}],"wp:attachment":[{"href":"https:\/\/bassdu.mine.bz\/index.php?rest_route=%2Fwp%2Fv2%2Fmedia&parent=2080"}],"wp:term":[{"taxonomy":"category","embeddable":true,"href":"https:\/\/bassdu.mine.bz\/index.php?rest_route=%2Fwp%2Fv2%2Fcategories&post=2080"},{"taxonomy":"post_tag","embeddable":true,"href":"https:\/\/bassdu.mine.bz\/index.php?rest_route=%2Fwp%2Fv2%2Ftags&post=2080"}],"curies":[{"name":"wp","href":"https:\/\/api.w.org\/{rel}","templated":true}]}}