{"id":2100,"date":"2012-03-11T10:38:49","date_gmt":"2012-03-11T09:38:49","guid":{"rendered":"http:\/\/bassdu.mine.nu\/?p=2100"},"modified":"2012-03-11T10:38:49","modified_gmt":"2012-03-11T09:38:49","slug":"%e2%80%9emiscarea-dacia-si-noua-politica-regionala","status":"publish","type":"post","link":"https:\/\/bassdu.mine.bz\/?p=2100","title":{"rendered":"\u201eMi\u015fcarea Dacia\u201d \u015fi&#8230; NOUA POLITIC\u0102 REGIONAL\u0102"},"content":{"rendered":"<p>Unul dintre Obiectivele Mi\u015fc\u0103rii Dacia\u201d este realizarea unei Noi Politici Regionale \u00een zona centro-european\u0103.<br \/>\nAu fost unii care au s\u0103rit ca ar\u015fi : \u201ecu cine s-o facem cu ungurii, bulgarii, s\u00e2rbii, ru\u015fii, polonezii, ceho-slovacii, grecii, turcii ???\u201d<br \/>\nDA doamnelor \u015fi domnilor &#8230; cu ei to\u0163i, c\u00e2\u0163i or vrea !!!<br \/>\nA\u015fa cum f\u0103cuse \u015fi Titulescu cu Mica Antant\u0103 \u015fi cu Alian\u0163a Balcanic\u0103 !<br \/>\nRolul acestei \u201eregiuni centro-europene\u201d, ar trebui s\u0103 fie garantarea unui echilibru strategic \u00eentre Est \u015fi Vest, care \u015fi-au manifestat de-a lungul istoriei pofte de cucerire a acestui spa\u0163iu.<br \/>\nMotivarea acestei agreg\u0103ri, este foarte simpl\u0103 : avem acelea\u015fi interese, suntem vecini de secole \u015fi am umplut cu v\u00e2rf \u015fi \u00eendesat, toate visteriile euro- asiatice !<br \/>\n\u015ei ar mai fi un motiv, care de fapt este cel mai important \u015fi anume c\u0103 s-ar putea s\u0103 fim to\u0163i, mai mult sau mai pu\u0163in&#8230;traco-geto-daci !!!<br \/>\nP\u0103i dac\u0103 s\u00e2rbii se strofocesc s\u0103-i asimileze pe vlasi, nu putem noi oare s\u0103 spunem c\u0103 mul\u0163i s\u00e2rbi sunt de fapt&#8230; daci ?<br \/>\nUltima \u015ftire referitoare la rela\u0163iile rom\u00e2no-s\u00e2rbe, ne d\u0103 mari speran\u0163e c\u0103 ceva se schimb\u0103 !<br \/>\nRom\u00e2nia a blocat acordarea statutului de candidat\u0103 la aderare Serbiei, p\u00e2n\u0103 nu va reglementa situa\u0163ia minorit\u0103\u0163ii rom\u00e2ne\u015fti din Timoc !!!&#8230; \u015fi bine a f\u0103cut, deoarece sunt 15 ani de c\u00e2nd \u201ese fac c\u0103 plou\u0103\u201d !<br \/>\nSurprinz\u0103tor este c\u0103 \u00een afar\u0103 de Polonia \u015fi Lituania, celelalte \u0163\u0103ri au uitat de &#8230; DREPTURILE MINORIT\u0102\u0162ILOR !?!? &#8230; nu acela\u015fi lucru s-ar fi \u00eent\u00e2mplat dac\u0103 era vorba de \u0163iganii, sau maghiarii minoritari la noi !&#8230; iat\u0103 un motiv \u00een plus al EURO-SCEPTICISMULUI meu !<br \/>\nBine\u00een\u0163eles c\u0103 au ap\u0103rut pe scen\u0103 EURO-OPTIMI\u015eTII, mai ales de factur\u0103 usla\u015f\u0103, \u00een frunte cu \u201ekaghebistul emanat\u201d, care a criticat ac\u0163iunea guvernului pe motiv c\u0103 stric\u0103 prietenia cu Serbia \u015fi cu &#8230;Olanda !?!? &#8230; b\u0103i emanatule, aici vorbim de FRA\u0162II NO\u015eTRI b\u0103\u0103\u0103\u0103\u0103\u0103 !&#8230; ah pardon&#8230; uitasem c\u0103 nu sunt \u015fi ai t\u0103i !?<br \/>\nAcela\u015fi tratament, \u00eel aplic\u0103 valahilor (de secole) \u015fi bulgarii \u00een partea lor de Tribalia !<br \/>\n\u00cemi vine \u00een minte o povestioar\u0103 cu un cioban de la sud de Dun\u0103re, ce era \u00eenso\u0163it \u00een permanen\u0163\u0103 de un jandar bulgar, ca nu cumva s\u0103 scape vreun cuv\u00e2nt rum\u00e2nesc (sau valah, ca s\u0103 facem pe plac vecinilor no\u015ftri). Ajuns cu oile la Dun\u0103re pentru ad\u0103pat, ignorantele patrupede nu voiau \u00een ruptul capului s\u0103 bea ap\u0103 !? Atunci jandaru \u00eel \u00eentreb\u0103 pe cioban de ce nu le spune oilor s\u0103 se duc\u0103 la ad\u0103pat. Ciobanul r\u0103spunse sec : p\u0103i ele nu pricep dec\u00e2t rum\u00e2ne\u015fte !<br \/>\nAceste politici de SLAVIZARE FOR\u0162AT\u0102 au fost folosite (mai mult sau mai pu\u0163in) \u015fi de ucrainieni \u015fi de ru\u015fi \u015fi de polonezi \u015fi de cehoslovaci.<br \/>\nNu acela\u015fi lucru se poate spune despre maghiari !&#8230; nuuuu, ei au&#8230; MAGHIARIZAT FOR\u0162AT !<br \/>\nP\u0103i ce au \u00een comun fainele unguroaice cu yazighii, hunii \u015fi alte n\u0103luci din stepele asiatice ??? \u0102ia au fost o m\u00e2n\u0103 de oameni, care au instituit o DICTATUR\u0102 LINGVISTIC\u0102 \u015fi care au avut \u201eprezen\u0163a de spirit\u201d s\u0103 se catolicizeze \u015fi s\u0103 primeasc\u0103 misiuni de evanghelizare\/conversiune printre \u201ebarbarii ortodoc\u015fi\u201d, ale c\u0103ror p\u0103m\u00e2nturi le-au fost d\u0103ruite \u00een schimb !!! &#8230; ba chiar li s-a confec\u0163ionat \u015fi o existen\u0163\u0103 milenar\u0103 pe acele p\u0103m\u00e2nturi, pe care le-ar fi g\u0103sit &#8230; nepopulate, deoarece dacii fuseser\u0103 uci\u015fi p\u00e2n\u0103 la unul, de romanii care nu ocupaser\u0103 dec\u00e2t 18% din teritoriul lor !?!?&#8230; p\u0103i s\u0103 nu-\u0163i vin\u0103 s\u0103 r\u00e2zi ???<br \/>\nDar NU ! &#8230; mie \u00eemi vine s\u0103 pl\u00e2ng atunci c\u00e2nd aud diver\u015fi \u201eistorici cu patalama\u201d ce sus\u0163in formarea poporului rom\u00e2n \u00een b\u0103ile romanilor, unde femeile dace erau &#8230; culturalizate !?!?&#8230; sau al\u0163ii care sus\u0163in c\u0103 am fi&#8230; cumani !?&#8230; dar cumani vorbitori de rum\u00e2neasc\u0103, nu de cuman\u0103&#8230; c\u0103 \u015fi \u0103ia, \u00een suta de ani ce s-au perindat prin Europa&#8230; s-au catolicizat !<br \/>\nP\u0103i bulgarii erau TURCICI ! &#8230; vi se pare c\u0103 sunt bulgarii&#8230; turcici ? &#8230; nici ei nu cred, ba chiar se recheam\u0103 la &#8230;traci ! &#8230; adev\u0103r gr\u0103iesc, deoarece BAZA POPULA\u0162IEI Imperiului Valaho-Bulgar al As\u0103ne\u015ftilor, erau&#8230; traco-geto-daci !!! Odat\u0103 cu separarea de valahi, au \u00eenceput SLAVIZAREA FOR\u0162AT\u0102 a popula\u0163iei majoritare, fiind ajuta\u0163i \u015fi de Biserica Ortodox\u0103 de Constantinopol.<br \/>\nNoi suntem de milenii pe aceste meleaguri \u015fi suntem gata s\u0103 \u201eoferim p\u00e2ine \u015fi sare\u201d, dar cerem &#8230; RESPECT !<br \/>\nCine vrea s\u0103 \u015ftie \u201eDE CE ?\u201d acest respect, s\u0103 citeasc\u0103 mai jos :<\/p>\n<p>\u201eUrma\u015fii geto-dacilor tr\u0103iesc \u015fi ast\u0103zi \u015fi locuiesc acolo unde au locuit p\u0103rin\u0163ii lor , vorbesc \u00een limba \u00een care gl\u0103suiau mai demult p\u0103rin\u0163ii lor\u201d . (Huszti Andras)<\/p>\n<p>\u201e \u00cen secuime peste 60.000 de rom\u00e2ni \u00eentrebuin\u0163eaz\u0103 chiar \u015fi \u00een vatra familial\u0103 limba maghiar\u0103 , ne mai av\u00e2nd alt\u0103 dovad\u0103 a na\u0163ionalit\u0103\u0163ii lor , dec\u00e2t religia lor ortodox\u0103\u201d . ( Carl F. Marienburg )<\/p>\n<p>\u201e Ace\u015fti bie\u0163i \u0163\u0103rani , cu mant\u0103ile \u015fi c\u0103ciulile lor cu pene de curcan pe cap , ei de care se r\u00e2sese at\u00e2ta , dovedir\u0103 c\u0103 \u015ftiu s\u0103 moar\u0103 dac\u0103 nu s\u0103 \u00eenving\u0103 \u015fi c\u0103 le curge \u00een vine tot s\u00e2ngele vechilor DACI\u201d . ( Kohn Abrest )<\/p>\n<p>\u201eAcest sentiment puternic de a tr\u0103i \u015fi de a muri pentru na\u0163ionalitatea lor l-au exteriorizat \u015fi l-au consfin\u0163it cu numele de ROM\u00c2N ; \u015fi unde este puterea care s\u0103 le poat\u0103 lua aceast\u0103 na\u0163ionalitate , unde se afl\u0103 dreptul care ar putea s\u0103 le-o conteste ?\u201d ( \u015etefan Ludwig Roth , 1848 )<\/p>\n<p>\u201eMaghiarii sunt un popor plin de \u00eeng\u00e2mfare care locuind \u00een mijlocul na\u0163iunilor str\u0103ine lor prin ras\u0103 , au pretins totdeauna \u015fi pretind \u00eenc\u0103 s\u0103 le domine \u015fi s\u0103 le maghiarizeze \u015fi asta \u00eentr-un fel de care \u00eens\u0103\u015fi \u015ftiin\u0163a sufer\u0103 . \u00cen recens\u0103minte , de pild\u0103 , domne\u015fte voin\u0163a bine hot\u0103r\u00e2t\u0103 de a ar\u0103ta maghiarii mai numero\u015fi dec\u00eet sunt \u00een realitate\u201d. ( Prof. Dr. Julius Jung , 1877 )<\/p>\n<p>\u201e \u00cen toate Pannoniile exist\u0103 obiceiuri \u015fi moravuri Romane , dar \u015fi un fel de limb\u0103 Roman\u0103 \u015fi mul\u0163i se ocup\u0103 \u015fi cu literatura.\u201d ( Veleius Paterculus )<br \/>\n\u201eGe\u0163ii vorbeau aceia\u015fi limb\u0103 ca dacii \u015fi aveau acelea\u015fi obiceiuri . Grecii d\u0103deau , at\u00e2t ge\u0163ilor din Bulgaria c\u00e2t \u015fi dacilor din Moldova , Valahia , Transilvania \u015fi Ungaria acela\u015fi nume \u015fi credeau c\u0103 \u015fi ge\u0163ii \u015fi dacii provin de la traci\u201d. ( L. A. Gebhardi , Geschichte des Reichs Hungarn und der damit Verbudenen Stateen , I. Theil , Leipzig ,1778 ,p. 43-44.)<\/p>\n<p>\u201e\u00cen cele mai vechi timpuri cunoscute , \u00een Transilvania \u015fi \u00een \u0163\u0103rile \u00eenvecinate locuiau dacii , care mai erau denumi\u0163i \u015fi ge\u0163i , \u015fi de la ei a primit actuala Transilvanie \u00eempreun\u0103 cu Moldova , Muntenia \u015fi regiunile \u00eenvecinate din Ungaria numele de Dacia.\u201d ( Martin Hochmeister , Siebenburgische Provinziaalblatter , vol. III , fasc. 3 , Sibiu ,1808 , p. 126 )<\/p>\n<p>\u201eDacii sunt primii str\u0103mo\u015fi ai rom\u00e2nilor de azi . Din punct de vedere etnografic dacii par s\u0103 se confunde cu ge\u0163ii . Aceia\u015fi origine , aceia\u015fi limb\u0103 . Asupra acestui punct toate m\u0103rturiile din vechime concord\u0103\u201d. ( Abdolonyme Ubicini , Les origines de l\u2019historie roumaine , Ernest Laroux , Paris ,1866 , p. 6 )<\/p>\n<p>\u201e Grele \u00eendatoriri a trebuit s\u0103 suporte Dacia aproape 60 de ani , sub 20 de \u00eemp\u0103ra\u0163i romani , p\u00een\u0103 c\u00e2nd sub Galienus dacii s-au de\u015fteptat din nou , i-au b\u0103tut pe romani , le-au adus mari pagube \u015fi , \u00een sf\u00eer\u015fit , au pr\u0103dat imperiul roman \u015fi au ocupat Roma , ca s\u0103 se r\u0103zbune \u015fi s-o ru\u015fineze , de unde a ie\u015fit proverbul : Nullum violentum diuturnum ( nimic din ceea ce este impus prin violen\u0163\u0103 nu dureaz\u0103 ).\u201d ( Johannes Tr\u00f6ster, \u00een Vechea si Noua Dacie german\u0103 secolul 17 )<\/p>\n<p>\u201e N\u0103dejdea lui Decebal se \u00eemplinise : Imperiul fusese d\u0103r\u00e2mat prin loviturile oamenilor de la Dun\u0103re , Roma \u00eens\u0103\u015fi \u00eenving\u0103toarea tuturor popoarelor a trebuit s\u0103 slujeasc\u0103 supus\u0103 \u015fi s\u0103 primeasc\u0103 jugul triumfului getic.\u201d ( Isidor De Sevilla \u00eentre 560 \u2013 636 )<br \/>\n\u201ePolonezii sunt urma\u015fii acelor daci care , ne\u00eemp\u0103c\u00e2ndu-se cu cucerirea roman\u0103 , \u015fi-au p\u0103r\u0103sit locurile de ba\u015ftin\u0103 \u015fi s-au mutat la nord.\u201d ( Jan Trynkowski , istoric polonez )<\/p>\n<p>\u201eRomanii nu au ajuns nici \u00een Maramure\u015f , cu at\u00eet mai pu\u0163in \u00een \u015fesul dintre Carpa\u0163ii p\u0103duro\u015fi \u015fi Marea Baltic\u0103 , spa\u0163iu de expansiune al popula\u0163iei carpatice . Aici \u015fi-au organizat atacurile contra Imperiului Roman , armatele Geto-Dace , numite de unii \u015fi gotice.\u201d ( Waclaw Aleksander Maciejowski 1792 \u2013 1883 , \u00een lucrarea Geto-dacii vistulieni \u015fi niprieni str\u0103mo\u015fii polonilor )<\/p>\n<p>\u201e Daco-ge\u0163ii sunt considera\u0163i fondatorii spaniolilor ( Cronicile spaniolilor 25 , p. 179 ) ; Daco-ge\u0163ii s\u00eent considera\u0163i fondatorii popoarelor nordice ( Gesta Normanorum , Cronica ducilor de Normandia , Carolus Lundius etc. ) ; Daco-ge\u0163ii s\u00eent considera\u0163i fondatorii teutonilor , prin saxoni \u015fi frizieni , ai olandezilor al c\u0103ror nume na\u0163ional este \u015fi azi Daci ( Dutch ) \u015fi ai Anglilor.\u201d ( Leibniz , Collectanea Etymologica etc. )<\/p>\n<p>\u201e Neamul tracilor este cel mai numeros din lume , dup\u0103 cel al inzilor . Dac\u0103 ar avea un singur conduc\u0103tor sau dac\u0103 tracii s-ar \u00een\u0163elege \u00eentre ei , neamul lor ar fi de nebiruit \u015fi cu mult mai puternic dec\u00e2t toate neamurile.\u201d ( Istoricul Herodot 484-425 \u00ee.Chr. )<\/p>\n<p>Sunt 2000 de ani c\u0103 ne tot \u00eemping unii \u015fi al\u0163ii pe crestele Carpa\u0163ilor \u015fi Balcanilor !!!<br \/>\n\u015ei tot aceia\u015fi soart\u0103 au avut-o VOLOHII(Ceho-Slovacia), HU\u0162ULII (Polonia) VLASII, AROM\u00c2NII, MEGLENOROM\u00c2NII,ISTROROM\u00c2NII (Balcani), FRIULII, LADINII, ROMAN\u015eII (Alpii italieni \u015fi elve\u0163ieni) \u015fi mocanii Pirineilor (care mai transmit \u00eenc\u0103 din tat\u0103 \u00een fiu renumele lui Zalmoxe, Decebal, Burebista \u015fi Deceneu).<\/p>\n<p>Nu dorim reconstituirea DACIEI MARI, nu dorim schimbarea frontierelor, ci doar s\u0103 asigur\u0103m celor de un s\u00e2nge cu noi DEMNITATEA NA\u0162IONAL\u0102, prin crearea unui SPA\u0162IU COMUN, \u00een care toate popoarele s\u0103 poat\u0103 s\u0103-\u015fi cultive&#8230; IDENTITATEA NA\u0162IONAL\u0102 !<br \/>\nNOUA POLITIC\u0102 REGIONAL\u0102, trebuie s\u0103 se bazeze \u00een concep\u0163ia Mi\u015fc\u0103rii Dacia, pe RESPECTUL RECIPROC \u015fi COOPERAREA RECIPROC AVANTAJOAS\u0102 a popoarelor dintre Baltic\u0103, Adriatic\u0103, Ionic\u0103 \u015fi Marea Neagr\u0103 !<br \/>\nTraco-geto-daco-rom\u00e2nii sunt cobor\u00e2tori din hiperboreenii care poate au fost prima verig\u0103 a contactului cu civiliza\u0163ii anterioare.<br \/>\nCine \u015ftie c\u0103 \u00eentr-o zi, nu se va reveni CEL PU\u0162IN la splendoarea de pe vremea&#8230; DACIEI !?!?<br \/>\n\u015ei s\u0103 nu cread\u0103 cineva, c\u0103 aceast\u0103 splendoare se va datora VALORILOR MATERIALE ce caracterizeaz\u0103 actualul SISTEM !<br \/>\n\u015eansa noastr\u0103 de afirmare, este \u00een plan&#8230; SPIRITUAL !!!<\/p>\n","protected":false},"excerpt":{"rendered":"<p>Unul dintre Obiectivele Mi\u015fc\u0103rii Dacia\u201d este realizarea unei Noi Politici Regionale \u00een zona centro-european\u0103. Au fost unii care au s\u0103rit ca ar\u015fi : \u201ecu cine s-o facem cu ungurii, bulgarii, s\u00e2rbii, ru\u015fii, polonezii, ceho-slovacii, grecii, turcii ???\u201d DA doamnelor \u015fi domnilor &#8230; cu ei to\u0163i, c\u00e2\u0163i or vrea !!! A\u015fa cum f\u0103cuse \u015fi Titulescu cu [&hellip;]<\/p>\n","protected":false},"author":2,"featured_media":0,"comment_status":"open","ping_status":"open","sticky":false,"template":"","format":"standard","meta":{"footnotes":""},"categories":[73],"tags":[452,811,815,186,814,813,210,809,810,206,812,451,729],"jetpack_featured_media_url":"","_links":{"self":[{"href":"https:\/\/bassdu.mine.bz\/index.php?rest_route=\/wp\/v2\/posts\/2100"}],"collection":[{"href":"https:\/\/bassdu.mine.bz\/index.php?rest_route=\/wp\/v2\/posts"}],"about":[{"href":"https:\/\/bassdu.mine.bz\/index.php?rest_route=\/wp\/v2\/types\/post"}],"author":[{"embeddable":true,"href":"https:\/\/bassdu.mine.bz\/index.php?rest_route=\/wp\/v2\/users\/2"}],"replies":[{"embeddable":true,"href":"https:\/\/bassdu.mine.bz\/index.php?rest_route=%2Fwp%2Fv2%2Fcomments&post=2100"}],"version-history":[{"count":2,"href":"https:\/\/bassdu.mine.bz\/index.php?rest_route=\/wp\/v2\/posts\/2100\/revisions"}],"predecessor-version":[{"id":2102,"href":"https:\/\/bassdu.mine.bz\/index.php?rest_route=\/wp\/v2\/posts\/2100\/revisions\/2102"}],"wp:attachment":[{"href":"https:\/\/bassdu.mine.bz\/index.php?rest_route=%2Fwp%2Fv2%2Fmedia&parent=2100"}],"wp:term":[{"taxonomy":"category","embeddable":true,"href":"https:\/\/bassdu.mine.bz\/index.php?rest_route=%2Fwp%2Fv2%2Fcategories&post=2100"},{"taxonomy":"post_tag","embeddable":true,"href":"https:\/\/bassdu.mine.bz\/index.php?rest_route=%2Fwp%2Fv2%2Ftags&post=2100"}],"curies":[{"name":"wp","href":"https:\/\/api.w.org\/{rel}","templated":true}]}}