{"id":2115,"date":"2012-03-23T22:55:11","date_gmt":"2012-03-23T21:55:11","guid":{"rendered":"http:\/\/bassdu.mine.nu\/?p=2115"},"modified":"2012-03-23T22:55:11","modified_gmt":"2012-03-23T21:55:11","slug":"%e2%80%9emiscarea-dacia-si-apararea-nationala","status":"publish","type":"post","link":"https:\/\/bassdu.mine.bz\/?p=2115","title":{"rendered":"\u201eMi\u015fcarea Dacia\u201d \u015fi &#8230; AP\u0102RAREA NA\u0162IONAL\u0102"},"content":{"rendered":"<p>Pe linia Principiilor \u015fi Obiectivelor Mi\u015fc\u0103rii Dacia, FOR\u0162ELE DE AP\u0102RARE NA\u0162IONAL\u0102, vor fi alc\u0103tuite din FOR\u0162ELE ARMATE profesioniste \u015fi FOR\u0162ELE DE AP\u0102RARE CIVIL\u0102 \u015eI MILITAR\u0102 A PROPRIULUI TERITORIU.<\/p>\n<p>\u00cen plus fa\u0163\u0103 de ap\u0103rarea INTEGRIT\u0102\u0162II TERITORIALE, se va delega FOR\u0162ELOR AP\u0102R\u0102RII NA\u0162IONALE \u015fi misiunea AP\u0102R\u0102RII CIVILE pentru cazuri de NECESITATE climatologice, geologice, hidrologice, tectonice, nucleare, chimice, etc.<\/p>\n<p>STRATEGIA AP\u0102R\u0102RII NA\u0162IONALE se va baza pe o NOU\u0102 POLITIC\u0102 REGIONAL\u0102 \u015fi pe o nou\u0103 form\u0103 de AP\u0102RARE LOCAL\u0102 (TRIBAL\u0102).<\/p>\n<p>NOUA POLITIC\u0102 REGIONAL\u0102 se va materializa \u00eentr-o form\u0103 de cooperare \u015fi prietenie cu toate \u0163\u0103rile din zona central\u0103 \u015fi estic\u0103 a Europei (Ungaria, Cehia, Slovacia, Polonia, Letonia, Lituania, Estonia, Serbia, Croa\u0163ia, Bosnia, Macedonia, Muntenegru, Slovenia, Albania, Grecia, Turcia, Bulgaria, Ucraina), cu care se va urm\u0103ri realizarea unei ALIAN\u0162E STRATEGICE, menite s\u0103 echilibreze presiunile din Vest \u015fi din Est.<\/p>\n<p>AP\u0102RAREA LOCAL\u0102 se va materializa \u00een organizarea de FOR\u0162E LOCALE DE AP\u0102RARE CIVIL\u0102 \u015eI MILITAR\u0102 A PROPRIULUI TERITORIU, dup\u0103 principiul \u201eap\u0103r\u0103rii propriului ambient\u201d, sub coordonare centralizat\u0103, dar capabile s\u0103-\u015fi desf\u0103\u015foare ac\u0163iunile \u015fi \u00een mod independent (ceva asem\u0103n\u0103tor G\u0103rzilor Patriotice din vechiul regim).<\/p>\n<p>Misiunea acestor for\u0163e este at\u00e2t ap\u0103rarea militar\u0103 a teritoriului, c\u00e2t \u015fi protec\u0163ia civil\u0103 \u00een cazurile de Necesitate enumerate.<\/p>\n<p>Instruirea tuturor cet\u0103\u0163enilor se va face periodic pe toat\u0103 durata vie\u0163ii, \u00een func\u0163ie de Necesit\u0103\u0163i \u015fi Posibilit\u0103\u0163i.<\/p>\n<p>FOR\u0162ELE ARMATE vor fi alc\u0103tuite exclusiv din MILITARI PROFESIONI\u015eTI, specializa\u0163i \u015fi organiza\u0163i pentru AC\u0162IUNI MILITARE, dar \u015fi pentru opera\u0163iuni de PROTEC\u0162IE CIVIL\u0102 pentru alte cazuri de Necesitate, \u00een afar\u0103 de cele militare.<\/p>\n<p>Acestea vor coordona FOR\u0162ELE LOCALE DE AP\u0102RARE CIVIL\u0102 \u015eI MILITAR\u0102 A PROPRIULUI TERITORIU \u015fi se vor ocupa de INSTRUIREA periodic\u0103 a acestora.<\/p>\n<p>TACTICA AP\u0102R\u0102RII MILITARE se va adapta la aceste noi principii enun\u0163ate.<\/p>\n<p>Statul se va ocupa de dotarea cu toate materialele necesare acestor MISIUNI.<\/p>\n<p>La nivel LOCAL se vor identifica toate utilajele \u015fi logistica necesare oric\u0103ror Situa\u0163ii de Necesitate \u015fi se vor administra Depozitele de Materiale, asigur\u00e2ndu-se \u015fi securitatea acestora.<\/p>\n<p>Se va constitui un singur Serviciu de Informa\u0163ii, care va raporta numai CONSILIULUI SIGURAN\u0162EI STATULUI din cadrul Sfatului \u0162\u0103rii.<\/p>\n<p>Poli\u0163ia va fi organizat\u0103 pe acela\u015fi principiu, cu componente NA\u0162IONALE \u015fi LOCALE \u015fi va avea atribu\u0163ii inclusiv de \u201epoli\u0163ie financiar\u0103\u201d.<\/p>\n<p>Penitenciarele vor trece \u00een administrare teritorial\u0103 \u015fi vor fi auto-gestionate, cu excep\u0163ia celor destinate \u201ecazurilor grave\/de interes na\u0163ional\u201d, ce vor fi administrate de FOR\u0162ELE DE AP\u0102RARE NA\u0162IONAL\u0102.<\/p>\n<p>Alte principii ce guverneaz\u0103 activitatea FOR\u0162ELOR AP\u0102R\u0102RII NA\u0162IONALE, se pot deduce din Principiile \u015fi Obiectivele Mi\u015fc\u0103rii Dacia.<\/p>\n","protected":false},"excerpt":{"rendered":"<p>Pe linia Principiilor \u015fi Obiectivelor Mi\u015fc\u0103rii Dacia, FOR\u0162ELE DE AP\u0102RARE NA\u0162IONAL\u0102, vor fi alc\u0103tuite din FOR\u0162ELE ARMATE profesioniste \u015fi FOR\u0162ELE DE AP\u0102RARE CIVIL\u0102 \u015eI MILITAR\u0102 A PROPRIULUI TERITORIU. \u00cen plus fa\u0163\u0103 de ap\u0103rarea INTEGRIT\u0102\u0162II TERITORIALE, se va delega FOR\u0162ELOR AP\u0102R\u0102RII NA\u0162IONALE \u015fi misiunea AP\u0102R\u0102RII CIVILE pentru cazuri de NECESITATE climatologice, geologice, hidrologice, tectonice, nucleare, chimice, [&hellip;]<\/p>\n","protected":false},"author":2,"featured_media":0,"comment_status":"open","ping_status":"open","sticky":false,"template":"","format":"standard","meta":{"footnotes":""},"categories":[73],"tags":[819,818,210,820,116,115],"jetpack_featured_media_url":"","_links":{"self":[{"href":"https:\/\/bassdu.mine.bz\/index.php?rest_route=\/wp\/v2\/posts\/2115"}],"collection":[{"href":"https:\/\/bassdu.mine.bz\/index.php?rest_route=\/wp\/v2\/posts"}],"about":[{"href":"https:\/\/bassdu.mine.bz\/index.php?rest_route=\/wp\/v2\/types\/post"}],"author":[{"embeddable":true,"href":"https:\/\/bassdu.mine.bz\/index.php?rest_route=\/wp\/v2\/users\/2"}],"replies":[{"embeddable":true,"href":"https:\/\/bassdu.mine.bz\/index.php?rest_route=%2Fwp%2Fv2%2Fcomments&post=2115"}],"version-history":[{"count":1,"href":"https:\/\/bassdu.mine.bz\/index.php?rest_route=\/wp\/v2\/posts\/2115\/revisions"}],"predecessor-version":[{"id":2116,"href":"https:\/\/bassdu.mine.bz\/index.php?rest_route=\/wp\/v2\/posts\/2115\/revisions\/2116"}],"wp:attachment":[{"href":"https:\/\/bassdu.mine.bz\/index.php?rest_route=%2Fwp%2Fv2%2Fmedia&parent=2115"}],"wp:term":[{"taxonomy":"category","embeddable":true,"href":"https:\/\/bassdu.mine.bz\/index.php?rest_route=%2Fwp%2Fv2%2Fcategories&post=2115"},{"taxonomy":"post_tag","embeddable":true,"href":"https:\/\/bassdu.mine.bz\/index.php?rest_route=%2Fwp%2Fv2%2Ftags&post=2115"}],"curies":[{"name":"wp","href":"https:\/\/api.w.org\/{rel}","templated":true}]}}