{"id":2118,"date":"2012-04-01T08:56:27","date_gmt":"2012-04-01T07:56:27","guid":{"rendered":"http:\/\/bassdu.mine.nu\/?p=2118"},"modified":"2012-04-01T09:04:56","modified_gmt":"2012-04-01T08:04:56","slug":"%e2%80%9emiscarea-dacia-descriere-si-obiective","status":"publish","type":"post","link":"https:\/\/bassdu.mine.bz\/?p=2118","title":{"rendered":"\u201eMi\u015fcarea Dacia\u201d &#8211; Principii \u015fi Obiective"},"content":{"rendered":"<p><strong>\u201eMi\u015fcarea Dacia\u201d<\/strong> are ca obiectiv \u00eenc\u0103 de la apari\u0163ia sa \u00een \u201elumea virtual\u0103\u201d, CONVERGEN\u0162A reprezentan\u0163ilor tuturor FOR\u0162ELOR RESPONSABILE ale Na\u0163iei, \u00eentr-un grup care s\u0103 aib\u0103 ca misiune <em><strong>DEFINIREA UNEI NOI PARADIGME SOCIO-ECONOMICE<\/strong><\/em>, fiind evident\u0103 profunda <em><strong>CRIZA SISTEMIC\u0102<\/strong><\/em> actual\u0103 !<\/p>\n<p><strong>\u201eMi\u015fcarea Dacia\u201d<\/strong> respinge cu putere <em><strong>IPOCRIZIA PARTIDIC\u0102<\/strong><\/em>, manifestat\u0103 prin vehicularea obsesiv\u0103 a unor \u201econcepturi azi golite de con\u0163inut\u201d, precum Democra\u0163ia \u015fi Libertatea \u015fi militeaz\u0103 pentru ASUMAREA RESPONSABILIT\u0102\u0162II de c\u0103tre o elit\u0103 na\u0163ional\u0103 selec\u0163ionat\u0103 pe principiul COMPETEN\u0162EI \u015fi MORALIT\u0102\u0162II, capabil\u0103 s\u0103 asigure BINELE COMUN.<\/p>\n<p>\u00cen acest scop, este URGENT\u0102 o REDEFINIRE A <em><strong>VALORILOR CARDINALE<\/strong><\/em> \u015fi implementarea lor \u00een societate.<\/p>\n<p>Noi am chemat acest proces : <em><strong>DICTATURA BUNULUI SIM\u0162 !<\/strong><\/em><\/p>\n<p>S-a \u00eencercat agregarea grupurilor prezente pe Internet, dar rezultatul a fost egal cu zero ! \u015ei aceste grupuri sufer\u0103 de tarele societ\u0103\u0163ii din ziua de azi, pu\u0163ini fiind capabili s\u0103 priceap\u0103 ESEN\u0162A, URGEN\u0162A \u015fi NECESITATEA unui astfel de demers !<\/p>\n<p>\u00cen aceast\u0103 situa\u0163ie, Mi\u015fcarea Dacia va extinde APELUL c\u0103tre toate formele organizate, inclusiv c\u0103tre actualele partide, unde exist\u0103 desigur mul\u0163i oameni con\u015ftien\u0163i de necesitatea unei <strong>MARI SCHIMB\u0102RI !!!<\/strong><\/p>\n<p>O s\u0103 facem \u00een a\u015fa fel ca mesajul nostru s\u0103 ajung\u0103 LA TO\u0162I, aici un rol important revenind \u015fi TUTUROR ADEREN\u0162ILOR la Mi\u015fcarea Dacia, care au obliga\u0163ia moral\u0103 de a da \u201eo m\u00e2n\u0103 de ajutor\u201d !<\/p>\n<p>\u201eMi\u015fcarea Dacia\u201d nu-\u015fi rezerv\u0103 niciun rol special \u00een cadrul (s\u0103 zicem) <strong>CONSILIULUI ANALIZEI PARADIGMALE (CAP)<\/strong>, \u00een afar\u0103 de acela de promotoare a ini\u0163iativei !!!<\/p>\n<p>Astfel, invit\u0103m toate partidele \u015fi grupurile politice organizate, s\u0103-\u015fi desemneze reprezentan\u0163ii, dintre acele cadre DISPUSE , dar mai ales COMPETENTE, s\u0103 se a\u015feze la masa DEZBATERILOR DIALECTICE.<\/p>\n<p>Se sub\u00een\u0163elege c\u0103 DIALECTICA este o <strong>\u201elupt\u0103 constructiv\u0103\u201d<\/strong> \u015fi este radical diferit\u0103 de CONFRUNTAREA ce caracterizeaz\u0103 ambientul politic actual \u015fi care este o <strong>\u201elupt\u0103 distructiv\u0103\u201d<\/strong>, ce are ca efect SL\u0102BIREA UNIT\u0102\u0162II NA\u0162IONALE, tocmai \u00eentr-un moment de EXACERBARE A GLOBALIZ\u0102RII \u015fi deci a &#8230; DEZNA\u0162IONALIZ\u0102RII !<\/p>\n<p><strong>\u201eDivide et impera\u201d<\/strong> trebuie s\u0103 dispar\u0103 din mentalitatea noastr\u0103, urm\u00e2nd s\u0103 punem bazele <strong>UNIT\u0102\u0162II NA\u0162IONALE<\/strong>, chiar \u015fi \u201e\u00een diversitate\u201d.<\/p>\n<p>Cine va r\u0103spunde APELULUI nostru, va demonstra sim\u0163 de RESPONSABILITATE \u00een fa\u0163a GRAVELOR PROBLEME ale Rom\u00e2niei \u015fi ale \u00eentregii Lumi !<\/p>\n<p>Cine NU, este liber s\u0103 caute \u201es\u0103 dreag\u0103 busuiocul Sistemului\u201d, fiind destina\u0163i dup\u0103 p\u0103rerea noastr\u0103 s\u0103 \u201epl\u0103teasc\u0103 oalele sparte\u201d !<\/p>\n<p>Acest APEL este ULTIMA \u00ceNCERCARE de a canaliza eforturile tuturor, f\u0103r\u0103 niciun fel de discriminare, pentru a ie\u015fi din \u201emocirla\u201d actual\u0103 !!!<\/p>\n<p>Alternativa este perpetuarea unui SISTEM MURIBUND, destinat nu numai \u201earhivierii\u201d, ci \u015fi oprobriului genera\u0163iilor viitoare !<\/p>\n<p>\u201eREFRACTARII\u201d la aceast\u0103 ini\u0163iativ\u0103, vor continua s\u0103 foloseasc\u0103 \u201elimbajul de lemn\u201d al Democra\u0163iei, Libert\u0103\u0163ii, Cre\u015fterii, Globaliz\u0103rii, Profitului, etc. ignor\u00e2nd concepturi ca Dezvoltarea Sustenabil\u0103 \u015fi Economia Etic\u0103.<\/p>\n<p><strong>\u201eFiecare pas\u0103re pre limba ei piere !\u201d zice o zic\u0103toare rom\u00e2neasc\u0103 !<\/strong><\/p>\n<p><strong>\u00cen acest context, \u201eMi\u015fcarea Dacia\u201d propune propriile Principii \u015fi Obiective, pentru a fi DEZB\u0102TUTE :<\/strong><\/p>\n<p><span style=\"text-decoration: underline;\"><strong>\u00cen primul r\u00e2nd s\u0103 vedem : DE CE DACIA ?<\/strong><\/span><\/p>\n<p><strong>A. DACIA<\/strong> este vechiul nume al organiz\u0103rii statale din Spa\u0163iului Carpato-Dun\u0103reano-Pontic, pe vremea c\u00e2nd eram TEMU\u0162I \u015fi RESPECTA\u0162I, \u015fi cum nu permitem nim\u0103nui s\u0103 se \u00eendoiasc\u0103 de CONTINUITATEA NOASTR\u0102 \u00een acest spa\u0163iu, milit\u0103m pentru revenirea la aceast\u0103 denumire, mai ales c\u0103 o concepem \u015fi ca pe un \u201estimulent\u201d pentru RE\u00ceNTREGIREA celor dou\u0103 state rom\u00e2ne\u015fti, \u00eentr-o FEDERA\u0162IE cu acest nume !!!<\/p>\n<p>Noi nu milit\u0103m pentru \u201epuritatea dacic\u0103\u201d, deoarece etnogeneza \u015fi-a f\u0103cut cursul s\u0103u de-a lungul secolelor, dar f\u0103r\u0103 a contamina \u201efondul nostru multimilenar\u201d ! Eu am mai spus cu alte ocazii, c\u0103 p\u00e2n\u0103 \u015fi popula\u0163iile de alte etnii, azi conlocuitoare, ar trebui s\u0103 se m\u00e2ndreasc\u0103 cu apartenen\u0163a la acest SPA\u0162IU PRIMORDIAL, ei \u201em\u00e2nc\u00e2nd \u015fi respir\u00e2nd daci\u201d de sute de ani !!!<\/p>\n<p><strong>B. DACIA<\/strong>, deoarece Principiile \u015fi Obiectivele noastre au ca un fir ro\u015fu, elemente consacrate ca av\u00e2nd origine DACIC\u0102 :<\/p>\n<p><em>a. Ne inspir\u0103m din LEGILE BELAGINE<\/em>, sau Legile Frumoase, sau Legea P\u0103m\u00e2ntului, care au ca principiu de baz\u0103 faptul c\u0103 SUNTEM PARTE INTEGRANT\u0102 A NATURII, deci ne supunem legilor sale, ci nu ST\u00c2P\u0102NI ai acesteia cum se vehiculeaz\u0103 \u00een actuala paradigm\u0103.<\/p>\n<p>Cineva m-a \u00eentrebat despre provenien\u0163a acestor Legi, iar eu r\u0103spund c\u0103 circul\u0103 \u00een limba rom\u00e2n\u0103 \u015fi nu m\u0103 intereseaz\u0103 altceva, a\u015fa cum nu m\u0103 intereseaz\u0103 cine a scris (?) Miori\u0163a, convins fiind c\u0103 \u201eesen\u0163a\u201d este aia, chiar dac\u0103 are &#8230; variante !!! Important pentru noi trebuie s\u0103 fie MESAJUL , ci nu CINE l-a transmis !!!<\/p>\n<p><em>b. SUNTEM STABILI \u015eI CONTINUATIVI<\/em> \u00een acest Spa\u0163iu \u015fi ca atare : &#8211; zicem un NU hot\u0103r\u00e2t cuceririi \u015fi asupririi altora, corespunz\u0103tor principiilor vechilor DACI care nu cuno\u015fteau SCLAVIA !<\/p>\n<p>&#8211; <em>nu suntem SLABI<\/em> cum sus\u0163in al\u0163ii, deoarece altfel nu am fi \u201eo insul\u0103 latin\u0103 \u00eentr-o mare slav\u0103\u201d !<\/p>\n<p>\u00cen ap\u0103rarea IDENTIT\u0102\u0162II NA\u0162IONALE \u015fi a CONTINUIT\u0102\u0162II, un rol hot\u0103r\u00e2tor l-a avut NATURA \u00ceNCONJUR\u0102TOARE (mun\u0163i p\u0103duri nesf\u00e2r\u015fite, c\u00e2mpii m\u0103noase, ape tumultoase, etc&#8230; o adev\u0103rat\u0103 CETATE DE AP\u0102RARE !!!). \u00cen acest context, MIGRATORII VREMELNICI, nu puteau rezista, dec\u00e2t \u00een m\u0103sura \u00een care s-au l\u0103sat asimila\u0163i. A vorbi despre \u201edispari\u0163ia traco-geto-dacilor\u201d, este ridicol, deoarece se vorbe\u015fte despre \u201epoporul cel mai numeros dup\u0103 inzi\u201d \u015fi despre \u201ecei mai viteji \u015fi cinsti\u0163i dintre traci\u201d !!!<\/p>\n<p><em>&#8211; avem o puternic\u0103 IDENTITATE NA\u0162IONAL\u0102<\/em>, format\u0103 pe durata mai multor milenii, elemente ale acesteia reg\u0103sindu-se p\u00e2n\u0103 \u015fi \u00een Cre\u015ftinism, o form\u0103 derivat\u0103 a Zalmoxianismului, prima religie monoteist\u0103 a lumii cunoscute.<\/p>\n<p>De aceea respingem cu t\u0103rie GLOBALIZAREA, ca form\u0103 mascat\u0103 a &#8230; DEZNA\u0162IONALIZ\u0102RII !<\/p>\n<p><strong>C. \u201eNE MUL\u0162UMIM CU PU\u0162IN\u201d<\/strong> este o dovad\u0103 a \u201ebunului sim\u0163\u201d, motiv pentru care milit\u0103m pentru <em><strong>DEZVOLTAREA SUSTENABIL\u0102<\/strong><\/em>, care s\u0103 ne asigure confortul necesar, f\u0103r\u0103 a neglija : EPUIZABILITATEA RESURSELOR, COMBATEREA FUTILULUI, RESPECTAREA NATURII \u00ceNCONJUR\u0102TOARE. Spunem un NU hot\u0103r\u00e2t CONCUREN\u0162EI, \u015fi DA SOLIDARIT\u0102\u0162II SOCIALE, deoarece nimeni nu poate fi fericit, pe seama fericirii altora !!!<\/p>\n<p><strong>D. \u201eAVEM R\u0102D\u0102CINI SPIRITUALE PUTERNICE\u201d<\/strong>, cunoscut\u0103 fiind \u201ecredin\u0163a \u00een Nemurire\u201d a dacilor, de unde rezult\u0103 PRIMORDIALITATEA SPIRITULUI ASUPRA MATERIALULUI, reflectat\u0103 inclusiv de RELIGIOZITATEA poporului rom\u00e2n.<\/p>\n<p><strong>E. \u201eOMUL POTRIVIT LA LOCUL POTRIVIT\u201d<\/strong> este un vechi proverb rom\u00e2nesc, ce a determinat op\u0163iunea noastr\u0103 de a promova exclusiv &#8230; <em><strong>COMPETEN\u0162A<\/strong><\/em> \u00een deciderea soartei Na\u0163iei !<\/p>\n<p><em><strong>Pe baza acestor 5 argumente, Mi\u015fcarea Dacia a elaborat o STRATEGIE pentru GUVERNARE, de implementat pe parcursul a c\u00e2torva zeci de ani, pa\u015fnic, treptat, netraumatic, \u00een str\u00e2ns\u0103 corelare cu CONTEXTUL INTERN \u015eI EXTERN. Astfel noi propunem o serie de m\u0103suri de implementat, dup\u0103 cum urmeaz\u0103 :<\/strong><\/em><\/p>\n<p><span style=\"text-decoration: underline;\"><strong>I. OBIECTIVE ALE POLITICII INTERNE \u015eI INTERNA\u0162IONALE<\/strong><\/span><\/p>\n<p><em><strong>Pe plan extern<\/strong><\/em>, promov\u0103m realizarea unei <em><strong>NOI POLITICI REGIONALE<\/strong><\/em>, de agregare a statelor mici \u015fi mijlocii din zona centro-est european\u0103, \u00eentr-o form\u0103 de PARTENERIAT STRATEGIC, care s\u0103 anuleze \u201epresiunile politice est-vest\u201d. Motiva\u0163ia principal\u0103 a acestei ini\u0163iative, o constituie loca\u0163ia comun\u0103 \u00een spa\u0163iul originar traco-geto-dacic, toate aceste popoare av\u00e2nd o astfel de descenden\u0163\u0103 (mai mare sau mai mic\u0103).<\/p>\n<p>\u00cen ceea ce prive\u015fte <span style=\"text-decoration: underline;\"><strong>Basarabia<\/strong><\/span>, al doilea stat rom\u00e2nesc, propunem realizarea unei FEDERA\u0162II, cu toate consecin\u0163ele ce rezult\u0103 de aici, implic\u00e2nd \u00een acest proces TOATE FOR\u0162ELE POLITICE LOCALE, precum \u015fi \u0163\u0103rile vecine, c\u0103rora trebuie s\u0103 li se dea garan\u0163ii, dar care trebuie s\u0103 \u015fi priceap\u0103 DETERMINAREA NOASTR\u0102 DE A NE RE\u00ceNTREGI !!!<\/p>\n<p>\u00cen ceea ce prive\u015fte<strong> ROM\u00c2NII DIN AFARA GRANI\u0162ELOR<\/strong>, vom promova o politic\u0103 de SUS\u0162INERE A IDENTIT\u0102\u0162II LOR NA\u0162IONALE, cu respectarea suveranit\u0103\u0163ii tuturor statelor \u00een cauz\u0103.<\/p>\n<p>Un alt salt calitativ se va realiza \u00een domeniul <em><strong>TACTICII \u015fi STRATEGIEI de AP\u0102RARE \u015fi PROTEC\u0162IE A TERITORIULUI, CET\u0102\u0162ENILOR \u015eI BUNURILOR<\/strong><\/em> \u00een cadrul c\u0103reia se va insista pe AP\u0102RAREA CIVIL\u0102 a cet\u0103\u0163enilor \u015fi bunurilor \u00een CAZURI DE NECESITATE.<\/p>\n<p>Tot \u00een acest domeniu se va rea\u015feza \u201edoctrina militar\u0103\u201d, ce va exclude folosirea for\u0163elor armate \u00een afara teritoriului na\u0163ional, deoarece a\u015fa impun Principiile noastre.<\/p>\n<p><em><strong>Pe plan intern<\/strong><\/em>, milit\u0103m pentru realizarea unei largi <strong>UNIT\u0102\u0162I NA\u0162IONALE<\/strong>, deci pentru reducerea <strong>z\u00e2zaniei produs\u0103 de partidele politice<\/strong>, animate numai de INTERESE PERSONALE ale liderilor, IDEOLOGII demonstrate ineficiente dac\u0103 nu d\u0103un\u0103toare \u015fi chiar de INTERESE STR\u0102INE, opuse celor na\u0163ionale.<\/p>\n<p>\u00cen acest sens, propunem <strong>SCHIMBAREA MODELULUI ELECTORAL<\/strong>, pe baza principiului c\u0103 <em><strong>\u201efiecare trebuie s\u0103-\u015fi dea cu p\u0103rerea \u00een propriul teritoriu \u015fi domeniu de competen\u0163\u0103\u201d<\/strong><\/em>, pentru a se ajunge la o <em><strong>REPREZENTAN\u0162\u0102<\/strong><\/em>, \u00een care s\u0103 primeze <em><strong>TERITORIALITATEA \u015fi COMPETEN\u0162A<\/strong><\/em>.<\/p>\n<p>\u00cen acest fel, trebuie s\u0103 se ajung\u0103 la desemnarea pentru un interval de 10 ani a organului legislativ unicameral cu numele de <strong>SFATUL \u0162\u0102RII<\/strong> (max. 50 de personalit\u0103\u0163i), care s\u0103 numeasc\u0103 un <strong>DOMNITOR<\/strong> din r\u00e2ndurile sale pentru un unic mandat de 10 ani \u015fi s\u0103 numeasc\u0103 <strong>DREG\u0102TORII<\/strong> pentru administrarea treburilor statului.<\/p>\n<p>\u00cen ceea ce prive\u015fte<strong> TERITORIALITATEA<\/strong>, milit\u0103m pentru <strong>LARGI AUTONOMII LOCALE<\/strong> \u00een toate domeniile vie\u0163ii socio-economice.<\/p>\n<p>Tot pentru o mai bun\u0103 administrare a teritoriului, concepem o <strong>REGIONALIZARE<\/strong> care s\u0103 se realizeze pe baza <em><strong>INTERESELOR COMUNE TERITORIALE (ape, mun\u0163i, resurse, ramuri economice, etc.).<\/strong><\/em><\/p>\n<p>Cum unul din principiile fundamentale ale STRATEGIEI noastre este <strong>DEZVOLTAREA SUSTENABIL\u0102<\/strong> ce implic\u0103 o PROGRAMARE \u015eTIIN\u0162IFIC\u0102 CENTRALIZAT\u0102, milit\u0103m pentru un <strong>STAT PUTERNIC.<\/strong><\/p>\n<p><strong>\u00cen acest scop, conceptul de <em>PROPRIETATE PRIVAT\u0102<\/em> va fi redefinit, fiind subordonat <em>INTERESULUI NA\u0162IONAL.<\/em><\/strong><\/p>\n<p><strong>Toate aceste REFORME vor fi propuse unui REFERENDUM NA\u0162IONAL, dup\u0103 o corect\u0103 informare a popula\u0163iei.<\/strong><\/p>\n<p><span style=\"text-decoration: underline;\"><strong>II. OBIECTIVE SOCIALE<\/strong><\/span><\/p>\n<p><strong>A. S\u0102N\u0102TATE \u015eI EDUCA\u0162IE GRATUITE, EGALE \u015eI STATALE<\/strong>, deoarece a avea un popor educat \u015fi s\u0103n\u0103tos este un OBIECTIV STRATEGIC AL NA\u0162IEI.<\/p>\n<p><strong>B. IMPOZITARE PROGRESIV\u0102 \u015fi GRIL\u0102 DE SALARIZARE<\/strong><\/p>\n<p><strong>C. ELIMINAREA BANILOR DE H\u00c2RTIE<\/strong> \u015fi \u00eenlocuirea lor cu <strong>BANI ELECTRONICI<\/strong>, pentru evitarea oric\u0103ror forme de c\u00e2\u015ftig f\u0103r\u0103 munc\u0103, sau a celor dispropor\u0163ionate.<\/p>\n<p><strong>D. MUNC\u0102 PENTRU TO\u0162I \u015eI&#8230; MAI PU\u0162IN\u0102<\/strong>, fiecare angajator urm\u00e2nd s\u0103 fac\u0103 noi \u00eencadr\u0103ri raportate la Rata \u015eomajului, cu diminuarea corespunz\u0103toare a salariilor.<\/p>\n<p>Aceast\u0103 <em><strong>M\u0102SUR\u0102 DE SOLIDARITATE SOCIAL\u0102<\/strong><\/em>, nu va afecta eficien\u0163a economic\u0103 a intreprinderilor \u015fi va elimina AJUTORUL DE STAT acordat azi cu mult\u0103 u\u015furin\u0163\u0103, de cele mai multe ori unor persoane ne\u00eendrept\u0103\u0163ite. Ajutorul de Stat va r\u0103m\u00e2ne, dar va fi acordat pe baza unor alte criterii \u015fi numai celor ce au motive serioase (copii, b\u0103tr\u00e2ni, handicap, cataclisme).<\/p>\n<p>Munca \u201emai pu\u0163in\u0103\u201d se va realiza mai ales prin <em><strong>ELIMINAREA ACTIVIT\u0102\u0162ILOR FUTILE<\/strong><\/em>, care \u00een momentul actual reprezint\u0103 70% din total (bunuri de lux, bunuri supradimensionate, ambalaje nerefolosibile, bunuri cu durat\u0103 redus\u0103 de exerci\u0163iu, sport pe bani, jocuri de noroc, asigur\u0103ri private, b\u0103nci private, comer\u0163ul \u201ela scar\u0103 mic\u0103\u201d, produc\u0163ia de mijloace de transport ce folosesc combustibili fosili, edili\u0163ie supradimensionat\u0103 \u015fi nerespectoas\u0103 pentru Ambient, infrastructuri supradimensionate determinate de o dezvoltare nesustenabil\u0103, organe media \u201emulte dar proaste\u201d, servicii futile pentru popula\u0163ie, etc.).<\/p>\n<p>Noi detest\u0103m lozinci precum <strong>\u201eora et labora\u201d<\/strong>, deoarece munca trebuie s\u0103 fie numai o modalitate de SATISFACERE A NECESIT\u0102\u0162ILOR VITALE, ci nu o SURS\u0102 DE C\u00c2\u015eTIG PENTRU AL\u0162II DEC\u00c2T CEI CE O PRACTIC\u0102.<\/p>\n<p>MUNCA este \u201eun r\u0103u necesar\u201d \u015fi de aceea trebuie s\u0103 fie PU\u0162IN\u0102, EGAL DISTRIBUIT\u0102, ETIC RETRIBUIT\u0102 \u015eI &#8230; PENTRU TO\u0162I !<\/p>\n<p>MUNCA trebuie s\u0103 fie singura modalitate de asigurare a celor necesare traiului \u015fi cu c\u00e2t va fi \u201emai pu\u0163in\u0103\u201d, cu at\u00e2t vom avea mai mult timp la dispozi\u0163ie pentru educa\u0163ie, cultur\u0103, familie, spirit, natur\u0103, divertisment, etc.<\/p>\n<p>\u00cen acest sens, robotizarea, internetizarea, noile tehnologii avansate \u015fi eco-compatibile, etc., au un mare rol \u00een diminuarea ulterioar\u0103 a timpului dedicat muncii.<\/p>\n<p><strong>E. ADMINISTRAREA TERITORIULUI<\/strong> trebuie delegat\u0103 la nivel local, pun\u00e2ndu-se bazele unei <em><strong>LARGI AUTONOMII LOCALE<\/strong><\/em> \u00een toate domeniile de activitate (<em>economie, educa\u0163ie, s\u0103n\u0103tate, justi\u0163ie, ap\u0103rare \u015fi protec\u0163ie civil\u0103, etc<\/em>.), reglementate sub o COORDONARE CENTRALIZAT\u0102 practicat\u0103 de un STAT PUTERNIC. Este ceea ce noi numim <strong>TRIBALISM.<\/strong><\/p>\n<p>Se vor constitui adev\u0103rate GUVERNE LOCALE, coordonate de GUVERNE REGIONALE, care la r\u00e2ndul lor sunt coordonate de GUVERNUL NA\u0162IONAL.<\/p>\n<p><strong>F. JUSTI\u0162IA<\/strong> va fi reformat\u0103 fundamental prin SIMPLIFICAREA \u015fi ADAPTAREA CODURILOR la legile str\u0103bune (LEGILE BELAGINE), precum \u015fi prin delegarea AC\u0162IUNII JUDEC\u0102TORE\u015eTI \u015fi a GESTION\u0102RII EXECUT\u0102RII PEDEPSELOR&#8230; AUTORIT\u0102\u0162ILOR LOCALE (cu excep\u0163ia cazurilor de interes na\u0163ional).<\/p>\n<p><strong>G. ORGANELE MEDIA<\/strong> vor fi organizate pe DOMENII (informa\u0163ie, cultur\u0103, educa\u0163ie, \u015ftiin\u0163\u0103, divertisment, etc.) \u015fi reduse la un num\u0103r c\u00e2t mai mic cu putin\u0163\u0103, pun\u00e2ndu-se accentul pe CALITATE, MORALITATE \u015fi OBIECTIVITATE.<\/p>\n<p><strong>H. HABITAT<\/strong> este un concept ce trebuie adaptat unei DEZVOLT\u0102RI SUSTENABILE \u015fi trebuie s\u0103 aib\u0103 ca prim obiectiv IMPACTUL ZERO ASUPRA AMBIENTULUI \u015fi INDEPENDEN\u0162A ENERGETIC\u0102.<\/p>\n<p><strong>I. AP\u0102RAREA TERITORIULUI, CET\u0102\u0162ENILOR \u015eI BUNURILOR<\/strong>, \u00een orice CAZ DE NECESITATE (militar, geologic, climatologic, tectonic, nuclear, chimic, biologic, etc.), se va delega AUTORIT\u0102\u0162ILOR LOCALE, sub coordonarea forului imediat superior (regional-na\u0163ional), asigur\u00e2ndu-se \u00eens\u0103 AUTOSUFICIEN\u0162A \u015fi posibilitatea unor AC\u0162IUNI INDEPENDENTE. Preg\u0103tirea specific\u0103 necesar\u0103 acestor activit\u0103\u0163i, va fi asigurat\u0103 de FOR\u0162ELE ARMATE \u015eI DE PROTEC\u0162IE CIVIL\u0102 NA\u0162IONALE, care vor asigura \u015fi LOGISTICA \u015fi MATERIALELE necesare, neidentificate \u00een teritoriu.<\/p>\n<p><strong>J. VERIFICAREA AVERILOR<\/strong>, pentru a se confisca cele ILICITE.<\/p>\n<p><strong>K. O NOU\u0102 LEGE A FAMILIEI<\/strong>, care s\u0103 cosfin\u0163easc\u0103 DREPTURILE \u015eI \u00ceNDATORIRILE P\u0102RINTE\u015eTI \u015fi s\u0103 asigure ECHILIBRUL DEMOGRAFIC.<\/p>\n<p><strong>L. Stimularea revenirii din Diaspora a COMPETEN\u0162ELOR emigrate.<\/strong><\/p>\n<p><span style=\"text-decoration: underline;\"><strong>III. OBIECTIVE \u00ceN PLAN ECONOMICO-FINANCIAR<\/strong><\/span><\/p>\n<p><strong>\u00cen plan ECONOMIC<\/strong>, milit\u0103m pentru o <strong>DEZVOLTARE SUSTENABIL\u0102<\/strong>, care s\u0103 \u0163in\u0103 cont de :<\/p>\n<p><em>&#8211; epuizabilitatea resurselor materiale<\/em><\/p>\n<p><em>&#8211; protejarea AMBIENTULUI NATURAL<\/em><\/p>\n<p><em>&#8211; redob\u00e2ndirea RESURSELOR NA\u0162IONALE MATERIALE \u015eI UMANE.<\/em><\/p>\n<p><em>&#8211; redistribuirea for\u0163ei de munc\u0103 \u00een teritoriu \u00een func\u0163ie de CERIN\u0162E \u015fi OPORTUNIT\u0102\u0162I.<\/em><\/p>\n<p><em>&#8211; promovarea COMER\u0162ULUI ELECTRONIC \u015fi a MARILOR CENTRE DE DISTRIBU\u0162IE.<\/em><\/p>\n<p><em>&#8211; reducerea TRAFICULUI RUTIER \u015fi dezvoltarea \u00een paralel a TRANSPORTULUI ECOLOGIC \u00ceN COMUN.<\/em><\/p>\n<p><em>&#8211; promovarea EDILI\u0162IEI ECO-COMPATIBILE conform unui nou concept de HABITAT.<\/em><\/p>\n<p><em>&#8211; stimularea INDUSTRIEI ECO-COMPATIBILE, pentru producerea de BUNURI DE \u00ceNDELUNGAT\u0102 FOLOSIN\u0162\u0102.<\/em><\/p>\n<p><em>&#8211; stimularea AGRICULTURII BIOLOGICE cu respingerea categoric\u0103 a ORGANISMELOR MODIFICATE GENETIC.<\/em><\/p>\n<p><em>&#8211; reducerea drastic\u0103 a dependen\u0163ei de RESURSE EXTERNE.<\/em><\/p>\n<p><em>&#8211; promovarea SURSELOR ENERGETICE ALTERNATIVE \u015eI CURATE. Un NU hot\u0103r\u00e2t nuclearului \u015fi combustibilului fosil.<\/em><\/p>\n<p><em>&#8211; reducerea cheltuielilor militare \u015fi alocarea de fonduri suplimentare PROTEC\u0162IEI CIVILE a persoanelor \u015fi bunurilor.<\/em><\/p>\n<p><em>&#8211; asumarea CERCET\u0102RII \u015eTIIN\u0162IFICE de c\u0103tre Stat.<\/em><\/p>\n<p><em>&#8211; comer\u0163 interna\u0163ional MARF\u0102 CONTRA MARF\u0102 (troc).<\/em><\/p>\n<p><em>&#8211; un NU hot\u0103r\u00e2t MULTINA\u0162IONALELOR \u015fi GLOBALIZ\u0102RII promovate de acestea.<\/em><\/p>\n<p><strong>\u00cen plan FINANCIAR, milit\u0103m pentru :<\/strong><\/p>\n<p><em>&#8211; anularea DATORIILOR tuturor \u0163\u0103rilor \u015fi punerea bazelor unui nou sistem de colaborare interna\u0163ional\u0103, bazat pe AUTODETERMINAREA STATELOR, pornind de la zero, din situa\u0163ia actual\u0103.<\/em><\/p>\n<p><em>&#8211; desfiin\u0163area B\u0102NCILOR PRIVATE \u015fi na\u015fterea unei UNICE B\u0102NCI NA\u0162IONALE.<\/em><\/p>\n<p><em>&#8211; eliminarea circula\u0163iei \u201ebanilor de h\u00e2rtie\u201d \u015fi \u00eenlocuirea lor cu BANI ELECTRONICI.<\/em><\/p>\n<p><em>&#8211; eliminarea CONVERTIBILIT\u0102\u0162II FLUCTUANTE a monedelor na\u0163ionale<\/em><\/p>\n<p>Desigur c\u0103 aceast\u0103 NOU\u0102 PARADIGM\u0102 nu va fi implementat\u0103 de pe o zi pe alta, ci vor trebui s\u0103 treac\u0103 zeci de ani, pentru o schimbare radical\u0103, \u0163in\u00e2nd cont de conjuncturi \u015fi aspecte noi care vor ap\u0103rea pe parcurs. De aceea noi spunem c\u0103 este un <strong>PROCES ELASTIC.<\/strong><\/p>\n<p>Aceast\u0103 <strong>MARE SCHIMBARE<\/strong> comport\u0103 o <strong>EVOLU\u0162IE<\/strong> \u00een primul r\u00e2nd&#8230; <strong>SPIRITUAL\u0102<\/strong>, care ne poate pune \u00een situa\u0163ia de a ne recupera&#8230; <strong>DEMNITATEA<\/strong> pierdut\u0103 de aproape 2000 de ani !!!<\/p>\n","protected":false},"excerpt":{"rendered":"<p>\u201eMi\u015fcarea Dacia\u201d are ca obiectiv \u00eenc\u0103 de la apari\u0163ia sa \u00een \u201elumea virtual\u0103\u201d, CONVERGEN\u0162A reprezentan\u0163ilor tuturor FOR\u0162ELOR RESPONSABILE ale Na\u0163iei, \u00eentr-un grup care s\u0103 aib\u0103 ca misiune DEFINIREA UNEI NOI PARADIGME SOCIO-ECONOMICE, fiind evident\u0103 profunda CRIZA SISTEMIC\u0102 actual\u0103 ! \u201eMi\u015fcarea Dacia\u201d respinge cu putere IPOCRIZIA PARTIDIC\u0102, manifestat\u0103 prin vehicularea obsesiv\u0103 a unor \u201econcepturi azi golite [&hellip;]<\/p>\n","protected":false},"author":2,"featured_media":0,"comment_status":"open","ping_status":"open","sticky":false,"template":"","format":"standard","meta":{"footnotes":""},"categories":[73],"tags":[119,597,210,765,698,390,70,295,821,520],"jetpack_featured_media_url":"","_links":{"self":[{"href":"https:\/\/bassdu.mine.bz\/index.php?rest_route=\/wp\/v2\/posts\/2118"}],"collection":[{"href":"https:\/\/bassdu.mine.bz\/index.php?rest_route=\/wp\/v2\/posts"}],"about":[{"href":"https:\/\/bassdu.mine.bz\/index.php?rest_route=\/wp\/v2\/types\/post"}],"author":[{"embeddable":true,"href":"https:\/\/bassdu.mine.bz\/index.php?rest_route=\/wp\/v2\/users\/2"}],"replies":[{"embeddable":true,"href":"https:\/\/bassdu.mine.bz\/index.php?rest_route=%2Fwp%2Fv2%2Fcomments&post=2118"}],"version-history":[{"count":2,"href":"https:\/\/bassdu.mine.bz\/index.php?rest_route=\/wp\/v2\/posts\/2118\/revisions"}],"predecessor-version":[{"id":2120,"href":"https:\/\/bassdu.mine.bz\/index.php?rest_route=\/wp\/v2\/posts\/2118\/revisions\/2120"}],"wp:attachment":[{"href":"https:\/\/bassdu.mine.bz\/index.php?rest_route=%2Fwp%2Fv2%2Fmedia&parent=2118"}],"wp:term":[{"taxonomy":"category","embeddable":true,"href":"https:\/\/bassdu.mine.bz\/index.php?rest_route=%2Fwp%2Fv2%2Fcategories&post=2118"},{"taxonomy":"post_tag","embeddable":true,"href":"https:\/\/bassdu.mine.bz\/index.php?rest_route=%2Fwp%2Fv2%2Ftags&post=2118"}],"curies":[{"name":"wp","href":"https:\/\/api.w.org\/{rel}","templated":true}]}}