{"id":2122,"date":"2012-04-09T14:56:48","date_gmt":"2012-04-09T13:56:48","guid":{"rendered":"http:\/\/bassdu.mine.nu\/?p=2122"},"modified":"2012-04-09T14:56:48","modified_gmt":"2012-04-09T13:56:48","slug":"%e2%80%9emiscarea-dacia-si-venus-projectzeitgeist-movement","status":"publish","type":"post","link":"https:\/\/bassdu.mine.bz\/?p=2122","title":{"rendered":"\u201eMi\u015fcarea Dacia\u201d \u015fi &#8230; Venus Project\/Zeitgeist Movement"},"content":{"rendered":"<p>Mul\u0163i au notat pe acest blog, logo-ul \u201eZeitgeist Movement\u201d \u015fi desele referiri la \u201eProiectul Venus\u201d ale d-lui Jacque Fresco.<br \/>\nAceast\u0103 mi\u015fcare este foarte faimoas\u0103 \u00een \u0163\u0103rile \u201edezvoltate\u201d \u015fi chiar \u015fi \u00een Rom\u00e2nia este \u00een mare progres.<br \/>\nM\u0103 simt obligat s\u0103 explic de ce m\u0103 raportez la aceast\u0103 mi\u015fcare, pentru a l\u0103muri eventualele perplexit\u0103\u0163i.<br \/>\nMi\u015fcarea Dacia se declar\u0103 absolut ANTI-GLOBALIZARE, ba chiar NA\u0162IONALIST\u0102, pe c\u00e2nd Mi\u015fcarea Zeitgeist \u015fi Proiectul Venus sunt \u201eproiecte globaliste\u201d.<br \/>\nA\u015fa cum am mai specificat, \u201eMi\u015fcarea Dacia\u201d are numeroase \u201esurse de informa\u0163ie\u201d ( Mi\u015fcarea 5 Stele a lui Beppe Grillo, Economia Spiritual\u0103, Downshifting, WWF, Emergency a lui Gino Strada, \u015f.a.), dar nu-\u015fi asum\u0103 niciuna \u00ceN TOTALITATE, deoarece fiecare are \u201esursa\u201d proprie \u015fi sunt ap\u0103rute \u00een \u201econtexturi\u201d diferite, care nu sunt specifice&#8230; DACIEI.<br \/>\nAstfel, Zeitgeist \u015fi Venus Project, sunt ideate \u00een SUA, care \u00een ciuda faptului c\u0103 este cea mai mare Putere actual\u0103, are o lips\u0103 important\u0103 \u00een compara\u0163ie cu am\u0103r\u00e2\u0163ii de noi : NU ARE O IDENTITATE NA\u0162IONAL\u0102, fiind o na\u0163iune veche de doar 500 de ani, alc\u0103tuit\u0103 printr-un \u201eamestec de na\u0163ii de diverse rase\u201d.<br \/>\nEste evident c\u0103d-l Fresco \u201edoina \u015ftie \u015fi doina c\u00e2nt\u0103\u201d, raport\u00e2ndu-se la aceast\u0103 situa\u0163ie de fapt&#8230; el nu concepe o Lume pe un alt \u201emodel\u201d !<br \/>\nNoi \u00een schimb, apar\u0163inem unei na\u0163ii stabile \u00een teritoriu, cu o mare \u201epersonalitate na\u0163ional\u0103\u201d, format\u0103 pe durata a multe milenii !!! Ba chiar ne-am adus o contribu\u0163ie important\u0103 \u015fi la formarea poporului american, prin emigra\u0163ia propriilor cona\u0163ionali, at\u00e2t la \u00eenceputuri (mai ales din Transilvania asupririi austro-ungare), c\u00e2t \u015fi \u00een \u201eprezentul globalizator\u201d.<br \/>\nPersonal, pot s\u0103 aduc m\u0103rturie despre \u201etrauma dezr\u0103d\u0103cin\u0103rii\u201d promovate de GLOBALIZARE, deoarece \u201emigrarea \u00eentr-un ambient str\u0103in \u015fi deci ostil\u201d, poate aduce \u201eavantaje materiale\u201d, dar cu mari renun\u0163\u0103ri \u00een plan spiritual.<br \/>\nEste adev\u0103rat\u0103 zic\u0103toarea str\u0103bun\u0103 : \u201efie p\u00e2inea c\u00e2t de rea, tot mai bun\u0103-i \u00een \u0163ara ta !\u201d<br \/>\nEste adev\u0103rat c\u0103 nu to\u0163i sufer\u0103 de acest \u201esindrom al dezr\u0103d\u0103cin\u0103rii\u201d, probabil deoarece nu to\u0163i apar\u0163in genetic \u201epopula\u0163iei statornice\u201d \u015fi nu to\u0163i pun mai presus de Materie&#8230; Spiritul !? Cei ce se \u201eintegreaz\u0103 rapid\u201d sunt de fapt&#8230; majoritatea !<br \/>\nF\u0103r\u0103 a fi un frustrat dpdv material, nu am reu\u015fit s\u0103 m\u0103 integrez, ba chiar am devenit mai con\u015ftient de \u201egre\u015feala\u201d f\u0103cut\u0103 !<br \/>\nDe aici rezult\u0103 DIFEREN\u0162A ESEN\u0162IAL\u0102 \u00eentre Mi\u015fcarea Dacia \u015fi Mi\u015fcarea Zeitgeist !<br \/>\nCeea ce este demn de respect \u015fi am preluat \u00een mare m\u0103sur\u0103 de la aceasta, este ANALIZA FACTORILOR CE AU CONDUS LA ACTUALA CRIZ\u0102 SISTEMIC\u0102 \u015fi atitudinea comun\u0103 fa\u0163\u0103 de necesitatea unei DEZVOLT\u0102RI SUSTENABILE&#8230; ceea ce nu este pu\u0163in !<br \/>\n\u015ei noi suntem con\u015ftien\u0163i ca \u015fi d-l Fresco de faptul c\u0103 P\u0103m\u00e2ntul este \u201eo fiin\u0163\u0103 vie\u201d, dar noi credem \u00een acela\u015fi timp c\u0103 aceast\u0103 \u201efiin\u0163\u0103\u201d are&#8230; ORGANE !!!<br \/>\nNoi chiar credem c\u0103 suntem Buricul P\u0103m\u00e2ntului, deoarece exist\u0103 teorii \u015ftiin\u0163ifice pe care noi ni le-am \u00eensu\u015fit, cum c\u0103 suntem poporul cel mai vechi al actualei faze a umanit\u0103\u0163ii. Cine urm\u0103re\u015fte activitatea mea, \u015ftie unde s\u0103 caute \u201eargumentele\u201d.<br \/>\nMen\u0163ionez c\u0103 acest aspect al \u201eidentit\u0103\u0163ii noastre\u201d nu-l impunem nim\u0103nui, a\u015fa cum nu ne l\u0103s\u0103m \u201edu\u015fi de nas\u201d de al\u0163ii, care m\u00e2na\u0163i de interese obiective din punctul lor de vedere, vor s\u0103 ne construiasc\u0103 &#8230; alte identit\u0103\u0163i.<br \/>\nBa mai mult, raport\u00e2ndu-ne la ceea ce este INDUBITABIL cunoscut despre DACIA, am constatat mari \u201epuncte \u00een comun\u201d \u00eentre modelul vechi \u015fi acela pe care-l imagin\u0103m noi&#8230; \u015fi aici, iar invit la materialele mi\u015fc\u0103rii pentru l\u0103muriri suplimentare. Bine\u00een\u0163eles c\u0103 nu o s\u0103 ne apuc\u0103m s\u0103 \u201etrimitem soli la Zalmoxe\u201d, ci doar o s\u0103 \u00eencerc\u0103m s\u0103 \u201erecuper\u0103m ceea ce de bun a fost\u201d, adapt\u00e2nd la contextul actual !<br \/>\nPentru cei ce nu cunosc \u201eVenus Project\u201d se pot l\u0103muri aici :<\/p>\n<p><iframe loading=\"lazy\" src=\"http:\/\/www.youtube.com\/embed\/KphWsnhZ4Ag\" frameborder=\"0\" width=\"560\" height=\"315\"><\/iframe><\/p>\n","protected":false},"excerpt":{"rendered":"<p>Mul\u0163i au notat pe acest blog, logo-ul \u201eZeitgeist Movement\u201d \u015fi desele referiri la \u201eProiectul Venus\u201d ale d-lui Jacque Fresco. Aceast\u0103 mi\u015fcare este foarte faimoas\u0103 \u00een \u0163\u0103rile \u201edezvoltate\u201d \u015fi chiar \u015fi \u00een Rom\u00e2nia este \u00een mare progres. M\u0103 simt obligat s\u0103 explic de ce m\u0103 raportez la aceast\u0103 mi\u015fcare, pentru a l\u0103muri eventualele perplexit\u0103\u0163i. Mi\u015fcarea Dacia [&hellip;]<\/p>\n","protected":false},"author":2,"featured_media":0,"comment_status":"open","ping_status":"open","sticky":false,"template":"","format":"standard","meta":{"footnotes":""},"categories":[73],"tags":[569,824,298,475,60,210,823,61,825,822],"jetpack_featured_media_url":"","_links":{"self":[{"href":"https:\/\/bassdu.mine.bz\/index.php?rest_route=\/wp\/v2\/posts\/2122"}],"collection":[{"href":"https:\/\/bassdu.mine.bz\/index.php?rest_route=\/wp\/v2\/posts"}],"about":[{"href":"https:\/\/bassdu.mine.bz\/index.php?rest_route=\/wp\/v2\/types\/post"}],"author":[{"embeddable":true,"href":"https:\/\/bassdu.mine.bz\/index.php?rest_route=\/wp\/v2\/users\/2"}],"replies":[{"embeddable":true,"href":"https:\/\/bassdu.mine.bz\/index.php?rest_route=%2Fwp%2Fv2%2Fcomments&post=2122"}],"version-history":[{"count":2,"href":"https:\/\/bassdu.mine.bz\/index.php?rest_route=\/wp\/v2\/posts\/2122\/revisions"}],"predecessor-version":[{"id":2124,"href":"https:\/\/bassdu.mine.bz\/index.php?rest_route=\/wp\/v2\/posts\/2122\/revisions\/2124"}],"wp:attachment":[{"href":"https:\/\/bassdu.mine.bz\/index.php?rest_route=%2Fwp%2Fv2%2Fmedia&parent=2122"}],"wp:term":[{"taxonomy":"category","embeddable":true,"href":"https:\/\/bassdu.mine.bz\/index.php?rest_route=%2Fwp%2Fv2%2Fcategories&post=2122"},{"taxonomy":"post_tag","embeddable":true,"href":"https:\/\/bassdu.mine.bz\/index.php?rest_route=%2Fwp%2Fv2%2Ftags&post=2122"}],"curies":[{"name":"wp","href":"https:\/\/api.w.org\/{rel}","templated":true}]}}