{"id":2127,"date":"2012-04-15T12:20:48","date_gmt":"2012-04-15T11:20:48","guid":{"rendered":"http:\/\/bassdu.mine.nu\/?p=2127"},"modified":"2012-04-16T16:45:09","modified_gmt":"2012-04-16T15:45:09","slug":"%e2%80%9emiscarea-dacia-si-conceptul-de-proprietate-privata","status":"publish","type":"post","link":"https:\/\/bassdu.mine.bz\/?p=2127","title":{"rendered":"\u201eMi\u015fcarea Dacia\u201d \u015fi&#8230; conceptul de proprietate privat\u0103"},"content":{"rendered":"<p>Mult\u0103 lume se scandalizeaz\u0103 c\u00e2nd cite\u015fte \u00een<strong> Principiile \u015fi Obiectivele Mi\u015fc\u0103rii Dacia<\/strong> despre \u201eschimbarea conceptului de proprietate privat\u0103\u201d !?<br \/>\nAceast\u0103 \u201eabera\u0163ie\u201d se explic\u0103 prin afirmarea unei \u201erealit\u0103\u0163i simple\u201d, conform c\u0103reia <strong>\u201eomul nu este st\u0103p\u00e2nul ambientului, ci parte component\u0103\u201d.\u00a0<\/strong>De acest adev\u0103r incontestabil, erau con\u015ftien\u0163i \u015fi str\u0103bunii no\u015ftri <strong>DACI<\/strong>, \u00a0numai c\u0103 de 2000 de ani se imposteaz\u0103 alte valori, str\u0103ine Spiritului noastru Na\u0163ional !!!<br \/>\nAcest principiu se afl\u0103 \u015fi la baza op\u0163iunii noastre pentru un <strong>\u201estat puternic\u201d<\/strong>, deoarece acesta este singurul \u201earbitru\u201d ce poate garanta implementarea unei <strong>\u201eNoi Paradigme\u201d<\/strong>, care nou\u0103 nu este, fiind la baza organiz\u0103rii primordiale\/gentilice. Aceast\u0103 \u201eparadigm\u0103 originar\u0103\u201d a fost treptat \u00eenlocuit\u0103 de actuala paradigm\u0103, potrivit c\u0103reia <strong>\u201eomului i se d\u0103 ceva ce nu-i apar\u0163ine, ci c\u0103ruia \u00eei apar\u0163ine\u201d<\/strong>.<br \/>\nPe baza<strong> \u201enoului concept de proprietate privat\u0103\u201d<\/strong>, se pot rezolva toate chestiunile arz\u0103toare la ordinea zilei :<em> problema na\u0163ionalit\u0103\u0163ilor conlocuitoare, a reunific\u0103rii teritoriale, a injusti\u0163iei sociale, a globaliz\u0103rii, a resurselor na\u0163ionale, a rom\u00e2nilor din afara grani\u0163elor, etc.<\/em><br \/>\n\u00cen chestiunea<em><strong> POPULA\u0162IILOR MIGRATOARE<\/strong><\/em> stabilite de-a lungul ultimilor secole \u00een arealul traco-geto-dacic, noi afirm\u0103m c\u0103 nimeni nu este \u201est\u0103p\u00e2n pe teritoriu\u201d, mai ales c\u0103 a fost \u201eocupat militar\u201d. Totodat\u0103, afirm\u0103m c\u0103 \u201epornind noi de la Zero cu o nou\u0103 paradigm\u0103\u201d, nimeni nu poate nega dreptul acestor popula\u0163ii de a tr\u0103i \u015fi men\u0163ine identitatea na\u0163ional\u0103 proprie, respect\u00e2nd \u00eens\u0103 popula\u0163ia majoritar\u0103 local\u0103 \u015fi valorile ei na\u0163ionale \u00een spiritul reciprocit\u0103\u0163ii \u015fi al BUNULUI SIM\u0162 !<br \/>\nTot a\u015fa \u00een problema<em><strong> REUNIFIC\u0102RII<\/strong><\/em> celor dou\u0103 state rom\u00e2ne\u015fti, unde trebuie s\u0103 primeze \u201eunitatea spiritual\u0103\u201d, ci nu \u201ematerialitatea teritorial\u0103\u201d !<br \/>\n\u00cen chestiunea<em><strong> ROM\u00c2NILOR DIN AFARA GRANI\u0162ELOR ACTUALE<\/strong><\/em>, cerem vecinilor no\u015ftri \u00een cadrul unei<strong> \u201enoi politici regionale\u201d<\/strong>, adoptarea acelora\u015fi principii expuse mai sus.<br \/>\n\u00cen chestiunea<em><strong> GLOBALIZ\u0102RII<\/strong><\/em> \u015fi legat de aceasta aceea a<em><strong> \u201eresurselor na\u0163ionale\u201d<\/strong><\/em>, nu mai este necesar s\u0103 justific\u0103m \u201e\u00eencompatibilitatea cras\u0103\u201d a acesteia cu Principiile \u015fi Obiectivele noastre !!!<br \/>\nPe planul<em><strong> JUSTI\u0162IEI SOCIALE<\/strong><\/em>, nimeni nu este \u00eendrept\u0103\u0163it conform Noii Paradigme, de a PROFITA de pe urma altora ! Pornind de la acest nou concept, Statul Puternic trebuie s\u0103 gestioneze \u201eechilibrul social\u201d, exclusiv pe baza criteriilor de <em><strong>COMPETEN\u0162\u0102 \u015fi RESPONSABILITATE<\/strong><\/em>, ci nu pe principii IDEOLOGICE, sau \u201ede parte\u201d !<br \/>\nAcest nou concept, se poate rezuma prin cuvintele :<strong> \u201enimeni nu poate dispune de ceva ce nu-i apar\u0163ine, f\u0103r\u0103 a \u0163ine cont de INTERESUL NA\u0162IONAL\u201d !!!<\/strong><br \/>\nSe vor ridica voci care s\u0103 decreteze c\u0103 acesta este COMUNISM !?<br \/>\nNimic mai fals : COMUNISMUL prop\u0103v\u0103duia <em>\u201edictatura unei p\u0103turi sociale majoritare asupra celorlal\u0163i \u015fi PROPRIETATEA COMUN\u0102\u201d. <\/em><br \/>\nNoi neg\u0103m \u201eproprietatea \u00een sine\u201d, deoarece actualul concept de \u201eproprietate\u201d, include no\u0163iunile de \u201est\u0103p\u00e2n\u201d \u015fi aceea de \u201esclav\u201d, ori noi nu suntem st\u0103p\u00e2ni pe nimic, \u201el\u0103s\u00e2nd totul AICI\u201d&#8230; care AICI este&#8230; ETERN !!!<br \/>\n\u00cen ceea ce prive\u015fte DICTATURA, singura DICTATUR\u0102 trebuie s\u0103 fie aceea a <strong>LEGILOR NATURALE<\/strong>, pe care noi am numit-o&#8230;<strong> DICTATURA BUNULUI SIM\u0162 !<\/strong><br \/>\n<em><strong>Iat\u0103 cum se \u00eencadreaz\u0103 SCHIMBAREA CONCEPTULUI DE PROPRIETATE PRIVAT\u0102 \u00een NOUA PARADIGM\u0102 proiectat\u0103 de MI\u015eCAREA DACIA ! <\/strong><\/em><\/p>\n","protected":false},"excerpt":{"rendered":"<p>Mult\u0103 lume se scandalizeaz\u0103 c\u00e2nd cite\u015fte \u00een Principiile \u015fi Obiectivele Mi\u015fc\u0103rii Dacia despre \u201eschimbarea conceptului de proprietate privat\u0103\u201d !? Aceast\u0103 \u201eabera\u0163ie\u201d se explic\u0103 prin afirmarea unei \u201erealit\u0103\u0163i simple\u201d, conform c\u0103reia \u201eomul nu este st\u0103p\u00e2nul ambientului, ci parte component\u0103\u201d.\u00a0De acest adev\u0103r incontestabil, erau con\u015ftien\u0163i \u015fi str\u0103bunii no\u015ftri DACI, \u00a0numai c\u0103 de 2000 de ani se imposteaz\u0103 [&hellip;]<\/p>\n","protected":false},"author":2,"featured_media":0,"comment_status":"open","ping_status":"open","sticky":false,"template":"","format":"standard","meta":{"footnotes":""},"categories":[73],"tags":[210,826,827],"jetpack_featured_media_url":"","_links":{"self":[{"href":"https:\/\/bassdu.mine.bz\/index.php?rest_route=\/wp\/v2\/posts\/2127"}],"collection":[{"href":"https:\/\/bassdu.mine.bz\/index.php?rest_route=\/wp\/v2\/posts"}],"about":[{"href":"https:\/\/bassdu.mine.bz\/index.php?rest_route=\/wp\/v2\/types\/post"}],"author":[{"embeddable":true,"href":"https:\/\/bassdu.mine.bz\/index.php?rest_route=\/wp\/v2\/users\/2"}],"replies":[{"embeddable":true,"href":"https:\/\/bassdu.mine.bz\/index.php?rest_route=%2Fwp%2Fv2%2Fcomments&post=2127"}],"version-history":[{"count":3,"href":"https:\/\/bassdu.mine.bz\/index.php?rest_route=\/wp\/v2\/posts\/2127\/revisions"}],"predecessor-version":[{"id":2129,"href":"https:\/\/bassdu.mine.bz\/index.php?rest_route=\/wp\/v2\/posts\/2127\/revisions\/2129"}],"wp:attachment":[{"href":"https:\/\/bassdu.mine.bz\/index.php?rest_route=%2Fwp%2Fv2%2Fmedia&parent=2127"}],"wp:term":[{"taxonomy":"category","embeddable":true,"href":"https:\/\/bassdu.mine.bz\/index.php?rest_route=%2Fwp%2Fv2%2Fcategories&post=2127"},{"taxonomy":"post_tag","embeddable":true,"href":"https:\/\/bassdu.mine.bz\/index.php?rest_route=%2Fwp%2Fv2%2Ftags&post=2127"}],"curies":[{"name":"wp","href":"https:\/\/api.w.org\/{rel}","templated":true}]}}