{"id":2136,"date":"2012-04-22T22:01:07","date_gmt":"2012-04-22T21:01:07","guid":{"rendered":"http:\/\/bassdu.mine.nu\/?p=2136"},"modified":"2012-04-26T20:29:24","modified_gmt":"2012-04-26T19:29:24","slug":"%e2%80%9eistoricii-lui-peste","status":"publish","type":"post","link":"https:\/\/bassdu.mine.bz\/?p=2136","title":{"rendered":"\u201eIstoricii lui Pe\u015fte\u201d"},"content":{"rendered":"<p>De\u015fi eu m\u0103 ocup de politic\u0103 \u015fi nu sunt un \u201eistoric cu patalama\u201d, am suficiente argumente ca s\u0103 combat oameni precum un oarecare Radu Oltean, istoric al artei (deci nu istoric propriu-zis), autor al unui articol ( http:\/\/art-historia.blogspot.it\/2011\/06\/despre-pileus-si-boneta-frigiana.html ), la care am \u201er\u0103spuns\u201d cu materialul video de mai jos, \u015fi asupra c\u0103ruia revin azi cu \u201enout\u0103\u0163i\u201d, not\u00e2nd eu c\u0103 individul nu a priceput nimic, iar \u00een jurul s\u0103u graviteaz\u0103 diver\u015fi \u201eistorici ai lui pe\u015fte\u201d ale c\u0103r\u0103r \u201eperle\u201d le conserv&#8230; cine \u015ftie c\u00e2nd o s\u0103 le pun pe mas\u0103 !?<\/p>\n<p><iframe loading=\"lazy\" src=\"http:\/\/player.vimeo.com\/video\/19619887?title=0&amp;byline=0&amp;portrait=0\" frameborder=\"0\" width=\"400\" height=\"220\"><\/iframe><br \/>\n&#8230;&#8230;&#8230;&#8230;&#8230;&#8230;&#8230;&#8230;&#8230;&#8230;&#8230;&#8230;&#8230;&#8230;&#8230;.<br \/>\n<strong>Radu Oltean<\/strong> : <em>\u201eNu e trist ca istoria stramosilor e scrisa de carturari straini. Despre celti si gali, tot de la romani stim. Nu amesteca neoliticul cu getii si dacii. Nu ai idee ce mult inseamna 1000 de ani. Iar intre de Ganditorul de la Hamangia si Decebal sunt 3000 de ani diferenta. Timp in care au disparut popoare si au aparut altele, complet diferite. Istoria nu e asa simplista. Agricultura nu a aparut in zona Balcani-Carpati ci in Anatolia (Turcia). E drept ca foarte curand (zeci de ani) s-a raspandit si pe aici.\u201d<\/em><\/p>\n<p><strong>r\u0103spuns \u0162eav\u0103 Gh<\/strong>.: Ce vorbe\u015fti domnule ???&#8230; dumneata nu \u015ftii c\u0103 \u201enimic nu se creaz\u0103 \u015fi nimic nu dispare, ci totul se transform\u0103\u201d ??? P\u0103i grecii importau cereale din zona dun\u0103rean\u0103, ci nu din Anatolia&#8230; o zic ei&#8230; c\u0103 de aia \u015fi-au \u201epus piciorul\u201d \u00een Dobrogea. Chestia cu \u201edispari\u0163ia popoarelor acum mii de ani s-ar putea explica prin existen\u0163a TAROM-ului \u015fi ATLASSIB-ului, sau a \u201eexporturilor de democra\u0163ie\u201d sub pav\u0103za armelor de distruc\u0163ie \u00een mas\u0103&#8230; care nu se \u201einventaser\u0103\u201d \u00eenc\u0103 !?&#8230; pe vremea aia, cu greu se dep\u0103rta unul cu mai mult de c\u00e2\u0163iva km de ograda sa; p\u00e2n\u0103 de cur\u00e2nd, erau milioane de oameni care \u201enu v\u0103zuser\u0103 trenul\u201d, sau nu \u015ftiau ce-i aia \u201eora\u015f\u201d !?<\/p>\n<p><strong>Radu Oltean<\/strong> :<em> \u201eJordanes ii &#8220;confunda&#8221; intentionat pe goti cu geti, din motive politice. Pe vremea lui getii disparusera, dar ramasesera in legenda iar tipul a speculat asta.\u201d<\/em><\/p>\n<p><strong>r\u0103spuns \u0162eav\u0103 Gh<\/strong>.: Uite domnule c\u0103 s-a descoperit c\u0103 au disp\u0103rut ge\u0163ii \u00een c\u00e2\u0163iva ani !?!? &#8230; vre\u0163i s\u0103 ne lumina\u0163i \u015fi pe noi cum de a\u0163i ajuns la aceast\u0103 concluzie ??? &#8230; vreun virus ceva ? &#8230; vreo arm\u0103 de distruc\u0163ie \u00een mas\u0103 ? P\u0103i domnule drag\u0103, spa\u0163iul carpato-dun\u0103reano-pontic era (mai ales \u00een trecutul rememorat) \u015fi este (\u00eenc\u0103) o FORT\u0102REA\u0162\u0102 NATURAL\u0102, cu piscuri prea seme\u0163e pentru \u201eoamenii de c\u00e2mpie\u201d, cu p\u0103duri prea dese pentru \u201eveni\u0163ii din stepe \u015fi de\u015ferturi\u201d, cu ape prea dese \u015fi tumultoase pentru \u201ec\u0103ru\u0163a\u015fi migratori\u201d. Dumneata nu ai auzit c\u0103 \u201erum\u00e2nu-i frate cu Codrul\u201d ? P\u0103i \u201eho\u0163ul\u201d vine , fur\u0103 \u015fi&#8230; pleac\u0103, deoarece bunurile se produc cu osteneal\u0103 \u015fi asta ar fi fost o noutate pentru ei &#8230; \u015fi atunci&#8230; \u201ela drum, c\u0103 aici am luat tot !\u201d. Dup\u0103 aia, cobora traco-geto-dacul din munte, sau ie\u015fea din codru \u015fi se apuca s\u0103 \u201eproduc\u0103\u201d din nou, p\u00e2n\u0103 veneau al\u0163ii, \u015f.a.m.d. Pe l\u0103ng\u0103 asta, dac\u0103 Jordanes se m\u00e2ndrea cu \u201edescenden\u0163a getic\u0103\u201d, \u00eenseamn\u0103 c\u0103 avea \u015fi motive, nu ??? &#8230; deci ge\u0163ii nu erau chiar a\u015fa \u201es\u0103lbatici\u201d cum \u00eei descrii dumneata \u015fi prietenii dumitale. De altfel <strong>Coiful de aur de la Co\u0163ofene\u015fti \u015fi tonele de aur duse la Roma<\/strong> (<em>care erau desigur bijuterii, ci nu lingouri<\/em>) , ne zic altceva !?. Cu tot aurul furat de romani, austro-ungari, ru\u015fi, turci, \u015f.a., \u00eenc\u0103 se mai g\u0103sesc <strong>comori dacice<\/strong> (<em>vezi br\u0103\u0163\u0103rile<\/em>), iar pre\u0163ul <strong>cosonilor<\/strong> pe pia\u0163\u0103 a \u201ec\u0103zut\u201d, datorit\u0103 abundan\u0163ei !?!? Dumneavoastr\u0103 sus\u0163inea\u0163i undeva, c\u0103 nu traco-geto-dacii prelucrau aurul, deoarece nu \u015ftiau !?!?&#8230;<em> domnule , eu nu \u015ftiu ce fumezi, dar nu-\u0163i face bine !!!<\/em><\/p>\n<p><strong>Radu Oltean<\/strong> :<em> \u201edaca gotii au traversat Dacia (dar si alte tari), iar unii dintre ei au ajuns sa aiba importante functii in Italia, nu inseamna ca erau obsedati de daci. Precum am aratat in articol, nu doar in acel mozaic magii sunt prezentati ca niste satrapi persani ci in toate reprezentarile de epoca. Era o icoana standard care se folosea deja de mult timp in tot imperiul roman. De ce sa o fi schimbat crestinii doar fiindca Teodoric cel mare era got iar stramosii lui trecusera odinioara prin Dacia??????\u201d<\/em><\/p>\n<p><strong>r\u0103spuns \u0162eav\u0103 Gh<\/strong>.: P\u0103i domnule drag\u0103, <strong>Theodoric cel Mare<\/strong> nu a avut o \u201efunc\u0163ie\u201d oarecare, a fost \u00ceMP\u0102RAT domnule (ca al\u0163i 9 \u00eemp\u0103ra\u0163i traco-geto-daci), adic\u0103 i-a b\u0103tut de le-a sunat apa \u00een cap pe \u201ecivilizatorii\u201d \u0103ia de romani &#8230; conform \u201eblestemului lui Decebal\u201d!&#8230; Theodoric cel Mare nici nu \u015ftia de existen\u0163a per\u015filor \u00een sec V d.C. !!! Ba arhitectura bisericilor construite de el, nu are nimic \u00een comun cu cea roman\u0103 (c\u0103 cic\u0103 te pricepi la istoria artei !?)&#8230; \u00een schimb <strong>Wulfilla<\/strong> a plecat cu <em>alfabetul gotic<\/em> de la&#8230; Dun\u0103re !!! &#8230; de unde ai scos-o c\u0103 per\u015fii purtau <strong>pileus<\/strong> ??? &#8230; poate tracii\/par\u0163ii din Anatolia, care tot \u201ela R\u0103s\u0103rit\u201d de Palestina tr\u0103iau \u015fi care erau \u201efra\u0163i de s\u00e2nge\u201d cu geto-dacii (<em>vezi Arcul lui Septimius Severus din Roma<\/em>) !?&#8230; ca s\u0103 vezi c\u0103 nu sunt \u201edacomaniac\u201d !<\/p>\n<p><strong>Radu Oltean<\/strong> :<em> \u201eIn problema femeilor care ii aduc omagiu lui Isus pornesti de la o premisa falsa (nu-s mironosite, apropo). Ca e musai ca acel mozaic sa aiba legatura cu spatiul nostru si Dacia. Ca e musai ca stramosii nostrii de acu 1500 ani se imbracau la fel sau ff asemanator cu cei de azi&#8230;Nimic mai fals.<\/em><br \/>\n<em> Ideea e ca acele femei sunt imbracate dupa traditia romana tarzie-bizantina! Din acele tipuri de vesminte vor evolua dupa anul 1000 alte tipuri de mode feminine care acelea la randul lor vor influenta moda populara din zona Balcanilor (incl Serbia si Bulgaria). Dar asta se va intampla tarziu, dupa sec 13. Mai ales vesmintele imperiale, de imparati si imparatese pe care taranii le vor vedea in bisericile medievale ortodoxe(=cu picturi in stil bizantin) vor influenta costumul popular. SI NU INVERS&#8230; ADICA MODA POPULARA DACICA SA INFLUENTEZE PE CEA ITALO-BIZANTINA!!!!\u201d<\/em><\/p>\n<p><strong>r\u0103spuns \u0162eav\u0103 Gh<\/strong>.: Domnule, dup\u0103 felul cum vorbe\u015fti despre MOD\u0102, se vede c\u0103 nu cite\u015fti ce trebuie ! Chiar \u015fi pe vremea etruscilor, \u00eenc\u0103l\u0163\u0103mintea LA MOD\u0102 \u00een Peninsul\u0103 erau&#8230; opincile (informeaz\u0103-te) ! P\u0103i crezi dumneata c\u0103 pe vremurile alea se uita cineva s\u0103 vad\u0103 cum sunt \u00eembr\u0103ca\u0163i \u00eemp\u0103ra\u0163ii ? &#8230; p\u0103i cine-i vedea ? &#8230; nu erau televiziuni \u015fi jurnale de mod\u0103 pe atunci !!! Dac\u0103 nu-s mironosi\u0163e, ce sunt domnule, c\u0103 am \u00een\u0163eles c\u0103 e\u015fti ateu-agnostic !? &#8230; nu \u0163i se pare exagerat ca moda din Roma s\u0103 influen\u0163eze \u00een sec al-V-lea pe cea bizantin\u0103 (ba chiar \u015fi pe cea s\u00e2rb\u0103 \u015fi bulgar\u0103 !?!?!?), c\u00e2nd se destr\u0103mase de mult \u201einfluen\u0163a pe direc\u0163ia V-E \u00eentre aceste dou\u0103 arealuri\u201d (dup\u0103 traco-geto-dacul Constantin) \u00eenlocuit\u0103 fiind de una E-V ??? \u015ei pe urm\u0103, ca s\u0103 vorbe\u015fti de \u201etradi\u0163ia t\u00e2rzie bizantin\u0103\u201d \u00een sec al V-lea, mi se pare c\u0103 gre\u015fi\u0163i cu vreo&#8230; mie de ani !&#8230; pu\u0163in\u0103 logic\u0103 domnule ISTORIC al ARTEI ! &#8230; nu v\u0103 asuma\u0163i competen\u0163e numai pe primul cuv\u00e2nt !<br \/>\n&#8230;&#8230;&#8230;&#8230;&#8230;&#8230;&#8230;&#8230;&#8230;&#8230;&#8230;&#8230;.<\/p>\n<p><strong>CONCLUZIE :<\/strong><\/p>\n<p><em><strong>Geto-dacii erau cei mai viteji \u015fi cinsti\u0163i dintre to\u0163i tracii, care traci erau poporul cel mai numeros din Europa, iar urma\u015fii acestora suntem noi !<\/strong><\/em><br \/>\n<em><strong> Asta este ESEN\u0162A ce ne intereseaz\u0103 !<\/strong><\/em><br \/>\n\u00cen \u00eencheiere, atrag aten\u0163ia c\u0103 voi folosi orice argument pentru demolarea \u201edemolatorilor dacologiei\u201d, deoarece sunt adev\u0103ra\u0163i du\u015fmani ai Neamului, care neag\u0103 (mai mult sau mai pu\u0163in voalat) <strong>CONTINUITATEA<\/strong> noastr\u0103, f\u0103c\u00e2nd jocul du\u015fmanilor care ne \u00eenconjoar\u0103 pe toate p\u0103r\u0163ile !<br \/>\nAce\u015ftia nu se dau \u00een l\u0103turi de a \u201easimila for\u0163at\u201d pe fra\u0163ii no\u015ftri (am demonstrat acest lucru) \u015fi de a ne considera \u201efiii nim\u0103nui\u201d. A se vedea situa\u0163ia de jur \u00eemprejurul Rom\u00e2niei, \u00een leg\u0103tur\u0103 cu care, istoricii no\u015ftri \u201ecu patalama\u201d &#8230;tac m\u00e2lc !!!<br \/>\nO alt\u0103 acuza\u0163ie GRATUIT\u0102 ce se aduce \u201edacomaniacilor\u201d, este aceea de &#8230;<strong> NA\u0162IONALISM<\/strong> !?<br \/>\nEste adev\u0103rat c\u0103 sunt \u015fi \u201ena\u0163ionali\u015fti extremi\u015fti\u201d, dar ace\u015ftia (culmea ridicolului) fac referin\u0163\u0103 la &#8230; LEGIUNI, ceea ce demonstreaz\u0103 grave lacune istorice.<br \/>\nEu m\u0103 m\u00e2ndresc de a fi na\u0163ionalist, dar unul care acord\u0103 acela\u015fi drept TUTUROR NA\u0162IONALIT\u0102\u0162ILOR, deoarece \u201econservarea propriei Identit\u0103\u0163i Na\u0163ionale\u201d nu este un \u201eextremism\u201d , ci o dovad\u0103 de&#8230; bun sim\u0163 !<\/p>\n<p>Acesta este un PRINCIPIU al mi\u015fc\u0103rii pe care am ini\u0163iat-o \u015fi cu toate astea, s-au g\u0103sit diver\u015fi \u201epulifrici\u201d s\u0103 m\u0103 acuze de&#8230; fascism !?<br \/>\nM\u0103 \u00eentreb de ce nimeni nu sesizeaz\u0103 na\u0163ionalismul altora, ce-\u015fi men\u0163in Identitatea Na\u0163ional\u0103, chiar \u015fi \u00een lipsa unui propriu teritoriu pentru multe secole ? To\u0163i ace\u015fti \u201eanti-na\u0163ionali\u015fti\u201d se revolt\u0103 dac\u0103 unul demasc\u0103 \u201eagresivitatea\u201d statului Israel (deci nu a poporului izraelit !) posesor \u201enedeclarat oficial\u201d de arme nucleare, dar uit\u0103 sistematic de a trata nenum\u0103ratele \u201eholocausturi\u201d ale poporului nostru,\u00eencep\u00e2nd cu cel roman \u015fi continu\u00e2nd cu cel maghiar \u015fi slav.<br \/>\nReamintesc acestor \u201eistorici p\u00e2r\u00e2\u0163i\u201d, c\u0103 <strong>Istoria<\/strong> este un mijloc de <strong>MANIPULARE<\/strong>, iar ei sunt \u201ec\u0103zu\u0163i ca fazanii\u201d \u00een capcana altora !<br \/>\nLe reamintesc de asemenea c\u0103 Istoria este un mijloc de cultivare a <strong>PATRIOTISMULUI \u015fi AUTO-STIMEI<\/strong>, iar ac\u0163iunile lor actuale, sunt menite (cu voie sau f\u0103r\u0103 voie) s\u0103 cultive<strong> LIPSA DE \u00ceNCREDERE<\/strong> \u00eentr-un <strong>Viitor<\/strong> divers de cel ce<strong> \u201ene este rezervat de actualul Sistem\u201d !!!<\/strong><\/p>\n<p>Acela\u015fi discurs este valabil pentru <strong>\u201elingvi\u015ftii cu patalama\u201d<\/strong> ce au scris <strong>Dic\u0163ionarele Limbii Rom\u00e2ne<\/strong>, c\u0103ut\u00e2nd similitudini printre vecini ! (vezi materialele video de la mi\u015fcare apropos de lingvistic\u0103)<br \/>\nAce\u015ftia nu au aflat \u00eenc\u0103 de \u201emoartea indo-europeismului\u201d \u015fi na\u015fterea \u201eeuro-indismului\u201d, concept afirmat pentru prima oar\u0103 de marele<strong> Nicolae Densu\u015fianu<\/strong> !?<br \/>\n<em>Dau un exemplu personal asupra acestei eviden\u0163e :<\/em><br \/>\nEu tr\u0103iesc \u00een Italia \u015fi pentru mul\u0163i ani, italienii \u00eemi atribuiau \u00een totalitate origini sarde, datorit\u0103 inflexiunilor rom\u00e2ne\u015fti, asem\u0103n\u0103toare celor specifice popula\u0163iei sarde. Ce citim despre locuitorii Sardiniei ? &#8230; c\u0103 erau vorbitori de o \u201elimb\u0103 pre-indo-european\u0103\u201d, a\u015fa cum este considerat\u0103 \u015fi limba vechilor etrusci, care \u201eau fost elementul predominant al civiliza\u0163iei peninsulei italice\u201d p\u00e2n\u0103 \u00een sec al IV-lea \u00ee.C.<br \/>\nMarele Densu\u015fianu, urmat de al\u0163ii, a constatat c\u0103 limba rom\u00e2neasc\u0103 actual\u0103 are multe caracteristici comune cu limba sarzilor, corsicanilor, re\u0163ilor (mocanii Alpilor) \u015fi bascilor.<br \/>\nNu cumva \u015fi limba noastr\u0103 este \u201epre-indo-european\u0103\u201d, adic\u0103&#8230; \u201eeuro-indic\u0103\u201d ???<\/p>\n<p>Acestui Radu Olteanu, care nu este un istoric, dar care \u00ee\u015fi permite s\u0103 judece un Densu\u015fianu, numindu-l \u201eun ramolit\u201d, \u00eei atrag aten\u0163ia c\u0103 marele istoric a scris <strong>\u201eDacia Preistoric\u0103\u201d<\/strong> la finele unei cariere \u015ftiin\u0163ifice de excep\u0163ie, recunoscut\u0103 de mare parte dintre contemporanii s\u0103i ! Ba mai mult, cercet\u0103ri istorice ulterioare (Marija Gimbutas, Universit\u0103\u0163i precum cele din Cambridge \u015fi SUA,etc.) \u00eencep s\u0103 acrediteze teoriile acestuia !<br \/>\nUnul care s-a oferit drept consultant \u00een probleme de <strong>DACOLOGIE<\/strong> (?), unui \u00eendr\u0103gostit de trecutul nostru istoric inten\u0163ionat s\u0103 produc\u0103 chiar un film, ar trebui s\u0103 mediteze la fulgerul ce a curmat via\u0163a acestui nevinovat \u00een mun\u0163ii Or\u0103\u015ftiei ! &#8230; eu nu sunt supersti\u0163ios, dar dac\u0103 &#8230;!? Din p\u0103cate (se spune pe la noi)&#8230; Dumnezeu \u00eei ia la el pe cei buni \u015fi ni-i las\u0103 pe cei ce ne supun la \u201ecazne\u201d, ca s\u0103 ne pun\u0103 credin\u0163a la \u00eencercare !<br \/>\n<strong>TACI d-le Radu Oltean, sau ocup\u0103-te de ceea ce \u015ftii \u015fi las\u0103-ne pe noi \u201e\u00een durerea noastr\u0103\u201d !!!<\/strong><\/p>\n","protected":false},"excerpt":{"rendered":"<p>De\u015fi eu m\u0103 ocup de politic\u0103 \u015fi nu sunt un \u201eistoric cu patalama\u201d, am suficiente argumente ca s\u0103 combat oameni precum un oarecare Radu Oltean, istoric al artei (deci nu istoric propriu-zis), autor al unui articol ( http:\/\/art-historia.blogspot.it\/2011\/06\/despre-pileus-si-boneta-frigiana.html ), la care am \u201er\u0103spuns\u201d cu materialul video de mai jos, \u015fi asupra c\u0103ruia revin azi cu [&hellip;]<\/p>\n","protected":false},"author":2,"featured_media":0,"comment_status":"open","ping_status":"open","sticky":false,"template":"","format":"standard","meta":{"footnotes":""},"categories":[3],"tags":[568,421,409,210,151,833,551,763],"jetpack_featured_media_url":"","_links":{"self":[{"href":"https:\/\/bassdu.mine.bz\/index.php?rest_route=\/wp\/v2\/posts\/2136"}],"collection":[{"href":"https:\/\/bassdu.mine.bz\/index.php?rest_route=\/wp\/v2\/posts"}],"about":[{"href":"https:\/\/bassdu.mine.bz\/index.php?rest_route=\/wp\/v2\/types\/post"}],"author":[{"embeddable":true,"href":"https:\/\/bassdu.mine.bz\/index.php?rest_route=\/wp\/v2\/users\/2"}],"replies":[{"embeddable":true,"href":"https:\/\/bassdu.mine.bz\/index.php?rest_route=%2Fwp%2Fv2%2Fcomments&post=2136"}],"version-history":[{"count":3,"href":"https:\/\/bassdu.mine.bz\/index.php?rest_route=\/wp\/v2\/posts\/2136\/revisions"}],"predecessor-version":[{"id":2140,"href":"https:\/\/bassdu.mine.bz\/index.php?rest_route=\/wp\/v2\/posts\/2136\/revisions\/2140"}],"wp:attachment":[{"href":"https:\/\/bassdu.mine.bz\/index.php?rest_route=%2Fwp%2Fv2%2Fmedia&parent=2136"}],"wp:term":[{"taxonomy":"category","embeddable":true,"href":"https:\/\/bassdu.mine.bz\/index.php?rest_route=%2Fwp%2Fv2%2Fcategories&post=2136"},{"taxonomy":"post_tag","embeddable":true,"href":"https:\/\/bassdu.mine.bz\/index.php?rest_route=%2Fwp%2Fv2%2Ftags&post=2136"}],"curies":[{"name":"wp","href":"https:\/\/api.w.org\/{rel}","templated":true}]}}