{"id":2141,"date":"2012-04-27T21:34:11","date_gmt":"2012-04-27T20:34:11","guid":{"rendered":"http:\/\/bassdu.mine.nu\/?p=2141"},"modified":"2012-04-27T21:34:11","modified_gmt":"2012-04-27T20:34:11","slug":"mesaj-din-partea-consiliului-unirii","status":"publish","type":"post","link":"https:\/\/bassdu.mine.bz\/?p=2141","title":{"rendered":"Mesaj din partea Consiliului Unirii"},"content":{"rendered":"<p>&nbsp;<\/p>\n<p>Mi\u015fcarea Dacia sprijin\u0103 Consiliul Unirii \u015fi \u201eAc\u0163iunea 2012\u201d !!!<\/p>\n<p>Iat\u0103 mesajul Consiliului Unirii :<\/p>\n<p>&nbsp;<\/p>\n<p>\u201eDragi prieteni \u2013 membri ai Consiliului Unirii, reprezentanti ai presei de pe ambele maluri de Prut,<\/p>\n<p>Membrii Consiliului Unirii va anunta ca una dintre actiunile importante din ultima saptamina desfasurata de Consiliul Unirii a fost o conferinta de presa oferita la Bucuresti, in incinta Hanului Manuc. Va trimitem doua linkuri cu articole despre conferinta de presa de la Bucuresti.<\/p>\n<p><a href=\"http:\/\/www.consiliul-unirii.ro\/2012\/04\/22\/participantii-despre-conferinta-consiliului-unirii-de-la-bucuresti\/\">http:\/\/www.consiliul-unirii.ro\/2012\/04\/22\/participantii-despre-conferinta-consiliului-unirii-de-la-bucuresti\/<\/a><\/p>\n<p><a href=\"http:\/\/www.consiliul-unirii.ro\/2012\/04\/24\/consiliul-unirii-la-bucuresti-mai-mult-decit-o-conferinta-de-presa-exemple-video-de-demnitate-cu-m-druc-v-craciun-gen-mircea-chelaru\/\">http:\/\/www.consiliul-unirii.ro\/2012\/04\/24\/consiliul-unirii-la-bucuresti-mai-mult-decit-o-conferinta-de-presa-exemple-video-de-demnitate-cu-m-druc-v-craciun-gen-mircea-chelaru\/<\/a><\/p>\n<p>Va trimitem, atasat, un lnk unde este un comunicat de presa despre constituirea Consiliului Teritorial Orhei, prin efortul patriotilor romani unioniosti de acolo.<\/p>\n<p><a href=\"http:\/\/http:\/\/www.consiliul-unirii.ro\/2012\/04\/22\/comunicat-de-presa-la-orhei-a-fost-constituit-consiliul-teritorial-al-unirii\/\">http:\/\/www.consiliul-unirii.ro\/2012\/04\/22\/comunicat-de-presa-la-orhei-a-fost-constituit-consiliul-teritorial-al-unirii\/<\/a><\/p>\n<p>Va invitam sa depuneti eforturi pentru a examina posibilitatea crearii structurilor de sprijin ale unionistilor in localitatile din Romania si Republica Moldova si a ne informa prin site-ul www.consiliul-unirii.ro sau prin adresa contact@consiliul-unirii.ro.<\/p>\n<p>Va trimitem comunicatul de presa despre sedinta tradiotionala a membrilor activi din Basarabia-Chisinau, de la 26 aprilie.<\/p>\n<p>Va asteptam pe toti la actiunile de la Chisinau pe 13 si 16 mai.<br \/>\nAm fi recunoscatori daca presa, pe care o invitam la actiunile anuntate, ar oglindi evenimentele mentionate aici.<br \/>\nComunicat de presa<br \/>\nJoi, 26 aprilie, a avut loc \u015fedin\u0163a tradi\u0163ional\u0103 a membrilor activi ai Consiliului Unirii, la care au participat mai multe persoane. S-a discutat despre conferinta de presa oferita la Bucuresti pe 19 aprilie 2012 de catre copresedinti ai CU si despre actiunile pe care le va intreprinde Consiliul Unirii in viitorul apropiat. Este vorba de manifestarile consacrate implinirii celor 200 de ani de la dezmembrarea Tarii Moldovei in urma razboiului ruso-turc din 1812 si raptul unei parti de teritoriu de catre Imperiul Rus.<br \/>\nAstfel, pe data de 8 mai, reprezentanti ai Consiliului Unirii vor oferi o conferinta de presa in legatura cu programul la care vor participa membrii si simpatizantii entitatilor componente ale Consiiliului Unirii. Este vorba de un Mars pentru comemorarea vicitimelor celor doua sute de ani de ocupatie ruso-sovietica, actiune care va incepe intre 13.00 si 14.00 in Piata Marii Adunari nationale, organizatorii si responsabilii de aceasta manifestare fiind Asociatia Veteranilor Razboiului 1992 \u201cTiras-Tighina\u201d si Forul Democrat al Romanilor. Marsul va trece pe linga Ambasadele rusa, turca si franceza si se va indrepta spre Teatrul de Vara, unde va avea loc o ampla manifestare national-patriotica romaneasca.<br \/>\nAceste actiuni sunt sprijinite activ de Platforma civica &#8220;Actiunea-2012&#8221;, care a fost organizatorul Marsului Unirii de la 25 martie 2012, la care s-au alaturat Consiliul Unirii si Forul Democrat al Romanilor.<br \/>\nS-a convenit ca pe 16 mai sa aiba loc o retragere cu torte si o defilare cu luminari incepind cu Parcul Valea Morilor in perimetrul strazilor Mihai Cogalniceanu \u015fi Alexei Mateevici, de unde coloana va merge spre Ambasada Romaniei pe strada Puskin \u015fi va ajunge in Piata Marii Adunari Nationale, unde va comemora evenimentul trist produs acum 200 de ani.<br \/>\nIn urmatoarele saptamini membrii Consiliului Unirii vor actiona pentru a face cunoscute aceste manifestari preconizate si a-i invita pe toti\u00a0 sa participe, ele insemnind o manifestare de demnitate nationala si de vrere unionista a romanilor de pretutindeni. Sunt asteptati si romanii din Romania, sa fie alaturi de romanii basarabeni.<br \/>\nServiciul de presa al Consiliului Unirii.\u201d<\/p>\n<p><a href=\"http:\/\/bassdu.mine.nu\/images\/2012\/04\/banner_mars_13mai_ora13_PMAN3.gif\"><img loading=\"lazy\" decoding=\"async\" class=\"aligncenter size-full wp-image-2142\" title=\"banner_mars_13mai_ora13_PMAN3\" src=\"http:\/\/bassdu.mine.nu\/images\/2012\/04\/banner_mars_13mai_ora13_PMAN3.gif\" alt=\"\" width=\"300\" height=\"300\" srcset=\"https:\/\/bassdu.mine.bz\/images\/2012\/04\/banner_mars_13mai_ora13_PMAN3.gif 300w, https:\/\/bassdu.mine.bz\/images\/2012\/04\/banner_mars_13mai_ora13_PMAN3-150x150.gif 150w\" sizes=\"(max-width: 300px) 100vw, 300px\" \/><\/a><\/p>\n","protected":false},"excerpt":{"rendered":"<p>&nbsp; Mi\u015fcarea Dacia sprijin\u0103 Consiliul Unirii \u015fi \u201eAc\u0163iunea 2012\u201d !!! Iat\u0103 mesajul Consiliului Unirii : &nbsp; \u201eDragi prieteni \u2013 membri ai Consiliului Unirii, reprezentanti ai presei de pe ambele maluri de Prut, Membrii Consiliului Unirii va anunta ca una dintre actiunile importante din ultima saptamina desfasurata de Consiliul Unirii a fost o conferinta de presa [&hellip;]<\/p>\n","protected":false},"author":2,"featured_media":0,"comment_status":"open","ping_status":"open","sticky":false,"template":"","format":"standard","meta":{"footnotes":""},"categories":[73],"tags":[835,460,380,834,210],"jetpack_featured_media_url":"","_links":{"self":[{"href":"https:\/\/bassdu.mine.bz\/index.php?rest_route=\/wp\/v2\/posts\/2141"}],"collection":[{"href":"https:\/\/bassdu.mine.bz\/index.php?rest_route=\/wp\/v2\/posts"}],"about":[{"href":"https:\/\/bassdu.mine.bz\/index.php?rest_route=\/wp\/v2\/types\/post"}],"author":[{"embeddable":true,"href":"https:\/\/bassdu.mine.bz\/index.php?rest_route=\/wp\/v2\/users\/2"}],"replies":[{"embeddable":true,"href":"https:\/\/bassdu.mine.bz\/index.php?rest_route=%2Fwp%2Fv2%2Fcomments&post=2141"}],"version-history":[{"count":2,"href":"https:\/\/bassdu.mine.bz\/index.php?rest_route=\/wp\/v2\/posts\/2141\/revisions"}],"predecessor-version":[{"id":2144,"href":"https:\/\/bassdu.mine.bz\/index.php?rest_route=\/wp\/v2\/posts\/2141\/revisions\/2144"}],"wp:attachment":[{"href":"https:\/\/bassdu.mine.bz\/index.php?rest_route=%2Fwp%2Fv2%2Fmedia&parent=2141"}],"wp:term":[{"taxonomy":"category","embeddable":true,"href":"https:\/\/bassdu.mine.bz\/index.php?rest_route=%2Fwp%2Fv2%2Fcategories&post=2141"},{"taxonomy":"post_tag","embeddable":true,"href":"https:\/\/bassdu.mine.bz\/index.php?rest_route=%2Fwp%2Fv2%2Ftags&post=2141"}],"curies":[{"name":"wp","href":"https:\/\/api.w.org\/{rel}","templated":true}]}}