{"id":2188,"date":"2012-05-08T22:32:35","date_gmt":"2012-05-08T21:32:35","guid":{"rendered":"http:\/\/bassdu.mine.nu\/?p=2188"},"modified":"2012-05-08T22:32:35","modified_gmt":"2012-05-08T21:32:35","slug":"dacii-la-carsulae-terni","status":"publish","type":"post","link":"https:\/\/bassdu.mine.bz\/?p=2188","title":{"rendered":"Dacii la&#8230; Carsulae (Terni)"},"content":{"rendered":"<p>Pe 6 Mai am fost invitat de Gina Dumitriu, pre\u015fedinta asocia\u0163iei rom\u00e2nilor \u201eFloarea Albastr\u0103\u201d din Terni, s\u0103 particip \u015fi s\u0103 vorbesc despre daci, la o manifestare organizat\u0103 la site-ul arheologic CARSULAE ( <a href=\"http:\/\/http:\/\/www.carsulae.it\/home.php?section=home&amp;lang=ita\">http:\/\/www.carsulae.it\/home.php?section=home&amp;lang=ita<\/a> ).<\/p>\n<p>Astfel c\u0103 am preg\u0103tit un power-point cu \u201eipoteze istorico-lingvistice inedite\u201d asupra civiliza\u0163iei traco-geto-dacilor. Bine\u00een\u0163eles c\u0103 am expus ceea ce \u201eMi\u015fcarea Dacia\u201d promoveaz\u0103 \u00een aceste domenii, aduc\u00e2nd \u201eprobe\u201d furnizate de&#8230; \u201eoameni cu patalama\u201d (a se citi istorici, lingvi\u015fti, litera\u0163i, filozofi, arheologi).<\/p>\n<p>Datorit\u0103 traficului \u201erarefiat\u201d de pe E45 \u015fi pre\u0163uirii pe care o acord punctualit\u0103\u0163ii, am ajuns la destina\u0163ie dou\u0103 ore \u00eenaintea manifest\u0103rii, av\u00e2nd prilejul s\u0103 vizitez muzeul aferent site-ului arheologic \u015fi s\u0103 m\u0103 \u00eentre\u0163in cu personalul acestuia.<\/p>\n<p>Muzeul cuprinde piese de mare valoare, printre care impresioneaz\u0103 fragmantele unei statui de 3 m. \u00een\u0103l\u0163ime a \u00eemp\u0103ratului Claudius (37-41 d.C.), o statuie \u201e\u00een m\u0103rime natural\u0103\u201d a lui Bacchus, diverse pietre funerare, un loca\u015f funerar din marmur\u0103 (de inspira\u0163ie etrusc\u0103), statuia unui leu \u00een m\u0103rime natural\u0103 (gardian al unui loca\u015f de veci), precum \u015fi o mare varietate de obiecte domestice \u015fi decorative dintre secolele I \u00ee.C. \u015fi al III-lea secol d.C..<\/p>\n<p>Am remarcat pe o piatr\u0103 funerar\u0103 din sec al II-lea o reprezentare a unui&#8230; coif\/pileus tracic, precum \u015fi prezen\u0163a pe un fragment de mozaic a unei&#8230; zvastici, vechi simbol arrian. \u00cen timpul vizitei \u015fi dup\u0103 aceea, am avut ocazia s\u0103 \u201eanticip\u201d cu muzeografii interven\u0163ia mea, remarc\u00e2nd un interes arz\u0103tor din partea acestora, chiar dac\u0103 eu m\u0103 refeream la teoria c\u0103 \u201enu suntem urma\u015fii Romei\u201d \u015fi c\u0103 limba dacilor nu a disp\u0103rut pentru a l\u0103sa locul celei latine. Am avut surpriza s\u0103 aud c\u0103 nici istoricii \u015fi lingvi\u015ftii italieni nu sunt de acord c\u0103 \u201ei-au latinizat romanii pe to\u0163i\u201d, minimiz\u00e2ndu-se rolul etruscilor \u015fi celorlalte popoare peninsulare !?!?&#8230; de asemenea erau la curent cu \u201eteoria limbii matc\u0103\u201d a lui Noam Chomsky&#8230; \u015fi c\u00e2nd te g\u00e2nde\u015fti c\u0103 mie mi-era un pic team\u0103 s\u0103 nu r\u0103nesc orgolii !? Au fost dou\u0103 ore de discu\u0163ii intense \u015fi nu cred c\u0103 din polite\u0163e \u015fi-au manifestat interesul pentru argumentele mele, pe care le-au considerat foarte puternice ! Una dintre persoanele prezente, mi-a spus printre altele c\u0103 l-a cunoscut personal pe M.Eliade, pe care-l consider\u0103 cel mai mare intelectual \u00eent\u00e2lnit \u00een toat\u0103 via\u0163a sa !<\/p>\n<p>La ora stabilit\u0103, a \u00eenceput Manifestarea, la care s-au prezentat trei power-point-uri, de c\u0103tre administratoarea site-ului, pre\u015fedinta asocia\u0163iei \u201eFloare Albastr\u0103\u201d \u015fi de c\u0103tre mine, dup\u0103 care s-a continuat \u00eendelung discu\u0163ia de-a lungul unui \u201erinfresco\u201d oferit de gazde. \u00cen acest timp am fost interogat despre ideologia \u201eMi\u015fc\u0103rii Dacia\u201d (se vede c\u0103 cineva le \u015foptise ceva, eu \u00eencerc\u00e2nd s\u0103 nu amestec politica \u00een aceast\u0103 ocazie) \u015fi mare mi-a fost surpriza s\u0103 constat c\u0103 ideile noastre, asem\u0103n\u0103toare celor ale \u201emi\u015fc\u0103rii surori\u201d din Italia (\u201eMi\u015fcarea 5 Stele\u201d), se bucur\u0103 de o mare apreciere (demonstrat\u0103 de rezultatele alegerilor administrative, ce au confirmat o \u201eevolu\u0163ie exponen\u0163ial\u0103\u201d a ideilor \u201eanti-Sistem\u201d) !?<br \/>\n\u00cen \u00eencheiere remarc simpatia presonalit\u0103\u0163ilor italiene (cca. jum\u0103tate din cei prezen\u0163i) fa\u0163\u0103 de noi, urma\u015fii dacilor.<br \/>\nIat\u0103 c\u00e2teva fotografii de la Eveniment :<\/p>\n<p><a href=\"http:\/\/bassdu.mine.nu\/images\/2012\/05\/carsulae-2.jpg\"><img loading=\"lazy\" decoding=\"async\" class=\"aligncenter size-medium wp-image-2189\" title=\"carsulae 2\" src=\"http:\/\/bassdu.mine.nu\/images\/2012\/05\/carsulae-2-300x225.jpg\" alt=\"\" width=\"300\" height=\"225\" srcset=\"https:\/\/bassdu.mine.bz\/images\/2012\/05\/carsulae-2-300x225.jpg 300w, https:\/\/bassdu.mine.bz\/images\/2012\/05\/carsulae-2-1024x768.jpg 1024w, https:\/\/bassdu.mine.bz\/images\/2012\/05\/carsulae-2.jpg 2048w\" sizes=\"(max-width: 300px) 100vw, 300px\" \/><\/a><a href=\"http:\/\/bassdu.mine.nu\/images\/2012\/05\/carsulae4.jpg\"><img loading=\"lazy\" decoding=\"async\" class=\"aligncenter size-medium wp-image-2190\" title=\"carsulae4\" src=\"http:\/\/bassdu.mine.nu\/images\/2012\/05\/carsulae4-300x225.jpg\" alt=\"\" width=\"300\" height=\"225\" srcset=\"https:\/\/bassdu.mine.bz\/images\/2012\/05\/carsulae4-300x225.jpg 300w, https:\/\/bassdu.mine.bz\/images\/2012\/05\/carsulae4-1024x768.jpg 1024w, https:\/\/bassdu.mine.bz\/images\/2012\/05\/carsulae4.jpg 2048w\" sizes=\"(max-width: 300px) 100vw, 300px\" \/><\/a><a href=\"http:\/\/bassdu.mine.nu\/images\/2012\/05\/carsulae3.jpg\"><img loading=\"lazy\" decoding=\"async\" class=\"aligncenter size-medium wp-image-2191\" title=\"carsulae3\" src=\"http:\/\/bassdu.mine.nu\/images\/2012\/05\/carsulae3-300x225.jpg\" alt=\"\" width=\"300\" height=\"225\" srcset=\"https:\/\/bassdu.mine.bz\/images\/2012\/05\/carsulae3-300x225.jpg 300w, https:\/\/bassdu.mine.bz\/images\/2012\/05\/carsulae3-1024x768.jpg 1024w, https:\/\/bassdu.mine.bz\/images\/2012\/05\/carsulae3.jpg 2048w\" sizes=\"(max-width: 300px) 100vw, 300px\" \/><\/a><a href=\"http:\/\/bassdu.mine.nu\/images\/2012\/05\/carsulae-1.jpg\"><img loading=\"lazy\" decoding=\"async\" class=\"aligncenter size-medium wp-image-2192\" title=\"carsulae 1\" src=\"http:\/\/bassdu.mine.nu\/images\/2012\/05\/carsulae-1-300x225.jpg\" alt=\"\" width=\"300\" height=\"225\" srcset=\"https:\/\/bassdu.mine.bz\/images\/2012\/05\/carsulae-1-300x225.jpg 300w, https:\/\/bassdu.mine.bz\/images\/2012\/05\/carsulae-1-1024x768.jpg 1024w, https:\/\/bassdu.mine.bz\/images\/2012\/05\/carsulae-1.jpg 2048w\" sizes=\"(max-width: 300px) 100vw, 300px\" \/><\/a><\/p>\n<p>&nbsp;<\/p>\n","protected":false},"excerpt":{"rendered":"<p>Pe 6 Mai am fost invitat de Gina Dumitriu, pre\u015fedinta asocia\u0163iei rom\u00e2nilor \u201eFloarea Albastr\u0103\u201d din Terni, s\u0103 particip \u015fi s\u0103 vorbesc despre daci, la o manifestare organizat\u0103 la site-ul arheologic CARSULAE ( http:\/\/www.carsulae.it\/home.php?section=home&amp;lang=ita ). Astfel c\u0103 am preg\u0103tit un power-point cu \u201eipoteze istorico-lingvistice inedite\u201d asupra civiliza\u0163iei traco-geto-dacilor. Bine\u00een\u0163eles c\u0103 am expus ceea ce \u201eMi\u015fcarea Dacia\u201d [&hellip;]<\/p>\n","protected":false},"author":2,"featured_media":0,"comment_status":"open","ping_status":"open","sticky":false,"template":"","format":"standard","meta":{"footnotes":""},"categories":[88],"tags":[868,128,869,421,11,210,43,870],"jetpack_featured_media_url":"","_links":{"self":[{"href":"https:\/\/bassdu.mine.bz\/index.php?rest_route=\/wp\/v2\/posts\/2188"}],"collection":[{"href":"https:\/\/bassdu.mine.bz\/index.php?rest_route=\/wp\/v2\/posts"}],"about":[{"href":"https:\/\/bassdu.mine.bz\/index.php?rest_route=\/wp\/v2\/types\/post"}],"author":[{"embeddable":true,"href":"https:\/\/bassdu.mine.bz\/index.php?rest_route=\/wp\/v2\/users\/2"}],"replies":[{"embeddable":true,"href":"https:\/\/bassdu.mine.bz\/index.php?rest_route=%2Fwp%2Fv2%2Fcomments&post=2188"}],"version-history":[{"count":2,"href":"https:\/\/bassdu.mine.bz\/index.php?rest_route=\/wp\/v2\/posts\/2188\/revisions"}],"predecessor-version":[{"id":2194,"href":"https:\/\/bassdu.mine.bz\/index.php?rest_route=\/wp\/v2\/posts\/2188\/revisions\/2194"}],"wp:attachment":[{"href":"https:\/\/bassdu.mine.bz\/index.php?rest_route=%2Fwp%2Fv2%2Fmedia&parent=2188"}],"wp:term":[{"taxonomy":"category","embeddable":true,"href":"https:\/\/bassdu.mine.bz\/index.php?rest_route=%2Fwp%2Fv2%2Fcategories&post=2188"},{"taxonomy":"post_tag","embeddable":true,"href":"https:\/\/bassdu.mine.bz\/index.php?rest_route=%2Fwp%2Fv2%2Ftags&post=2188"}],"curies":[{"name":"wp","href":"https:\/\/api.w.org\/{rel}","templated":true}]}}