{"id":2196,"date":"2012-05-13T12:39:48","date_gmt":"2012-05-13T11:39:48","guid":{"rendered":"http:\/\/bassdu.mine.nu\/?p=2196"},"modified":"2012-05-14T20:42:37","modified_gmt":"2012-05-14T19:42:37","slug":"16-mai-1812-raptul-otomano-muscal-al-basarabiei","status":"publish","type":"post","link":"https:\/\/bassdu.mine.bz\/?p=2196","title":{"rendered":"16 Mai 1812 &#8211; Raptul otomano-muscal al Basarabiei"},"content":{"rendered":"<p>Ast\u0103zi \u00eencep comemor\u0103rile Raptului Basarabiei din 1812, c\u00e2nd turcii d\u0103ruiesc Rusiei \u0163ariste \u0163inutul dacilor liberi dintre Prut \u015fi Nistru. \u00cen Republica Moldova \u015fi \u00een Patria Mam\u0103 se vor desf\u0103\u015fura diverse ac\u0163iuni de protest.<\/p>\n<p>\u00cen acest context, un analfabet de peste Prut pe nume Veaceslav Burlac, a publicat pe Facebook la grupul \u201eMoldoveni \u00een Italia\u201d , o poezie (???) plin\u0103 de gre\u015feli de tot felul, dar mai ales de o \u201einterpretare istoric\u0103 rusofono-comunist\u0103\u201d, care m-a enervat a\u015fa de tare c\u0103 am devenit&#8230; poet (?)<\/p>\n<p>Iat\u0103 ce debiteaz\u0103 \u201emaldavanu&#8217;\u201d :<\/p>\n<p><em><strong>Veaceslav Burlac<\/strong><\/em><br \/>\n<strong>Pentru tr\u0103d\u0103tori de neam \u015fi \u0163ar\u0103&#8230;<\/strong><\/p>\n<p>Pl\u00eenge Nistru,<br \/>\nPl\u00eenge Prutul,<br \/>\n\u015ei Siretul l\u0103cr\u0103meaz\u0103,<br \/>\nC\u0103 o m\u00een\u0103 de dihanii<br \/>\nSoarta \u0163\u0103rii au furat-o.<\/p>\n<p>Au tr\u0103dat \u00eentreg poporul<br \/>\n\u015ei l-au pus ei sub poclon,<br \/>\nLa alt neam \u015fi alt\u0103 \u0163ar\u0103,<br \/>\nDrept romani pu\u015fi etalon.<\/p>\n<p>De am \u015fti noi to\u0163i vre-o dat\u0103,<br \/>\nStefan, Domnul ce-a dorit,<br \/>\nS\u0103 se-nchine moldoveanul,<br \/>\nSau s\u0103i bat\u0103 pe p\u0103g\u00eeni?<\/p>\n<p>Este mare voia Ta,<br \/>\n\u015ei la to\u0163i vei da putere,<br \/>\nS\u0103 p\u0103str\u0103m pentru urma\u015fi<br \/>\nA Moldovei nostr\u0103-avere&#8230;<\/p>\n<p>&nbsp;<\/p>\n<p>Nu am putut \u00a0\u201erezista\u201d \u015fi l-am parafrazat :<\/p>\n<p><strong>\u00a0Pentru tr\u0103d\u0103tori de neam \u015fi \u0163ar\u0103&#8230;<\/strong><\/p>\n<p><em>Pl\u00eenge Nistrul, pl\u00eenge Prutul<\/em><br \/>\n<em> \u015ei Siretul l\u0103crimeaz\u0103,<\/em><br \/>\n<em>C\u0103 ucr\u00e0inul \u015fi muscalul<\/em><br \/>\n<em> Soarta \u0163\u0103rii saboteaz\u0103.<\/em><\/p>\n<p><em> Au robit \u00eentreg poporul,<\/em><br \/>\n<em> L-au prostit \u015fi l-au min\u0163it<\/em><br \/>\n<em> C\u0103-i alt neam \u015fi alt\u0103 \u0163ar\u0103<\/em><br \/>\n<em>\u015ei de fra\u0163i l-a desp\u0103r\u0163it.<\/em><\/p>\n<p><em>\u00a0Ca s\u0103 \u015ftim cu to\u0163i deodat\u0103<\/em><br \/>\n<em> Stefan Domnul ce-a dorit,<\/em><br \/>\n<em> O Istorie adev\u0103rat\u0103<\/em><br \/>\n<em> Trebuia s\u0103 fi citit.<\/em><\/p>\n<p><em> Dou\u0103 secole-au trecut<\/em><br \/>\n<em>De c\u00e2nd turcii i-au v\u00e2ndut,<\/em><br \/>\n<em> Au dat glia str\u0103mo\u015feasc\u0103<\/em><br \/>\n<em> Datoria s\u0103-\u015fi pl\u0103teasc\u0103.<\/em><\/p>\n<p><em>\u015ei&#8217;au cedat muscalilor,<\/em><br \/>\n<em>Ctitorii Sovietelor,<\/em><br \/>\n<em>\u00a0Ce-au trecut la ac\u0163iune<\/em><br \/>\n<em> Sf\u00e2\u015fiind o Na\u0163iune.<\/em><\/p>\n<p><em> Veneticii se-mbulzir\u0103 <\/em><br \/>\n<em> La averea din Cetate,<\/em><br \/>\n<em> Iar poporul \u00eel prostir\u0103<\/em><br \/>\n<em> Cu Istorii inventate.<\/em><\/p>\n<p><em> Unde e\u015fti \u015etefane Sfinte ? <\/em><br \/>\n<em> Burebista unde e\u015fti ?<\/em><br \/>\n<em> Ca de-acolo din morminte,<\/em><br \/>\n<em>Veneticii s\u0103-i gone\u015fti !?<\/em><\/p>\n<p><em> Munteni \u015fi basarabeni, <\/em><br \/>\n<em> Moldoveni \u015fi ardeleni<\/em><br \/>\n<em> S\u0103 se pun\u0103 \u00eempreun\u0103<\/em><br \/>\n<em> \u00cen Dacia cea str\u0103bun\u0103 !<\/em><\/p>\n<p>&nbsp;<\/p>\n<p>\u0162in s\u0103 remarc faptul c\u0103 nu este un caz izolat, p\u00e2n\u0103 \u015fi \u201eGazeta Rom\u00e2neasc\u0103\u201d de aici din Italia, \u201ed\u00e2nd voce\u201d \u015fi altor \u201enostalgici ai Sovietelor\u201d (or avea printre sponsori pe kaghebistul ilievici ???) \u015fi ai \u201emaldavenismului\u201d (vezi Victor Dru\u0163\u0103) !?!?<\/p>\n<p>Este evident c\u0103 sus\u0163in\u0103torii ReUnirii din Basarabia \u015fi chiar \u015fi din Patria Mam\u0103 sunt pu\u0163ini azi, dar trendul este \u00een continu\u0103 ascensiune. La noi prevale \u201edezinteresul pentru chestiune\u201d, iar \u201edincolo\u201d \u00eenc\u0103 trebuie dezr\u0103d\u0103cinat\u0103 o propagand\u0103 intensiv\u0103 pe durata a dou\u0103 sute de ani (cu o pauz\u0103 \u00eentre cele dou\u0103 R\u0103zboaie Mondiale).<\/p>\n<p>Aceste dou\u0103 secole nu au putut \u00eens\u0103 dezr\u0103d\u0103cina un Popor \u015fi-o Limb\u0103, a\u015fa cum nimeni nu a reu\u015fit \u00een acest areal, \u00eencep\u00e2nd cu romanii, continu\u00e2nd cu migratorii, turcii \u015fi austro-ungarii. \u00cen cel mai bun caz, am oferit \u201espa\u0163iu vital\u201d \u015fi ne-am restr\u00e2ns pe ici pe colea&#8230; dar nu am disp\u0103rut !!! Aceasta \u00eenseamn\u0103 c\u0103 suntem mai \u201etari\u201d ca ei \u015fi deci Unitatea Na\u0163ional\u0103 este numai o chestiune de &#8230; r\u0103bdare \u015fi &#8230; implicare constant\u0103 pe ambele maluri de Prut, pentru a demola propaganda ostil\u0103, prin dezv\u0103luirea ADEV\u0102RATEI ISTORII A NEAMULUI !!!<\/p>\n","protected":false},"excerpt":{"rendered":"<p>Ast\u0103zi \u00eencep comemor\u0103rile Raptului Basarabiei din 1812, c\u00e2nd turcii d\u0103ruiesc Rusiei \u0163ariste \u0163inutul dacilor liberi dintre Prut \u015fi Nistru. \u00cen Republica Moldova \u015fi \u00een Patria Mam\u0103 se vor desf\u0103\u015fura diverse ac\u0163iuni de protest. \u00cen acest context, un analfabet de peste Prut pe nume Veaceslav Burlac, a publicat pe Facebook la grupul \u201eMoldoveni \u00een Italia\u201d , [&hellip;]<\/p>\n","protected":false},"author":2,"featured_media":0,"comment_status":"open","ping_status":"open","sticky":false,"template":"","format":"standard","meta":{"footnotes":""},"categories":[3],"tags":[871,460,875,197,872,874,876,877,873,47],"jetpack_featured_media_url":"","_links":{"self":[{"href":"https:\/\/bassdu.mine.bz\/index.php?rest_route=\/wp\/v2\/posts\/2196"}],"collection":[{"href":"https:\/\/bassdu.mine.bz\/index.php?rest_route=\/wp\/v2\/posts"}],"about":[{"href":"https:\/\/bassdu.mine.bz\/index.php?rest_route=\/wp\/v2\/types\/post"}],"author":[{"embeddable":true,"href":"https:\/\/bassdu.mine.bz\/index.php?rest_route=\/wp\/v2\/users\/2"}],"replies":[{"embeddable":true,"href":"https:\/\/bassdu.mine.bz\/index.php?rest_route=%2Fwp%2Fv2%2Fcomments&post=2196"}],"version-history":[{"count":2,"href":"https:\/\/bassdu.mine.bz\/index.php?rest_route=\/wp\/v2\/posts\/2196\/revisions"}],"predecessor-version":[{"id":2198,"href":"https:\/\/bassdu.mine.bz\/index.php?rest_route=\/wp\/v2\/posts\/2196\/revisions\/2198"}],"wp:attachment":[{"href":"https:\/\/bassdu.mine.bz\/index.php?rest_route=%2Fwp%2Fv2%2Fmedia&parent=2196"}],"wp:term":[{"taxonomy":"category","embeddable":true,"href":"https:\/\/bassdu.mine.bz\/index.php?rest_route=%2Fwp%2Fv2%2Fcategories&post=2196"},{"taxonomy":"post_tag","embeddable":true,"href":"https:\/\/bassdu.mine.bz\/index.php?rest_route=%2Fwp%2Fv2%2Ftags&post=2196"}],"curies":[{"name":"wp","href":"https:\/\/api.w.org\/{rel}","templated":true}]}}