{"id":2207,"date":"2012-05-19T23:33:22","date_gmt":"2012-05-19T22:33:22","guid":{"rendered":"http:\/\/bassdu.mine.nu\/?p=2207"},"modified":"2012-06-05T22:21:31","modified_gmt":"2012-06-05T21:21:31","slug":"despre-continuitatea-traco-daco-geta-in-spatiul-carpato-dunareano-pontic-2","status":"publish","type":"post","link":"https:\/\/bassdu.mine.bz\/?p=2207","title":{"rendered":"Despre Continuitatea traco-daco-get\u0103 \u00een spa\u0163iul carpato-dun\u0103reano-pontic (2)"},"content":{"rendered":"<p>Problema<strong> \u201epopoarelor migratoare\u201d<\/strong> este supralicitat\u0103, acestea r\u0103m\u00e2n\u00e2nd \u00een Istorie, nu ca purt\u0103toare de civiliza\u0163ie ci de f\u0103r\u0103delegi pe teritoriile altora ! De aceea nu exist\u0103 \u201edocumente\u201d despre locuitorii stabili ai spa\u0163iului carpato-dun\u0103reano-pontic&#8230; deoarece lumea se ocup\u0103\/preocup\u0103\/scrie de cei ce \u201estric\u0103 echilibrul\u201d, ci nu de \u201ecei ce-\u015fi v\u0103d de ale lor\u201d ! Cine \u00ee\u015fi imagineaz\u0103 c\u0103 <strong>romanii, hunii, avarii, pecenegii, cumanii, etc<\/strong>. au scotocit prin mun\u0163ii \u015fi p\u0103durile noastre pentru a \u201e\u015fterge\u201d un popor, nu \u00een\u0163elege c\u0103 \u0103ia veneau dup\u0103 furat, ci nu dup\u0103 \u201estabilizat\u201d. <span style=\"color: #000080;\">Toate aceste neamuri au disp\u0103rut din Istorie pe durata a c\u00e2torva zeci de ani, fiind numere nesemnificative pentru a influen\u0163a \u201egeneza\u201d unei noi na\u0163ii<\/span> \u015fi permanent h\u0103itui\u0163i pentru f\u0103r\u0103delegile care nu se puteau trece cu vederea de c\u0103tre autohtoni ! Acei pu\u0163ini care s-au integrat, \u015fi-au pierdut s\u0103m\u00e2n\u0163a \u00een dou\u0103-trei genera\u0163ii, fiind asimila\u0163i.<br \/>\n<span style=\"color: #800000;\">De exemplu pecenegii \u015fi cumanii.<\/span><br \/>\n<span style=\"color: #800000;\">Pecenegii<\/span> s-au catolicizat \u015fi s-au asimilat secuilor, valahii r\u0103m\u00e2n\u00e2nd ortodoc\u015fi. La fel <span style=\"color: #800000;\">cumanii<\/span> r\u0103ma\u015fi \u00een spa\u0163iul nostru, care s-au catolicizat \u015fi ei \u015fi au fost asimila\u0163i \u00een mare parte de popula\u0163iile autohtone. Excep\u0163ie fac g\u0103g\u0103uzii, care sunt \u201eurma\u015fii turcici autentici\u201d ai cumanilor \u015fi care \u015fi-au men\u0163inut (puternic alterat\u0103) identitatea na\u0163ional\u0103 \u00een sate din sudul Basarabiei. Migratori au fost \u015fi al\u0163ii, care <span style=\"color: #800000;\">\u201es-au dat bine cu Vaticanul\u201d<\/span> care le-a dat \u201ecarte alb\u0103\u201d \u015fi au purces la o \u201edictatur\u0103 lingvistic\u0103\u201d mai ales \u00een Transilvania, fondul genetic al popula\u0163iei fiind \u00eens\u0103 \u015fi azi tot cel dictat de majoritate, p\u00e2n\u0103 dincolo de Tisa. A\u015fa se explic\u0103 de ce ungurii de azi nu au caracteristice fiziologice ale neamurilor asiatice la care fac referin\u0163\u0103, ei fiind preponderent&#8230;<span style=\"color: #800080;\"> traci<\/span>. Acela\u015fi discurs e valabil pentru <span style=\"color: #800000;\">bulgari<\/span> (<em>care se recheam\u0103 la originile tracice<\/em>), de\u015fi bulgarii exist\u0103 \u015fi azi pe Volga \u015fi sunt&#8230; turcici !? Toate popoarele din arealul vechilor triburi tracice au preponderent elementul trac \u201e\u00een s\u00e2nge\u201d!&#8230; a\u015fa cum tracii sunt preponderent descenden\u0163i ai hiperboreilor, care nu \u015ftim ce f\u0103ceau \u015fi dregeau, dar \u015ftim c\u0103 erau AICI, deoarece mai la nord erau ghe\u0163arii, iar grecii sus\u0163in ei \u00een\u015fi\u015fi c\u0103 \u201eau cobor\u00e2t de la nord \u201d. Cine crede c\u0103 migra\u0163iile au fost \u201efenomene cople\u015fitoare\u201d \u00een trecut se \u00een\u015feal\u0103 ! Deabia acum avem a\u015fa ceva, deoarece exist\u0103 Atlasib, Tarom, autoturisme, passpartout, iar GLOBALIZAREA \u00eenceput\u0103 timid de greci \u015fi continuat\u0103 tot mai intens de romani \u015fi celelalte imperii succesive, tinde \u201epacific\u201d s\u0103 \u201e\u015ftearg\u0103 identit\u0103\u0163ile na\u0163ionale\u201d. Ei bine, s-a ajuns la cap\u0103tul drumului globaliz\u0103rii, iar eu sunt m\u00e2ndru de a fi na\u0163ionalist \u00een sensul bun al cuv\u00e2ntului, dorindu-mi p\u0103strarea identit\u0103\u0163ii na\u0163ionale a tuturor, nu numai a mea !!! Cei ce neag\u0103 dacismul &#8230; sunt \u00een \u201etab\u0103ra advers\u0103\u201d \u015fi viitorul nu le va sur\u00e2de ! <span style=\"color: #800000;\"><strong>Noi nu suntem un \u201eneam migrator\u201d, suntem urma\u015fii \u201ecelui mai mare popor european\u201d \u015fi ar fi culmea ca tocmai acesta s\u0103 fi disp\u0103rut \u00een detrimentul unei m\u00e2ini de migratori<\/strong><\/span> \u00eentr-adev\u0103r&#8230; s\u0103lbatici. Ce influen\u0163\u0103 au putut avea hunii \u00een cei 150 de ani c\u0103 au h\u0103l\u0103duit de colo colo prin Europa ?&#8230; violuri ? &#8230; p\u0103i pe vremea aceea, ca \u015fi azi \u201ecopii din flori\u201d erau rari (imagina\u0163i-v\u0103 dac\u0103 erau din \u201eflori stricate\u201d !?), avorturile practic\u00e2ndu-se de milenii ! Povestea cu \u201ec\u0103s\u0103toriile mixte\u201d este poveste p\u00e2n\u0103 \u015fi azi, c\u00e2nd se risc\u0103 \u201edezmo\u015ftenirea\u201d pentru a\u015fa ceva !!! <span style=\"color: #800000;\"><strong>Nimeni dintre \u201edacomaniacii\u201d cu cap nu sus\u0163ine \u201epuritatea rasei\u201d \u015fi alte t\u00e2mpenii, ci numai \u201ecaracterul preponderant al elementului ancestral \u00eentr-o popula\u0163ie STABIL\u0102\u201d.<\/strong><\/span><br \/>\nIat\u0103 un exemplu de PREPONDERAN\u0162\u0102 ETNIC\u0102 extras di statistici ale Imperiului Austro-Ungar din anii 1800, referitor la OR\u0102\u015eTIE \u015fi prefectura de Or\u0103\u015ftie, din care se pricepe c\u0103 \u201enoii veni\u0163i\u201d sunt inclu\u015fi \u00een <span style=\"color: #003300;\"><strong>CIVILIZA\u0162IA URBAN\u0102<\/strong><\/span>, constituind o MINORITATE, fa\u0163\u0103 de autohtonii ce apar\u0163in unei <span style=\"color: #003300;\"><strong>CIVILIZA\u0162II S\u0102TE\u015eTI\/TRIBALE<\/strong><\/span> :<\/p>\n<p>\u00cen <span style=\"color: #800000;\"><strong>ORA\u015e<\/strong><\/span> exista urm\u0103toarea distribu\u0163ie etnic\u0103 (1880):<\/p>\n<p><span style=\"color: #800000;\">Dup\u0103 na\u021bionalitate:<\/span><br \/>\n&#8211; 2312 rom\u00e2ni<br \/>\n&#8211; 1227 maghiari<br \/>\n&#8211; 1427 germani<br \/>\n&#8211; 16 slovaci<br \/>\n&#8211; 8 s\u00e2rbi<br \/>\n&#8211; 176 alte na\u021bionalit\u0103\u021bi<br \/>\n&#8211; 138 str\u0103ini<br \/>\n&#8211; 147 cu limba matern\u0103 necunoscut\u0103 (\u00een aceast\u0103 rubric\u0103 au fost \u00eencadra\u021bi \u021biganii)\u201d<\/p>\n<p><span style=\"color: #800000;\">Dup\u0103 religie se \u00eempart \u00een:<\/span><br \/>\n&#8211; 2030 ortodoc\u0219i<br \/>\n&#8211; 523 greco-catolici<br \/>\n&#8211; 1002 romano catolici<br \/>\n&#8211; 769 reforma\u021bi<br \/>\n&#8211; 964 evanghelici<br \/>\n&#8211; 163 izraeli\u021bi<br \/>\n&#8211; 1 alte confesiuni<\/p>\n<p>\u00cen <span style=\"color: #800000;\"><strong>prefectura Or\u0103\u015ftiei<\/strong><\/span> exista urm\u0103toarea distribu\u0163ie etnic\u0103 (1853):<\/p>\n<p><span style=\"color: #800000;\">Dup\u0103 na\u0163ionalitate :<\/span><br \/>\n&#8211; 192.995 rom\u00e2ni<br \/>\n&#8211; 1.063 germani<br \/>\n&#8211; 7.809 maghiari<br \/>\n&#8211; 12.297 alte na\u021bionalit\u0103\u021bi<\/p>\n<p><span style=\"color: #800000;\">Dup\u0103 religie :<\/span><br \/>\n&#8211; 4.283 romano-catolici<br \/>\n&#8211; 38.550 greco-catolici (uni\u021bi)<br \/>\n&#8211; 160.603 ortodoc\u0219i<br \/>\n&#8211; 2.141 calvini<br \/>\n&#8211; 8.565 luterani<br \/>\n&#8211; 23 alte confesiuni\u201d<\/p>\n<p><span style=\"color: #000080;\">Concluzia este evident\u0103 : ORA\u015eUL era apanajul minoritarilor, \u00een vreme ce SATUL era aproape exclusiv rom\u00e2nesc\/valah !<\/span><\/p>\n<p>Dac\u0103 citim <span style=\"color: #800000;\"><strong>componen\u0163a etnic\u0103 din 2002<\/strong><\/span> observ\u0103m c\u0103 MAJORITATEA s-a impus \u00een timp, datorit\u0103 PREPONDERAN\u0162EI ETNICE :<\/p>\n<p>Rom\u00e2ni: 19,697<br \/>\nMaghiari: 523<br \/>\n\u0162igani: 865<br \/>\nUcraineni: 6<br \/>\nGermani: 104<br \/>\nS\u00e2rbi: 1<br \/>\nEvrei: 7<br \/>\nItalieni: 3<br \/>\nCeang\u0103i: 1<\/p>\n<p>Cum s\u0103 nu te doar\u0103 sufletul, c\u00e2nd vezi a\u015fa-zi\u015fi istorici \u015fi lingvi\u015fti, care \u201ese revolt\u0103\u201d c\u0103 \u201eoameni f\u0103r\u0103 patalama\u201d se ocup\u0103 de istoria antic\u0103 a Neamului !?!? Nu-\u015fi dau ei oare seama c\u0103 argumentele unor ingineri, doctori, militari, s.a. sunt suficient de puternice pentru a fi analizate ???<br \/>\nEste foarte adev\u0103rat c\u0103 se exagereaz\u0103 c\u00e2teodat\u0103 \u015fi c\u0103 nu to\u0163i \u201epromotorii dacismului\u201d au creden\u0163iale minime, dar asta trebuie s\u0103 fie un stimulent pentru completarea PARADIGMEI, ci nu pentru \u201edemolarea unui zid, deoarece ici-colea e o c\u0103r\u0103mid\u0103 sf\u0103r\u00e2mat\u0103\u201d !<br \/>\nExisten\u0163a acestor \u201eneprofesioni\u015fti\u201d este un VOT DE BLAM pentru ceea ce fac ei \u201eistoricii\/lingvi\u015ftii lui pe\u015fte\u201d!!!<br \/>\nCum s\u0103 nu te revol\u0163i, c\u00e2nd Istoria noastr\u0103 este tratat\u0103 numai pe baza celor prop\u0103v\u0103duite de alogeni ?<br \/>\nCum s\u0103 nu te revol\u0163i citind numele autorilor dic\u0163ionarelor rom\u00e2ne\u015fti \u015fi abera\u0163iile cuprinse \u00een ele ???<br \/>\nCum poate cineva s\u0103 cread\u0103 c\u0103 majoritatea cuvintelor vin din limbile vecinilor no\u015ftri ???&#8230; slavii au venit dup\u0103 secolul al VI-lea \u00een Balcani&#8230; noi chiar i-am a\u015fteptat pe ei s\u0103 ne spun\u0103 cum se cheam\u0103 TESLA ??? &#8230; p\u0103i ei erau \u201eoameni de step\u0103\u201d \u015fi se ocupau cu gr\u0103din\u0103ritul, pe c\u00e2nd noi ciopleam lemnul cu tesla de mii de ani !!!<br \/>\nCum s\u0103 sus\u0163ii tu Oltene c\u0103 \u015eCOAL\u0102 vine din slav\u0103, c\u00e2nd la fel se zicea \u00een greac\u0103 \u015fi latin\u0103, vechi limbi \u201ede contact\u201d cu rom\u00e2na ???<br \/>\nCum s\u0103 crezi tu c\u0103 ROTACISMUL explic\u0103 transformarea lui \u201eL\u201d din latin\u0103 \u00een \u201eR\u201d rom\u00e2nesc, c\u00e2nd limba noastr\u0103 e mult mai bogat\u0103 fonetic (\u00ee,\u015f,\u0163,\u0103), deci este logic c\u0103 nu e o \u201elimb\u0103 de deriva\u0163ie\u201d ??? Am dat exemplul cu chinezii care nu-l pot pronun\u0163a pe \u201eR\u201d, citindu-l \u201eL\u201d &#8230; este exact ceea ce au f\u0103cut latinii cu \u201elimba matc\u0103\u201d&#8230; cu \u201elatina prisca\u201d !&#8230; l-au transformat pe R \u00een L (soare\/sole&#8230; mere\/mele&#8230; s\u0103rat\/salato).<br \/>\nCum s\u0103 sus\u0163ii c\u0103 toate cuvintele despre oierit vin din turc\u0103 sau albanez\u0103, c\u00e2nd str\u0103mo\u015fii no\u015ftri au \u00eembl\u00e2nzit caprele \u015fi sunt \u201eciobanii primordiali\u201d ?<br \/>\nP\u0103i dac\u0103 un \u201eneprofesionist\u201d pricepe aceste chestii elementare, cum s\u0103 fi\u0163i voi respecta\u0163i pentru prostiile pe care ni le b\u0103ga\u0163i pe g\u00e2t ???<br \/>\n\u015ei s\u0103 nu uit\u0103m un detaliu foarte important : <span style=\"color: #000080;\"><strong>Istoria nu e o \u015eTIIN\u0162\u0102 EXACT\u0102 deoarece aceasta presupune EXACTITATE, pe c\u00e2nd Istoria este numai o INTERPRETARE SUBIECTIV\u0102 a unui \u201egrup de interese\u201d. A\u015fa se face c\u0103 acela\u015fi eveniment este expus uneori TOTAL CONTRADICTORIU de&#8230; \u201eoameni cu patalama\u201d !<\/strong><\/span><br \/>\nSe spune pe bun\u0103 dreptate c\u0103 <span style=\"color: #800000;\"><strong>\u201eIstoria e scris\u0103 de \u00eenving\u0103torii temporari\u201d<\/strong><\/span>. P\u0103i cum noi suntem \u201e\u00eenvin\u015fi de dou\u0103 milenii f\u0103r\u0103 \u00eentrerupere\u201d, \u00eenseamn\u0103 c\u0103 Istoria ne-au scris-o &#8230; al\u0163ii ! LOGIC nu ??? &#8230; eheeee, la LOGIC\u0102 sunte\u0163i voi pu\u0163in prepara\u0163i ! Se vede c\u0103 nu se studiaz\u0103 la Facultatea de Istorie, ci la cele tehnice !<br \/>\nTot la facult\u0103\u0163ile tehnice se studiaz\u0103 <span style=\"color: #800000;\"><strong>METALURGIA<\/strong><\/span>, unde se pricepe fenomenalitatea descoperirii unui calup de 200 de kg de o\u0163el, sau a unui coif de aur datat \u00een sec. al V-lea \u00ee.C., sau o unor cuie cu structur\u0103 intim\u0103 ce nu poate fi ob\u0163inut\u0103 dec\u00e2t cu ni\u015fte tehnologii foarte sofisticate \u015fi costisitoare p\u00e2n\u0103 \u015fi \u00een ziua de azi. Numai un metalurg poate s\u0103-\u015fi dea cu p\u0103rerea asupra unor pl\u0103cu\u0163e de plumb, pentru c\u0103 e absurd s\u0103 crezi c\u0103 cineva s-a pus s\u0103 produc\u0103 o jum\u0103tate de ton\u0103 de \u201efalsuri\u201d numai de dragul \u201eoripil\u0103rii\u201d voastre ! La nivelul anilor respectivi, pu\u0163ine erau locurile unde se putea realiza a\u015fa ceva ! C\u0103uta\u0163i mai bine \u201es\u0103 str\u00eenge\u0163i de fudulii\u201d pe cei din anturajul vechilor monarhi, deoarece s-ar putea c\u0103 unii dintre ei s\u0103 ASCUND\u0102 elemente importante pentru Istoria Neamului !<br \/>\nV\u0103 revolta\u0163i c\u0103<span style=\"color: #800000;\"><strong> militarii<\/strong><\/span>\u00a0se ocup\u0103 de ceea ce ar trebui s\u0103 face\u0163i voi !?&#8230; p\u0103i cine e mai \u00eendrept\u0103\u0163it s\u0103 studieze \u201eorganizarea militar\u0103\u201d dec\u00e2t un \u201eprofesionist\u201d ? Ce \u015fti\u0163i voi de milit\u0103rie ? P\u0103i vou\u0103 v\u0103 e u\u015for s\u0103 declara\u0163i c\u0103 romanii au venit \u00een Dacia cu 12 legiuni cu un total de 150.000 de oameni, dar demonstra\u0163i c\u0103 nici ARITMETIC\u0102 nu cunoa\u015fte\u0163i (deh&#8230; umani\u015fti), deoarece o legiune avea \u00eentre 4.000 \u015fi 6000 de oameni, deci se poate ajunge la maximul de 50-60.000. Apoi trebuie s\u0103 \u015fti\u0163i c\u0103 nu to\u0163i au ajuns la Sarmizegetusa, deoarece majoritatea trebuia \u201el\u0103sat\u0103 pe drum\u201d pentru a asigura aprovizionarea \u015fi&#8230; SPATELE. Al\u0163ii mai mureau pe drum, c\u0103 doar nu erau la Parad\u0103, ci trebuiau s\u0103-\u015fi fac\u0103 loc cu sabia&#8230; a\u015fa c\u0103 la Sarmizegetusa, dac\u0103 au ajuns 10-20.000 de legionari !? S\u0103 \u00eentreba\u0163i pe militari cam c\u00e2\u0163i oameni trebuiau apoi \u00eempr\u0103\u015ftia\u0163i prin castrele ce ap\u0103rau c\u0103ile de acces, ca s\u0103 pricepe\u0163i c\u0103 <span style=\"color: #003366;\"><strong>EXTERMINAREA DACILOR este o ABERA\u0162IE !!!<\/strong><\/span><br \/>\nCe pricepe\u0163i voi de<span style=\"color: #800000;\"><strong> MEDICIN\u0102<\/strong><\/span> ? Iat\u0103 de ce e nevoie \u015fi de MEDICI pentru studiul trecutului, deoarece ei pot pricepe GRADUL DE CIVILIZA\u0162IE dup\u0103 cuno\u015ftin\u0163ele medicale achizi\u0163ionate \u00een secole !<br \/>\n<span style=\"color: #003300;\"><strong>\u00cen CONCLUZIE, s\u0103 v\u0103 ias\u0103 din cap c\u0103 \u201enumai voi pute\u0163i emite IPOTEZE ISTORICE\u201d, deoarece a\u015fa ceva poate face cu succes numai un COLECTIV MULTI-DISCIPLINAR !!!<\/strong><\/span><br \/>\nBolile voastre sunt cele ale majorit\u0103\u0163ii intelectualit\u0103\u0163i rom\u00e2ne\u015fti pentru care ve\u0163i trage consecin\u0163e : \u201e\u00eeng\u00e2mfarea\u201d \u015fi \u201evinderea pentru un pumn de privilegii\u201d, boli induse de un Sistem Tic\u0103lo\u015fit, ai c\u0103rui COMPLICI sunte\u0163i !!!<\/p>\n<p>&nbsp;<\/p>\n<p><span style=\"color: #000080;\"><strong>(va urma)\u00a0<\/strong><\/span><\/p>\n","protected":false},"excerpt":{"rendered":"<p>Problema \u201epopoarelor migratoare\u201d este supralicitat\u0103, acestea r\u0103m\u00e2n\u00e2nd \u00een Istorie, nu ca purt\u0103toare de civiliza\u0163ie ci de f\u0103r\u0103delegi pe teritoriile altora ! De aceea nu exist\u0103 \u201edocumente\u201d despre locuitorii stabili ai spa\u0163iului carpato-dun\u0103reano-pontic&#8230; deoarece lumea se ocup\u0103\/preocup\u0103\/scrie de cei ce \u201estric\u0103 echilibrul\u201d, ci nu de \u201ecei ce-\u015fi v\u0103d de ale lor\u201d ! Cine \u00ee\u015fi imagineaz\u0103 c\u0103 [&hellip;]<\/p>\n","protected":false},"author":2,"featured_media":0,"comment_status":"open","ping_status":"open","sticky":false,"template":"","format":"standard","meta":{"footnotes":""},"categories":[3],"tags":[889,421,888,875,890,549],"jetpack_featured_media_url":"","_links":{"self":[{"href":"https:\/\/bassdu.mine.bz\/index.php?rest_route=\/wp\/v2\/posts\/2207"}],"collection":[{"href":"https:\/\/bassdu.mine.bz\/index.php?rest_route=\/wp\/v2\/posts"}],"about":[{"href":"https:\/\/bassdu.mine.bz\/index.php?rest_route=\/wp\/v2\/types\/post"}],"author":[{"embeddable":true,"href":"https:\/\/bassdu.mine.bz\/index.php?rest_route=\/wp\/v2\/users\/2"}],"replies":[{"embeddable":true,"href":"https:\/\/bassdu.mine.bz\/index.php?rest_route=%2Fwp%2Fv2%2Fcomments&post=2207"}],"version-history":[{"count":4,"href":"https:\/\/bassdu.mine.bz\/index.php?rest_route=\/wp\/v2\/posts\/2207\/revisions"}],"predecessor-version":[{"id":2258,"href":"https:\/\/bassdu.mine.bz\/index.php?rest_route=\/wp\/v2\/posts\/2207\/revisions\/2258"}],"wp:attachment":[{"href":"https:\/\/bassdu.mine.bz\/index.php?rest_route=%2Fwp%2Fv2%2Fmedia&parent=2207"}],"wp:term":[{"taxonomy":"category","embeddable":true,"href":"https:\/\/bassdu.mine.bz\/index.php?rest_route=%2Fwp%2Fv2%2Fcategories&post=2207"},{"taxonomy":"post_tag","embeddable":true,"href":"https:\/\/bassdu.mine.bz\/index.php?rest_route=%2Fwp%2Fv2%2Ftags&post=2207"}],"curies":[{"name":"wp","href":"https:\/\/api.w.org\/{rel}","templated":true}]}}