{"id":2211,"date":"2012-05-21T22:51:41","date_gmt":"2012-05-21T21:51:41","guid":{"rendered":"http:\/\/bassdu.mine.nu\/?p=2211"},"modified":"2012-11-11T13:13:14","modified_gmt":"2012-11-11T12:13:14","slug":"continuitatea-traco-geto-daca-in-spatiul-carpato-dunareano-pontic-3","status":"publish","type":"post","link":"https:\/\/bassdu.mine.bz\/?p=2211","title":{"rendered":"Continuitatea traco-geto-dac\u0103 \u00een spa\u0163iul carpato-dun\u0103reano-pontic (3)"},"content":{"rendered":"<p><span style=\"color: #000080;\"><em>\u00cen continuare o s\u0103-mi dau cu p\u0103rerea asupra unor idei r\u0103sp\u00e2ndite de istorici de-ai altora, dar \u015fi de-ai no\u015ftri, cu care eu \u201enu m\u0103 impac\u201d.<\/em><\/span><br \/>\n<span style=\"color: #000080;\"><em>O s-o fac \u00een mod aleatoriu, \u00een raport cu fiecare \u201esubiect\u201d \u00een parte legat de obiectul diserta\u0163iei.<\/em><\/span><\/p>\n<p><strong>De cur\u00e2nd a fost transmis\u0103 pe RAI \u00een cadrul emisiunii televizive \u201eUlisse\u201d<\/strong>, o interpretare istoric\u0103 a <strong>r\u0103zboiului de cucerire a Daciei<\/strong> , pornindu-se de la basoreliefurile de pe <strong>Columna Traian\u0103<\/strong>.Men\u0163ionez c\u0103 emisiunea este de mare audien\u0163\u0103 \u00een <strong>Italia<\/strong>, datorit\u0103 calit\u0103\u0163ii informa\u0163iei istorice \u015fi a profesionalismului realizatorului <strong>Alberto Angela<\/strong>, fiul nu mai pu\u0163in faimosului s\u0103u tat\u0103 <strong>Piero Angela<\/strong>, \u015fi el un mare divulgator de \u015ftiin\u0163\u0103 la<strong> televiziunea italian\u0103.\u00a0<\/strong><br \/>\nPrima \u00eentrebare pe care mi-o pun este :<span style=\"color: #800000;\"><em> \u201ela noi de ce nu se fac astfel de emisiuni de informare \u015ftiin\u0163ific\u0103, sau istoric\u0103 precum \u00een cazul de fa\u0163\u0103 ?\u201d<\/em><\/span><br \/>\nCert este c\u0103 \u00een emisiune s-au vehiculat o seam\u0103 de ipoteze \u201efavorabile romanilor\u201d cu care nu sunt de acord, iar alte aspecte au fost ignorate cu, sau f\u0103r\u0103 voie. \u00cen continuare o s\u0103 argumentez:<\/p>\n<p>1. Primul aspect care l-am remarcat, a fost <strong>\u201eprezen\u0163a unor b\u0103rbo\u015fi\u201d \u00een anturajul lui Traian<\/strong>, care nu puteau fi dec\u00e2t&#8230; traco-geto-daci !?!?<br \/>\nAceasta demonstreaz\u0103 c\u0103 r\u0103zboiul \u00eempotriva lui Decebal, a fost \u00een mare parte un <strong>\u201er\u0103zboi civil\u201d<\/strong>.<br \/>\nExplica\u0163ia prezen\u0163ei unor traco-geto-daci al\u0103turi de legiunile imperiale, este simpl\u0103 dac\u0103 \u0163inem cont c\u0103<strong> Moesia<\/strong> (<em>partea sud-dun\u0103rean\u0103 a vechiului Imperiu Dacic de pe vremea lui<strong> Burebista<\/strong><\/em>) era deja \u201eclient\u0103\u201d a imperiului roman, neexist\u00e2nd dovezi ale unor \u00eencle\u015ft\u0103ri militare majore \u00een acea zon\u0103.<br \/>\nSe vorbe\u015fte de <strong>Bicilis<\/strong>, ca fiind unul dintre \u201etr\u0103d\u0103torii\u201d lui<strong> Decebal<\/strong>, care a dezv\u0103luit ascunzi\u015ful comorii, deci avem \u015fi o dovad\u0103 suplimentar\u0103 pentru aceast\u0103 tez\u0103 a \u201etr\u0103d\u0103rii\u201d.<br \/>\nFapt este c\u0103 dup\u0103 \u201evictoria\u201d de la Tapae, <strong>Traian se retrage<\/strong> \u00een loc s\u0103 avanseze spre <strong>Sarmizegetusa<\/strong>, fapt ce pune sub semnul \u00eentreb\u0103rii cuv\u00e2ntul \u201evictorie\u201d (motiv pentru care am folosit ghilimelele). Ba mai mult, Decebal \u00een alian\u0163\u0103 cu<strong> dacii liberi<\/strong> din est, <strong>ge\u0163ii, sarma\u0163ii<\/strong> (care tot traci erau) \u015fi<strong> iazigii<\/strong>, trec la contraofensiv\u0103 atac\u00e2nd Moesia, probabil motiva\u0163i \u015fi de \u201etr\u0103darea\u201d de care am pomenit. Drept urmare,<strong> Traian<\/strong> e obligat s\u0103 coboare pe Dun\u0103re \u015fi s\u0103-i \u00eenfrunte pe \u201eagresori\u201d asupra c\u0103rora ob\u0163ine \u201evictoria\u201d final\u0103 de la <strong>Adamclisi<\/strong>, bine\u00een\u0163eles tot cu ajutorul \u201etr\u0103d\u0103torilor moezi\u201d. Am scris din nou \u201evictorie\u201d, deoarece \u201efiecare trage spuza pe propria turt\u0103\u201d, dar adev\u0103rul este c\u0103 \u201ebarbarii\u201d nu aveau for\u0163a militar\u0103 a romanilor, deci este mult mai plauzibil\u0103 o <strong>retragere strategic\u0103<\/strong> a acestora de la<strong> \u201econfruntarea direct\u0103\u201d<\/strong>, pentru a continua <strong>\u201elupta de h\u0103r\u0163uire\u201d<\/strong>. Urmarea imediat\u0103 este c\u0103 trupele imperiale au fost dislocate din vest, ceea ce demonstreaz\u0103 marea m\u0103iestrie militar\u0103 a lui Decebal. Aceast\u0103 ac\u0163iune militar\u0103\u00a0 a \u201eu\u015furat\u201d Sarmizegetusa !\u00a0 Ca urmare a acestor \u201edemonstra\u0163ii de for\u0163\u0103\u201d ale romanilor (<em>care au fost totu\u015fi impun\u0103toare !<\/em>) \u015fi \u00een eminen\u0163a unei re\u00eentoarceri a lui Traian asupra Sarmizegetusei, Decebal \u00eencheie un<strong> armisti\u0163iu<\/strong> cu acesta, \u00een urma c\u0103ruia cedeaz\u0103 zonele deja ocupate \u015fi se angajeaz\u0103 s\u0103 devin\u0103 \u201eclient\u201d al Imperiului, adic\u0103 aliat. Aceasta a fost numai o \u201emanevr\u0103 de temporizare\u201d, deoarece Decebal<em> a continuat fortificarea cet\u0103\u0163ilor sale \u015fi preg\u0103tirile de r\u0103zboi<\/em>, pricep\u00e2nd c\u0103 romanii nu renun\u0163aser\u0103 la bog\u0103\u0163iile Daciei, ci doar <em>\u201e\u00ee\u015fi reprindeau r\u0103suflarea\u201d<\/em>.<br \/>\nAcestea sunt <strong>\u201econsidera\u0163ii tactice \u015fi strategice cu caracter militar\u201d<\/strong>, domeniu \u00een care istoricii au mult de \u00eenv\u0103\u0163at de la MILITARI (apropos de \u201einvazia de c\u00e2mp\u201d de care sunt acuza\u0163i <strong>gen. Chelaru<\/strong> \u015fi al\u0163i militari de carier\u0103).<\/p>\n<p>2.<strong> Ipoteza \u201esinuciderilor \u00een mas\u0103\u201d<\/strong> care a fost \u201esugerat\u0103\u201d de Alberto Angela, este o abera\u0163ie \u201econstruit\u0103\u201d pentru a face ceea ce to\u0163i cuceritorii fac : s\u0103 eviden\u0163ieze<strong> \u201eterenul gol l\u0103sat de \u00eenvin\u015fi\u201d<\/strong>, pentru a justifica<strong> \u201epermanen\u0163a\/deposedarea ulterioar\u0103\u201d<\/strong>, ba chiar \u015fi&#8230; <strong>ROMANIZAREA<\/strong> prin aducerea de <em>coloni\u015fti de la Roma<\/em> , cum este figurat \u015fi cu o <em>anima\u0163ie<\/em> \u00een emisiune. Citi\u0163i c\u00e2\u0163i \u00eemp\u0103ra\u0163i \u015fi-au luat titlul de \u201edacicus\u201d, \u201ecarpicus\u201d, \u201egeticus\u201d dup\u0103 Traian, \u015fi ve\u0163i pricepe c\u0103 \u201es\u0103m\u00e2n\u0163a traco-geto-dacilor\u201d s-a perpetuat pentru mul\u0163i ani dup\u0103 Traian (p\u00e2n\u0103 azi , zicem noi). \u00a0Este adev\u0103rat c\u0103<strong> Decebal<\/strong> s-a sinucis, dar el era un rege care ar fi fost dus \u00een lan\u0163uri la Roma, a\u015fa cum s-a \u00eent\u00e2mplat cu <strong>Vercingetorix<\/strong> al galilor \u015fi cu alte c\u0103petenii \u00eenfr\u00e2nte de romani (<em>nu ca al\u0163ii care s-au l\u0103sat \u015fi decora\u0163i de Stalin, deoarece au l\u0103sat \u00een grija gloan\u0163elor \u015fi Siberiei 130.000 de o\u015fteni proprii&#8230; <\/em><span style=\"color: #888888;\"><em><span style=\"color: #000000;\">dar \u0103la sigur nu era urma\u015f al dacilor ! &#8230; \u0103la era sigur un \u201eurma\u015f al Romei\u201d<\/span><\/em><strong><span style=\"color: #000000;\"><em> !<\/em>)<\/span><\/strong><\/span><\/p>\n<p><span style=\"color: #888888;\"><strong><span style=\"color: #000080;\">Este ILOGIC ca un individ care prime\u015fte moartea cu senin\u0103tate, s\u0103-\u015fi ia via\u0163a at\u00e2ta timp c\u00e2t mai poate \u0163ine \u00een m\u00e2n\u0103 un falx, sau o sic\u0103 !!!<\/span><\/strong><\/span><br \/>\nMult mai plauzibil\u0103 este <em>\u201e\u00eemp\u0103r\u0163irea ultimelor rezerve de ap\u0103\u201d<\/em>, sau \u00eemp\u0103r\u0163irea unor \u201estimulente\u201d despre care \u201ecircul\u0103 zvonuri\u201d c\u0103 dacii le-ar fi cunoscut \u015fi consumat.<br \/>\nDecebal era \u00eenconjurat de o mul\u0163ime de legionari \u015fi nu avea nicio \u015fans\u0103 de izb\u00e2nd\u0103, risc\u00e2nd \u00eens\u0103 s\u0103 fie r\u0103nit \u015fi <span style=\"color: #000080;\">prins \u00een via\u0163\u0103<\/span> !!!<br \/>\nApropos de <span style=\"color: #800000;\"><strong>\u201escena sinuciderii lui Decebal\u201d de pe Column\u0103<\/strong><\/span>, nu s-a specificat \u00een emisiune c\u0103 ea a fost \u015ftears\u0103 de reprezentan\u0163ii <strong>Vaticanului<\/strong>, din motive ce nu pot fi dec\u00e2t b\u0103nuite (<span style=\"color: #800000;\">vezi secretele Vaticanului \u00een chestiunea dac\u0103<\/span>). Noroc c\u0103 se luaser\u0103 amprente \u015fi schi\u0163e ale acestei scene \u00eenaintea \u015ftergerii !<br \/>\nPutem doar s\u0103 ipotiz\u0103m <strong>\u201e\u00eenl\u0103turarea unei scene de extrem\u0103 b\u0103rb\u0103\u0163ie pentru un Neam ce trebuia s\u0103 apar\u0103 altfel\u201d<\/strong>, sau <strong>\u201eincompatibilitatea cu credin\u0163a cre\u015ftin\u0103 \u015fi cu personajul instalat de Vatican pe locul lui Traian\u201d<\/strong>. <span style=\"color: #800000;\">Poate cineva ne va l\u0103muri vreodat\u0103 aceast\u0103&#8230; enigm\u0103 !?<\/span><\/p>\n<p>3. O alt\u0103 abera\u0163ie sus\u0163inut\u0103, este <strong>\u201edeportarea \u00een mas\u0103 a popula\u0163iei civile\u201d<\/strong>, reprezentat\u0103 de scena \u201ecopilului \u00eenm\u00e2nat de o femeie dac\u0103 lui Traian\u201d, ce indic\u0103 Roma \u015fi de basorelieful cu coloanele de civili transfugi.<br \/>\nDup\u0103 p\u0103rerea mea, se trateaz\u0103 de \u201eluarea de ostatici din familii regale\/nobile (se observ\u0103 fine\u0163ea ve\u015fmintelor), pentru a-i \u0163ine cumin\u0163i pe daci\u201d, respectiv \u201eretragerea dacilor din teritoriile\/a\u015fez\u0103rile r\u0103mase \u00een m\u00e2na romanilor\u201d. Este cunoscut\u0103 existen\u0163a a zeci de statui de daci r\u0103sp\u00e2ndite \u00een toate marile muzee ale lumii \u015fi \u00een diverse colec\u0163ii particulare , executate dup\u0103 \u201emodele reale\u201d chiar la Roma !!! &#8230; ace\u015ftia puteau fi \u201eostateci\u201d, sau &#8230; \u201ecolaboratori\u201d !<br \/>\nAm f\u0103cut mai \u00eenainte \u201edemonstra\u0163ia aritmetic\u0103\u201d a imposibilit\u0103\u0163ii control\u0103rii unui teritoriu imens cu RESTURILE unei armate ini\u0163iale de maxim 60.000 de legionari, iar f\u0103r\u0103 <strong>\u201econtrolul teritoriului\u201d<\/strong> nu se poate imagina o <strong>\u201ecur\u0103\u0163enie etnic\u0103\u201d<\/strong>\u00a0a\u015fa cum sus\u0163ine Alberto Angela !!! <span style=\"color: #800000;\"><strong>Este ilogic s\u0103 deportezi sute de mii de persoane, pentru a aduce alte sute de mii din alte popoare !!! Imagina\u0163i-v\u0103 costurile \u015fi dificult\u0103\u0163ile unei astfel de opera\u0163ii, \u00een condi\u0163iile vremurilor actuale, dar\u0103mite atunci !!!<\/strong><\/span><br \/>\n<span style=\"color: #003300;\">Nici m\u0103car ru\u015fii nu au reu\u015fit \u00een 200 de ani (cu \u201epauza\u201d dintre r\u0103zboaiele mondiale) s\u0103 deporteze mai mult de un milion de rom\u00e2ni din Basarabia&#8230; \u015fi aveau trenuri \u015fi Kala\u015fnicoave ! Nici maghiarii nu au reu\u015fit \u00een 1000 de ani, nici m\u0103car s\u0103 devin\u0103 majoritari, cu toate maghiariz\u0103rile for\u0163ate pe care le-au f\u0103cut !!! Nici s\u00e2rbii nu au reu\u015fit tot \u00een 170 de ani s\u0103 dezna\u0163ionalizeze\u00a0 Timocul, de\u015fi aveau radio, televiziune, partid comunist, etc. !!!&#8230; la fel bulgarii&#8230; la fel grecii !!! Domnilor delatori ai neamului milenar daco-rom\u00e2n&#8230; SUNTE\u0162I PE AR\u0102TUR\u0102 !!! Romanii nici nu au pus piciorul pe trei sferturi din teritoriul traco-daco-ge\u0163ilor &#8230; mun\u0163ii \u015fi codrii au fost \u015fi vor fi \u201egaran\u0163ia continuit\u0103\u0163ii neamului\u201d !&#8230;da, au mai venit \u015fi al\u0163ii \u00eentre timp, dar au r\u0103mas ce erau (\u00een cel mai bun caz), a\u015fa cum \u015fi noi am r\u0103mas ce eram !!! De cele mai multe ori, \u201eveneticii\u201d erau \u201emai barbari ca noi\u201d, dar s-au pus bine cu du\u015fmanii no\u015ftri \u015fi ne-au restr\u00e2ns \u201earealul\u201d&#8230; alte ori au venit unii mai \u201eciviliza\u0163i\u201d. De multe ori, \u201eciviliza\u0163ii\u201d ne-au adus \u201ep\u0103cate\u201d, dar s-a g\u0103sit mereu un Burebista \u201es\u0103 taie viile\u201d ! Azi sunt alte imperii,ce ne-au adus \u201eun alt mod de via\u0163\u0103\u201d&#8230; alte \u201evalori\u201d, dar se va g\u0103si un Burebista s\u0103 \u201ele taie viile\u201d !!!<\/span><br \/>\n<strong>CUR\u0102\u0162ENIA ETNIC\u0102<\/strong> este categoric infirmat\u0103 de <strong>NE\u00ceNCETATELE H\u0102R\u0162UIELI ale \u201edacilor liberi\u201d<\/strong>, care au determinat \u00een cele din urm\u0103, dup\u0103 165 de ani, <strong>P\u0102R\u0102SIREA TOTAL\u0102<\/strong> Daciei nord-dun\u0103rene, deoarece o \u201e<strong>p\u0103r\u0103sire par\u0163ial\u0103<\/strong>\u201d \u00eencepuse cu mult \u00eenainte !!!<\/p>\n<p>4. O alt\u0103 abera\u0163ie este aceea c\u0103 <strong>\u201edacii nu exploatau aurul \u00een mine\u201d<\/strong>, ci doar din albiile r\u00e2urilor !?<br \/>\nEste adev\u0103rat c\u0103 exploatarea aurului are nevoie de ape curg\u0103toare (<em>am v\u0103zut to\u0163i filmele americane despre \u201ethe gold-rush\u201d<\/em>), dar nu trebuie s\u0103 fii cine \u015ftie ce geolog s\u0103 pricepi c\u0103 dac\u0103 \u00een r\u00e2u se g\u0103se\u015fte aur, trebuie s\u0103 vin\u0103 din \u00eemprejurimi&#8230; deci,<strong> \u201ed\u0103-i \u015fi sap\u0103\u201d !!!<\/strong><br \/>\nAlfel cum s\u0103 explici cele<strong> 200 tone<\/strong> de bijuterii\/obiecte sacre dezgropate din albia r\u00e2ului Sarmis (?).<br \/>\nAm \u00eent\u00e2lnit \u015fi \u201eistorici ai lui pe\u015fte\u201d rom\u00e2ni, care sus\u0163ineau c\u0103 <strong>dacii nu prelucrau aurul !?!?!?<\/strong> &#8230; trebuie s\u0103 fi fumat ceva toxic \u00eenainte, ca s\u0103 faci o a\u015fa afirma\u0163ie, numai dac\u0103 \u0163inem cont de <strong>COIFUL DE AUR de la CO\u0162OFENE\u015eTI, datat \u00een sec. al V-lea \u00ee.C<\/strong>. ca s\u0103 nu mai pomenim de <strong>br\u0103\u0163\u0103rile dacice<\/strong> \u015fi <strong>cosonii<\/strong>\u00a0care sunt at\u00e2t de mul\u0163i \u201epe pia\u0163\u0103\u201d azi, c\u0103 pre\u0163ul lor s-a pr\u0103bu\u015fit !!!<\/p>\n<p>5. O alt\u0103 punctualizare ce nu mi-a pl\u0103cut, a fost aceea referitoare la <strong>\u201eviolen\u0163ele femeilor dace asupra prizonierilor romani\u201d<\/strong>.<br \/>\n<span style=\"color: #003300;\"><em>\u00cen primul r\u00e2nd afl\u0103m c\u0103 exista \u015fi a\u015fa ceva (prizonieri), ca dovad\u0103 c\u0103 romanii mai \u015fi pierdeau lupte, ba mai \u015fi mureau, de li se at\u0103rnau \u0163estele \u00een pari pe zidurile cet\u0103\u0163ilor dacice (cu pu\u0163in\u0103 LOGIC\u0102, putem deduce c\u0103 num\u0103rul lor sc\u0103dea pe durata incursiunii \u00een Dacia) !<\/em><\/span><br \/>\n\u00cen al doilea r\u00e2nd, s\u0103 nu uit\u0103m <span style=\"color: #003300;\">scenele cu romanii ce decapiteaz\u0103 mor\u0163ii, \u0163in\u00e2ndu-le chiar \u0163estele \u00een din\u0163i (!?)<\/span> pentru \u201ea se da mari\u201d \u00een fa\u0163a lui Traian !&#8230; s\u0103 nu uit\u0103m <span style=\"color: #003300;\">capul \u015fi m\u00e2na dreapt\u0103 a lui Decebal<\/span>\u00a0\u201edus\u0103 plocon\u201d aceluia\u015f \u201ecivilizator\u201d ! \u00a0Cred \u015fi eu c\u0103 li se r\u0103spundea cu aceea\u015fi moned\u0103, c\u0103 doar se trateaz\u0103 de vremurile c\u00e2nd \u201eciviliza\u0163ii\u201d se distrau \u00een <strong>Arene<\/strong>, aclam\u00e2nd <strong>sf\u00e2\u015fierea prizonierilor de c\u0103tre fiare<\/strong>, sau moartea<strong> gladiatorilor<\/strong> pu\u015fi s\u0103 se confrunte pe via\u0163\u0103 \u015fi pe moarte !? &#8230; <span style=\"color: #000080;\">s\u0103 fie la ei \u201eciviliza\u0163ia\u201d asta !!!<\/span><br \/>\n<strong>S\u0103 nu uit\u0103m c\u0103 acele femei, probabil c\u0103-\u015fi pierduser\u0103 b\u0103rba\u0163ii \u00een LUPTE DE AP\u0102RARE , ci nu de CUCERIRE \u015fi SUBJUGARE !!!<\/strong><br \/>\n<strong>S\u0103 nu uit\u0103m c\u0103 AMAZOANELE erau din neamul tracilor&#8230; ultima expresie a MATRIARHATULUI \u00een lumea cunoscut\u0103 !!!<\/strong><\/p>\n<p>6. Am aflat cu aceast\u0103 ocazie,\u00a0 despre un<span style=\"color: #000080;\"><em> detaliu de pe basoreliefuri<\/em><\/span> (<span style=\"color: #800000;\">de data asta nu e o obiec\u0163iune, ci o mul\u0163umire<\/span>), \u015fi anume despre <strong>GRATON<\/strong> &#8211; un fel de c\u0103ru\u0163\u0103 \u015fi azi \u00een uz la <strong>LADINII<\/strong> din <strong>Alpii Dolomitici<\/strong>. Cine m\u0103 cite\u015fte, \u015ftie c\u0103 am sus\u0163inut c\u0103 ladinii sunt<strong> \u201eneam apropiat al str\u0103rom\u00e2nilor\u201d<\/strong>, ca \u015fi<strong> roman\u015fii, sarzii, corsicanii \u015fi bascii<\/strong> (<span style=\"color: #800000;\"><em>toate popula\u0163ii alpine\/sub-alpine<\/em><\/span>).<\/p>\n<p>7. O alt\u0103 \u201elaud\u0103\u201d pentru emisiune, este prezentarea pe Column\u0103 a<strong> legionarilor \u201ela cules de gr\u00e2u\/mei\u201d<\/strong>, ceea ce demonstreaz\u0103 c\u0103 \u201eistoricii lui pe\u015fte\u201d care sus\u0163in c\u0103 dacii nu practicau agricultura, sunt \u201epe ar\u0103tur\u0103\u201d (<span style=\"color: #800000;\"><em>c\u0103 doar cultivase cineva gr\u00e2ul\/meiul pe care-l recoltau legionari, nu ?<\/em><\/span>)<\/p>\n<p><strong>CONCLUZIE :<\/strong><br \/>\nNu neg valoarea emisiunii, ci doar \u201einterpretarea de parte\u201d, ce este un fapt \u201ede \u00een\u0163eles\u201d.<br \/>\nNoi nu cerem nim\u0103nui s\u0103 \u00eembr\u0103\u0163i\u015feze <strong>IPOTEZELE<\/strong> noastre, dar nici nu suntem dispu\u015fi s\u0103 accept\u0103m orice<strong> GOGORI\u0162\u0102<\/strong>, numai pentru c\u0103 a fost l\u0103sat\u0103 posterit\u0103\u0163ii&#8230; <strong>SCRIS\u0102 !<\/strong><br \/>\n<strong>\u201eIstoricii lui pe\u015fte\u201d<\/strong> consider\u0103 c\u0103 a\u015fa ar trebui procedat, dar noi respingem aceast\u0103 abordare, deoarece \u015eTIM c\u0103 <span style=\"color: #000080;\"><strong>\u201eIstoria este scris\u0103 de \u00eenving\u0103tori\u201d<\/strong><\/span>, \u00een a\u015fa fel ca s\u0103-\u015fi justifice AC\u0162IUNILE.<br \/>\n<span style=\"color: #003300;\"><strong>Noi am fost \u015fi suntem un POPOR PACIFIC \u015fi ne ar\u0103t\u0103m necru\u0163\u0103tori numai cu cei ce ne \u00eencalc\u0103 spa\u0163iul !<\/strong><\/span><\/p>\n<p><strong>(va continua)<\/strong><\/p>\n<p><a href=\"http:\/\/www.facebook.com\/l.php?u=http%3A%2F%2Fwww.youtube.com%2Fwatch%3Fv%3DRGCLC8ULNag&amp;h=hAQHXSUvAAQHnoZm_RCZfpabEvUL8Nrqe99-BXJCtxJpAwA\">http:\/\/www.facebook.com\/l.php?u=http%3A%2F%2Fwww.youtube.com%2Fwatch%3Fv%3DRGCLC8ULNag&amp;h=hAQHXSUvAAQHnoZm_RCZfpabEvUL8Nrqe99-BXJCtxJpAwA<\/a><\/p>\n<p><iframe loading=\"lazy\" src=\"http:\/\/www.youtube.com\/embed\/RGCLC8ULNag\" frameborder=\"0\" width=\"420\" height=\"315\"><\/iframe><\/p>\n","protected":false},"excerpt":{"rendered":"<p>\u00cen continuare o s\u0103-mi dau cu p\u0103rerea asupra unor idei r\u0103sp\u00e2ndite de istorici de-ai altora, dar \u015fi de-ai no\u015ftri, cu care eu \u201enu m\u0103 impac\u201d. O s-o fac \u00een mod aleatoriu, \u00een raport cu fiecare \u201esubiect\u201d \u00een parte legat de obiectul diserta\u0163iei. De cur\u00e2nd a fost transmis\u0103 pe RAI \u00een cadrul emisiunii televizive \u201eUlisse\u201d, o [&hellip;]<\/p>\n","protected":false},"author":2,"featured_media":0,"comment_status":"open","ping_status":"open","sticky":false,"template":"","format":"standard","meta":{"footnotes":""},"categories":[3],"tags":[893,896,899,165,898,891,900,897,128,166,894,901,902,11,892,895,297],"jetpack_featured_media_url":"","_links":{"self":[{"href":"https:\/\/bassdu.mine.bz\/index.php?rest_route=\/wp\/v2\/posts\/2211"}],"collection":[{"href":"https:\/\/bassdu.mine.bz\/index.php?rest_route=\/wp\/v2\/posts"}],"about":[{"href":"https:\/\/bassdu.mine.bz\/index.php?rest_route=\/wp\/v2\/types\/post"}],"author":[{"embeddable":true,"href":"https:\/\/bassdu.mine.bz\/index.php?rest_route=\/wp\/v2\/users\/2"}],"replies":[{"embeddable":true,"href":"https:\/\/bassdu.mine.bz\/index.php?rest_route=%2Fwp%2Fv2%2Fcomments&post=2211"}],"version-history":[{"count":13,"href":"https:\/\/bassdu.mine.bz\/index.php?rest_route=\/wp\/v2\/posts\/2211\/revisions"}],"predecessor-version":[{"id":2499,"href":"https:\/\/bassdu.mine.bz\/index.php?rest_route=\/wp\/v2\/posts\/2211\/revisions\/2499"}],"wp:attachment":[{"href":"https:\/\/bassdu.mine.bz\/index.php?rest_route=%2Fwp%2Fv2%2Fmedia&parent=2211"}],"wp:term":[{"taxonomy":"category","embeddable":true,"href":"https:\/\/bassdu.mine.bz\/index.php?rest_route=%2Fwp%2Fv2%2Fcategories&post=2211"},{"taxonomy":"post_tag","embeddable":true,"href":"https:\/\/bassdu.mine.bz\/index.php?rest_route=%2Fwp%2Fv2%2Ftags&post=2211"}],"curies":[{"name":"wp","href":"https:\/\/api.w.org\/{rel}","templated":true}]}}