{"id":2236,"date":"2012-05-29T22:29:36","date_gmt":"2012-05-29T21:29:36","guid":{"rendered":"http:\/\/bassdu.mine.nu\/?p=2236"},"modified":"2014-03-30T21:46:21","modified_gmt":"2014-03-30T20:46:21","slug":"galeriu-imparatul-dac","status":"publish","type":"post","link":"https:\/\/bassdu.mine.bz\/?p=2236","title":{"rendered":"Galeriu- \u00eemp\u0103ratul dac al&#8230; Romei !?"},"content":{"rendered":"<p><span style=\"color: #800000;\"><strong>OARE DE CE NU SCRIU C\u0102R\u0162ILE NOASTRE DE ISTORIE NIMIC DESPRE GALERIU- \u00ceMP\u0102RATUL ROMEI, CE A DORIT SCHIMBAREA NUMELUI<span style=\"color: #000080;\"> IMPERIULUI ROMAN<\/span> \u00ceN&#8230;<span style=\"color: #000080;\"> IMPERIUL DACIC ???<\/span><\/strong><\/span><\/p>\n<p>&nbsp;<\/p>\n<p><strong>Cine dore\u015fte am\u0103nunte despre DACUL GALERIUS \u00a0\u00eemp\u0103rat al Romei la cump\u0103na anilor 300 d.C. (<\/strong><span style=\"color: #000080;\">deci mai existau daci dup\u0103 300 d.C. !!!<\/span>)<strong> se poate l\u0103muri mai jos (<em>bine\u00een\u0163eles din document\u0103ri din englez\u0103, sau italian\u0103, deoarece \u201eistoricii lui pe\u015fte\u201d nu au timp s\u0103 ne vorbeasc\u0103 de a\u015fa ceva !?!?<\/em>)<br \/>\n<\/strong><\/p>\n<p><span style=\"color: #000080;\">According to Lactantius, Galerius affirmed his Dacian identity and avowed himself the enemy of the Roman name once made emperor, even proposing that the empire should be called, <strong>not the Roman, but the<span style=\"text-decoration: underline;\"><em> Dacian<\/em><\/span> Empire<\/strong>, much to the horror of the patricians and senators. He exhibited anti-Roman attitude as soon as he had attained the highest power, treating the Roman citizens with ruthless cruelty, like the conquerors treated the conquered, all in the name of the same treatment that the victorious Trajan had applied to the conquered Dacians, forefathers of Galerius, two centuries before.[<strong>Lactanius<\/strong>]<\/span><\/p>\n<p>^<span style=\"color: #800000;\"><strong> <\/strong><strong>Lactanius<\/strong><em><strong>, De Mortibus Persecutorum, CHAP. XXIII:<\/strong> \u201eAnd thus did he, once a Roman emperor, but now the ravager of Italy, retire into his own territories, after having afflicted all men indiscriminately with the calamities of war. Long ago, indeed, and at the very time of his obtaining sovereign power, <strong>he had avowed himself the enemy of the Roman name<\/strong>; and he proposed that the empire should be called, <\/em><\/span><span style=\"color: #000080;\"><em><strong>not the Roman, but the Dacian empire<\/strong><\/em><em>.\u201d<\/em><\/span><\/p>\n<p>&nbsp;<\/p>\n<p>Acesta este <strong>Arcul din Salonic<\/strong> ridicat de <strong>Galeriu<\/strong>, unde se pot vedea \u201e\u00een eternitatea pietrei\u201d<strong> dacii \u015fi dracones<\/strong>, \u00een b\u0103t\u0103liile acestuia cu per\u015fii.<\/p>\n<p><em><strong>Re\u0163ine\u0163i c\u0103 vorbin de Salonicul arm\u00e2nesc (\u015fi) al c\u0103lug\u0103rilor Chiril \u015fi Metodiu !!!<\/strong><\/em><\/p>\n<p>&#8212; CLICA\u0162I PE FOTOGRAFII&#8212;<\/p>\n<p><em><strong>\u00a0<\/strong><\/em><\/p>\n<p><a href=\"http:\/\/bassdu.mine.nu\/images\/2012\/05\/800px-Thessaloniki-Arch_of_Galerius_eastern_face.jpg\"><img loading=\"lazy\" decoding=\"async\" class=\"aligncenter size-medium wp-image-2238\" title=\"800px-Thessaloniki-Arch_of_Galerius_(eastern_face)\" alt=\"\" src=\"http:\/\/bassdu.mine.nu\/images\/2012\/05\/800px-Thessaloniki-Arch_of_Galerius_eastern_face-300x225.jpg\" width=\"300\" height=\"225\" srcset=\"https:\/\/bassdu.mine.bz\/images\/2012\/05\/800px-Thessaloniki-Arch_of_Galerius_eastern_face-300x225.jpg 300w, https:\/\/bassdu.mine.bz\/images\/2012\/05\/800px-Thessaloniki-Arch_of_Galerius_eastern_face.jpg 800w\" sizes=\"(max-width: 300px) 100vw, 300px\" \/><\/a><\/p>\n<p><span style=\"color: #000080;\">Raffigura la battaglia tra l&#8217;esercito di Galerio sul fiume (che \u00e8 rappresentato da una figura nuda dalla vita in su), appoggiata su una roccia. Accanto a questa figura<strong><span style=\"color: #800000;\"> alcuni cavalieri daci, guidati dall&#8217;imperatore<\/span>\u00a0(<span style=\"color: #000000;\">&#8230; c\u00e2\u0163iva cavaleri daci condu\u015fi de \u00eemp\u0103rat<\/span>)\u00a0<\/strong>. Galerio, seduto sul suo cavallo, colpisce il nemico con una lancia. In mezzo ad una folla di soldati romani sono raffigurati i futuri Cesari, <strong>Costantino I e Licinio<\/strong>. A terra numerosi corpi dei nemici morti e feriti su entrambi i lati, sono poi poste le immagini delle dee Vittoria e Artemide.<\/span><a href=\"http:\/\/bassdu.mine.nu\/images\/2012\/05\/Arch-of-Galerius-1.jpg\"><img loading=\"lazy\" decoding=\"async\" class=\"aligncenter size-medium wp-image-2237\" title=\"Arch-of-Galerius-1\" alt=\"\" src=\"http:\/\/bassdu.mine.nu\/images\/2012\/05\/Arch-of-Galerius-1-300x199.jpg\" width=\"300\" height=\"199\" srcset=\"https:\/\/bassdu.mine.bz\/images\/2012\/05\/Arch-of-Galerius-1-300x199.jpg 300w, https:\/\/bassdu.mine.bz\/images\/2012\/05\/Arch-of-Galerius-1.jpg 800w\" sizes=\"(max-width: 300px) 100vw, 300px\" \/><\/a><\/p>\n<p><span style=\"color: #800000;\"><strong>Arcul<\/strong><\/span> era \u201epoarta monumental\u0103\u201d pe drumul spre ceea ce trebuia s\u0103 fie <span style=\"color: #800000;\"><strong>MAUSOLEUL lui Galerius<\/strong><\/span> ce azi arat\u0103 ca mai jos.<\/p>\n<p>Re\u0163ine\u0163i cum se cheam\u0103 acest monument<span style=\"color: #800000;\"><strong>\u00a0: ROTUNDA<\/strong><\/span> (<em>chiar \u015fi englezii o numesc a\u015fa<\/em>) !!!<\/p>\n<p><span style=\"color: #800000;\"><strong>ROTUND<\/strong><\/span> este dat de dic\u0163ionare ca provenind din latinul <span style=\"color: #800000;\">RETUNDUS<\/span>, chiar dac\u0103 \u0103sta \u00eenseamn\u0103&#8230;\u00a0 <span style=\"color: #800000;\">ATENUARE<\/span> !?!?<\/p>\n<p>Ar fi fost mai \u201enimerit\u201d (punct ochit, punct lovit) s\u0103 provin\u0103 din s\u00e2rb\u0103, unde se zice \u00a0<span style=\"color: #800000;\">\u0420\u043e\u0443\u043d\u0434<\/span>\u00a0(Round)&#8230; dar ce ne facem, c\u0103 s\u00e2rbii nu erau pe atunci prin zon\u0103 !?!?&#8230; p\u0103i atunci, nu \u00eenseamn\u0103 c\u0103 s\u00e2rbescul\u00a0<span style=\"color: #800000;\">\u0420\u043e\u0443\u043d\u0434<\/span> (Round) provine din&#8230; <span style=\"color: #000080;\"><strong>rom\u00e2n\u0103<\/strong><\/span> ?????<\/p>\n<p>&#8230; c\u0103 dac\u0103 <span style=\"color: #800000;\"><strong>ROTUND<\/strong><\/span> nu e nici \u00een latin\u0103, nici \u00een greac\u0103, nici \u00een bulgar\u0103 unde se zice <span style=\"color: #800000;\">\u041e\u043a\u043e\u043b\u043e<\/span> (Ocolo), ci doar \u00een s\u00e2rbe\u015fte, cine de la cine a luat domnilor <span style=\"color: #800000;\">\u201elingvi\u015fti ai lui pe\u015fte\u201d<\/span> ????<\/p>\n<p>Apropos de bulg\u0103rescul <span style=\"color: #800000;\">\u041e\u043a\u043e\u043b\u043e<\/span> (Ocolo) ar trebui s\u0103 pricepem c\u0103 \u015fi acesta vine din rom\u00e2nescul <span style=\"color: #800000;\"><strong>OCOL<\/strong><\/span>, care are ceva tangen\u0163e cu <span style=\"color: #800000;\"><strong>ROTUND<\/strong><\/span>, nuuuuu ?&#8230; ei bine NU !!! &#8230; <span style=\"color: #800000;\">\u201elingvi\u015ftii lui pe\u015fte\u201d<\/span> l-au atribuit &#8230; bulgarilor, c\u0103 ei \u201eau dat un ocol ca s\u0103 ajung\u0103 aici\u201d \u015fi erau at\u00e2t de civiliza\u0163i \u015fi purt\u0103tori ai unei culturi turcice a\u015fa de avansate, c\u0103 \u00a0noi i-am a\u015fteptat \u00een Imperiul \u0103la barbar de Bizantin <strong><span style=\"color: #800000;\">(<\/span><\/strong>care se nume\u015fte \u015fi azi \u00een englez\u0103\u00a0<span style=\"color: #800000;\"><strong>ROMANIA)<\/strong><\/span>, ca s\u0103 ne spun\u0103 cum se cheam\u0103 chestia aia \u00een ce stau animalele noastre !?!? \u00a0&#8230; ha-ha-ha&#8230; dac\u0103 nu ar fi de pl\u00e2ns !?<\/p>\n<p>Culmea este c\u0103 familia cuv\u00e2ntului rom\u00e2nesc<span style=\"color: #800000;\"><strong> OCOL<\/strong><\/span> (<span style=\"color: #000080;\"><strong> a ocoli, ocolitor, ocolire, ocoli\u015f<\/strong><\/span>) \u00a0se traduce \u00een bulgar\u0103 a\u015fa : <span style=\"color: #000080;\"><strong>\u0437\u0430\u043e\u0431\u0438\u043a\u0430\u043b\u044f\u043d\u0435 \u043d\u0430 \u0437\u0430\u0449\u0438\u0442\u0430\u0442\u0430, \u043e\u0442\u043a\u043b\u043e\u043d\u0435\u043d\u0438\u0435, \u043e\u0431\u0445\u043e\u0434, \u0437\u0430\u043e\u0431\u0438\u043a\u043e\u043b\u0435\u043d \u043d\u0430\u0447\u0438\u043d<\/strong><\/span>&#8230; ceea ce e cu totul \u015fi cu totul edificator \u00een ceea ce prive\u015fte \u201ecine de la cine a luat\u201d !!! &#8230; eheeee&#8230; dar ei erau mai aproape de Biserica Ortodox\u0103 de Constantinopol, care nu iertase PAG\u00c2NISMUL \u00eemp\u0103ra\u0163ilor daci ai Imperiului (\u015fi Galerius printre ei, al\u0103turi de al\u0163i 16 \u00eemp\u0103ra\u0163i romani n\u0103scu\u0163i \u00eentre Carpa\u0163i \u015fi Balcani) !!!<\/p>\n<p>\u201e<span style=\"color: #800000;\">Felix Romuliana is a popular tourist stop on the Roman Emperors&#8217; trail which links the birthplaces of over 17 Roman Emperors born on the territory of modern Serbia.<\/span>\u201d<\/p>\n<p>&nbsp;<\/p>\n<p>Acest tip de construc\u0163ie tipic <span style=\"color: #800000;\"><strong>PALEOCRE\u015eTIN<\/strong><\/span> ( vezi aici : \u00a0<a href=\"http:\/\/en.wikipedia.org\/wiki\/Rotunda_%28architecture%29\">http:\/\/en.wikipedia.org\/wiki\/Rotunda_%28architecture%29<\/a> ) \u015fi-l atribuie cu nesim\u0163ire unii care <span style=\"color: #800000;\">PALEOCRE\u015eTINI&#8230; NU AU FOST<\/span> !!!<\/p>\n<p>&nbsp;<\/p>\n<p>&nbsp;<\/p>\n<p><a href=\"http:\/\/bassdu.mine.nu\/images\/2012\/05\/Ac.galerius2.jpg\"><img loading=\"lazy\" decoding=\"async\" class=\"aligncenter size-medium wp-image-2239\" title=\"Ac.galerius2\" alt=\"\" src=\"http:\/\/bassdu.mine.nu\/images\/2012\/05\/Ac.galerius2-300x189.jpg\" width=\"300\" height=\"189\" srcset=\"https:\/\/bassdu.mine.bz\/images\/2012\/05\/Ac.galerius2-300x189.jpg 300w, https:\/\/bassdu.mine.bz\/images\/2012\/05\/Ac.galerius2.jpg 404w\" sizes=\"(max-width: 300px) 100vw, 300px\" \/><\/a><\/p>\n<p><span style=\"color: #000080;\"><strong>Mozaicurile<\/strong><\/span> acestui Mausoleu, devenit \u00a0l\u0103ca\u015f ortodox dup\u0103 <span style=\"color: #000080;\"><strong>Constantin<\/strong><\/span> \u015fi &#8230; Moschee dup\u0103 venirea turcilor, sunt de ACELA\u015eI TIP\u00a0 ca \u015fi cele de la <span style=\"color: #000080;\"><strong>RAVENNA<\/strong> getului\/gotului <strong>TEODORIC.<\/strong><\/span><a href=\"http:\/\/bassdu.mine.nu\/images\/2012\/05\/Saint_George_Rotunda_Thessaloniki_mosaic_medallions.jpg\"><img loading=\"lazy\" decoding=\"async\" class=\"aligncenter size-medium wp-image-2240\" title=\"Saint_George_Rotunda_(Thessaloniki)_mosaic_medallions\" alt=\"\" src=\"http:\/\/bassdu.mine.nu\/images\/2012\/05\/Saint_George_Rotunda_Thessaloniki_mosaic_medallions-300x199.jpg\" width=\"300\" height=\"199\" srcset=\"https:\/\/bassdu.mine.bz\/images\/2012\/05\/Saint_George_Rotunda_Thessaloniki_mosaic_medallions-300x199.jpg 300w, https:\/\/bassdu.mine.bz\/images\/2012\/05\/Saint_George_Rotunda_Thessaloniki_mosaic_medallions.jpg 800w\" sizes=\"(max-width: 300px) 100vw, 300px\" \/><\/a><\/p>\n<p><a href=\"http:\/\/en.wikipedia.org\/wiki\/Rotunda_%28architecture%29\"><br \/>\n<\/a><\/p>\n<p>Alte am\u0103nunte pentru \u201ecurio\u015fi\u201d se pot avea plec\u00e2nd de la link-ul de mai jos \u015fi \u201enavig\u00e2nd\u201d \u00een link-uri colegate :<\/p>\n<p><a href=\"http:\/\/en.wikipedia.org\/wiki\/Arch_and_Tomb_of_Galerius\">http:\/\/en.wikipedia.org\/wiki\/Arch_and_Tomb_of_Galerius<\/a><\/p>\n<p>Din wikipedia am mai aflat urm\u0103toarele informa\u0163ii (bine\u00een\u0163eles din materialele din alte limbi dec\u00e2t rom\u00e2na, deoarece istoricii no\u015ftri au altceva de f\u0103cut!?!?):<\/p>\n<p>1. ROMULA, mama lui Galerius era PREOTEAS\u0102 P\u0102G\u00c2N\u0102 (necre\u015ftin\u0103) \u015fi provenea de la nord de Dun\u0103re.<br \/>\n2. ARCUL LUI GALERIU avea 8 piloni, din care au r\u0103mas \u00een picioare doar 4.<br \/>\n3. Galeriu este \u00eenmorm\u00e2ntat la FELIX ROMULIA (\u00een cinstea mamei sale) l\u00e2ng\u0103 Dun\u0103re (Gamzigrad l\u00e2ng\u0103 Zeicear), \u00een plin TIMOC locuit \u015fi azi \u00een mare majoritate de RUM\u00c2NI&#8230; acesta este motivul pentru care valorificarea arheologic\u0103 a saitului a fost \u00eentrerupt\u0103 \u00een momentul descoperirii \u00een 1984 a inscrip\u0163iei FELIX ROMULIANA, c\u00e2nd s-a produs deci&#8230; \u201edemistificarea\u201d :<br \/>\n\u201eThe complex was demystified in 1984, when in the south-west an archivolt with the inscription of FELIX ROMULIANA was discovered\u201d<br \/>\n\u201eThe construction started in 298 AD near the birthplace of Galerius, the site was named &#8220;Felix Romuliana&#8221; after his mother, Romula. Galerius was of Thracian and Dacian stock, descendant of tribes ruling parts of the Balkans prior to the Roman conquest in the 1st century BC.\u201d<br \/>\nAici s-a g\u0103sit \u015fi statuia \u00een porfir a lui Galerius:<\/p>\n<p><a href=\"http:\/\/bassdu.mine.nu\/images\/2012\/05\/200px-Romuliana_Galerius_head.jpg\"><img loading=\"lazy\" decoding=\"async\" class=\"aligncenter size-full wp-image-3566\" alt=\"200px-Romuliana_Galerius_head\" src=\"http:\/\/bassdu.mine.nu\/images\/2012\/05\/200px-Romuliana_Galerius_head.jpg\" width=\"200\" height=\"274\" \/><\/a><br \/>\nDetalii foarte interesante despre MARELE TEMPLU de la\u00a0 FELIX ROMULIANA aici:<br \/>\n\u201e<span style=\"color: #000080;\">Grand Temple<\/span><\/p>\n<p><span style=\"color: #000080;\">The Grand Temple dominates the south of the compound.[3] The podium in the temple and the basis of a large stairway are well preserved while the walls of the cella are only partly preserved. The remains of an altar with a narrow stairway were found in front of the temple. There is a double crypt in the podium of the temple: a wall directed towards east and west divides the crypt into two rooms with the rectangular basis. A very narrow stairway starting from the southeastern corner of the cella led to the crypt. The cella is rectangular with the antas forming a shallow vestibule.<\/span><\/p>\n<p><span style=\"color: #000080;\"> Head of Galerius, found on the site<\/span><\/p>\n<p><span style=\"color: #000080;\">The walls and floor of the cella have the layer of marble plates. According to the fragments of architectonic elements, we can assume that the temple had two colonnades of columns: a higher one with the Corinthian columns and a lower one with the Ionian columns. In the very vicinity of the temple a great number of fragments of sculptures was found \u2013 they were made of white marble, the most important of which were the heads of Jupiter and Hercules (Photos 20 &amp; 21) according to which the purpose of the temple could be defined. The founder Tetrarchius, Diocletian identified himself with Jupiter while his adopted son and co-ruler Galerius on entering the divine Jupiter family took Hercules for his patron. That\u2019s how the tradition for the rulers to be named after Jupiter and Hercules was established as well as to celebrate the annual holiday in their honor (Ioni et Herculi) on the day when the augusti identified themselves with Jupiter and caesari with Hercules \u2013 the day which became their common and genuine birthday (geminus natalis). It is certain that the temple dominating Romuliana was dedicated to those Gods, i.e. to the cult of the rulers identified with them. It is, above all, Galerius himself who was honored as Divus Galerius after death and apotheosis<\/span>.\u201d<\/p>\n<p>sursa : <a href=\"http:\/\/en.wikipedia.org\/wiki\/Gamzigrad\">http:\/\/en.wikipedia.org\/wiki\/Gamzigrad<\/a><\/p>\n<p><span style=\"text-decoration: underline;\"><span style=\"color: #800000; text-decoration: underline;\"><strong>Este din ce \u00een ce mai evident c\u0103 istoricii no\u015ftri nu se documenteaz\u0103 unde trebuie \u015fi c\u0103 istoria noastr\u0103 multimilenar\u0103 a fost falsificat\u0103 pe r\u00e2nd de greci, romani, din nou greci, slavi, turci, iar acum de cei care ne vor disp\u0103ru\u0163i de pe aceste meleaguri!!!<br \/>\nCert e un lucru NI SE ASCUND MULTE \u201eCHESTII\u201d, iar \u201eistoricii lui pe\u015fte\u201d dorm \u00een front , sau \u201es-au dat cu du\u015fmanii\u201d !!!\u00a0<\/strong><\/span><\/span><\/p>\n<p><a href=\"http:\/\/en.wikipedia.org\/wiki\/Rotunda_%28architecture%29\"><br \/>\n<\/a><\/p>\n","protected":false},"excerpt":{"rendered":"<p>OARE DE CE NU SCRIU C\u0102R\u0162ILE NOASTRE DE ISTORIE NIMIC DESPRE GALERIU- \u00ceMP\u0102RATUL ROMEI, CE A DORIT SCHIMBAREA NUMELUI IMPERIULUI ROMAN \u00ceN&#8230; IMPERIUL DACIC ??? &nbsp; Cine dore\u015fte am\u0103nunte despre DACUL GALERIUS \u00a0\u00eemp\u0103rat al Romei la cump\u0103na anilor 300 d.C. (deci mai existau daci dup\u0103 300 d.C. !!!) se poate l\u0103muri mai jos (bine\u00een\u0163eles din [&hellip;]<\/p>\n","protected":false},"author":2,"featured_media":0,"comment_status":"open","ping_status":"open","sticky":false,"template":"","format":"standard","meta":{"footnotes":""},"categories":[3],"tags":[284,128,906,908,907],"jetpack_featured_media_url":"","_links":{"self":[{"href":"https:\/\/bassdu.mine.bz\/index.php?rest_route=\/wp\/v2\/posts\/2236"}],"collection":[{"href":"https:\/\/bassdu.mine.bz\/index.php?rest_route=\/wp\/v2\/posts"}],"about":[{"href":"https:\/\/bassdu.mine.bz\/index.php?rest_route=\/wp\/v2\/types\/post"}],"author":[{"embeddable":true,"href":"https:\/\/bassdu.mine.bz\/index.php?rest_route=\/wp\/v2\/users\/2"}],"replies":[{"embeddable":true,"href":"https:\/\/bassdu.mine.bz\/index.php?rest_route=%2Fwp%2Fv2%2Fcomments&post=2236"}],"version-history":[{"count":10,"href":"https:\/\/bassdu.mine.bz\/index.php?rest_route=\/wp\/v2\/posts\/2236\/revisions"}],"predecessor-version":[{"id":3567,"href":"https:\/\/bassdu.mine.bz\/index.php?rest_route=\/wp\/v2\/posts\/2236\/revisions\/3567"}],"wp:attachment":[{"href":"https:\/\/bassdu.mine.bz\/index.php?rest_route=%2Fwp%2Fv2%2Fmedia&parent=2236"}],"wp:term":[{"taxonomy":"category","embeddable":true,"href":"https:\/\/bassdu.mine.bz\/index.php?rest_route=%2Fwp%2Fv2%2Fcategories&post=2236"},{"taxonomy":"post_tag","embeddable":true,"href":"https:\/\/bassdu.mine.bz\/index.php?rest_route=%2Fwp%2Fv2%2Ftags&post=2236"}],"curies":[{"name":"wp","href":"https:\/\/api.w.org\/{rel}","templated":true}]}}