{"id":2251,"date":"2012-05-31T22:20:27","date_gmt":"2012-05-31T21:20:27","guid":{"rendered":"http:\/\/bassdu.mine.nu\/?p=2251"},"modified":"2012-06-02T14:37:26","modified_gmt":"2012-06-02T13:37:26","slug":"continuitatea-traco-geto-daca-in-spatiul-carpato-dunareano-pontic-6","status":"publish","type":"post","link":"https:\/\/bassdu.mine.bz\/?p=2251","title":{"rendered":"Continuitatea traco-geto-dac\u0103 \u00een spa\u0163iul carpato-dun\u0103reano-pontic (6)"},"content":{"rendered":"<p>O s\u0103 \u00eenchei aici \u201eserialul\u201d post\u0103rilor referitoare la <span style=\"color: #000080;\"><strong>\u201econtinuitatea traco-geto-dac\u0103 \u00een spa\u0163iul carpato-dun\u0103reano-pontic\u201d<\/strong><\/span>, de\u015fi subiectul nu este epuizat, urm\u00e2nd s\u0103 revin de fiecare dat\u0103 c\u00e2nd voi avea ceva inedit de semnalat.<br \/>\n<span style=\"color: #800000;\"><strong>Mul\u0163i se vor fi \u00eentrebat \u201ede ce m\u0103 strofocesc\u201d at\u00e2ta pe aceast\u0103 tem\u0103, fiind eu un \u201eomule\u0163 politic\u201d !?<\/strong><\/span><br \/>\nPar\u0163ial am r\u0103spuns \u015fi o s\u0103 repet, afirm\u00e2nd c\u0103 <span style=\"color: #000080;\"><strong>Principiile \u015fi Obiectivele Mi\u015fc\u0103rii Dacia sunt AD\u00c2NC ANCORATE \u00een \u201emodul de a fi al str\u0103mo\u015filor no\u015ftri\u201d.<\/strong><\/span><br \/>\nAm amintit \u00een acest context, despre un concept care nu este nou (vezi Sem\u0103n\u0103torismul) \u015fi anume acela al <span style=\"color: #800000;\"><strong>CIVILIZA\u0162IEI RURALE\/TRIBALE<\/strong><\/span>, care este propriu poporului nostru din cele mai vechi timpuri \u015fi p\u00e2n\u0103 azi \u015fi care este <span style=\"color: #800000;\"><strong>CHEIA DE LECTUR\u0102<\/strong><\/span> a ideologiei <span style=\"color: #000080;\"><strong>\u201eMi\u015fc\u0103rii Dacia\u201d<\/strong><\/span> !<br \/>\n<span style=\"color: #800000;\"><strong>CIVILIZA\u0162IA URBAN\u0102\/GLOBALIZATOARE<\/strong><\/span> este respins\u0103 de rom\u00e2ni, deoarece este purt\u0103toarea unor <span style=\"color: #800000;\">\u201evalori str\u0103ine spiritului lor\u00a0 ancestral\u201d<\/span>. <span style=\"color: #003300;\"><strong>A\u015fa se face c\u0103 \u201ealogenii\u201d nu-i ve\u0163i g\u0103si \u00een sate, ci \u00een ora\u015fe !!!<\/strong><\/span><br \/>\n&#8230; acolo se implementeaz\u0103<span style=\"color: #003300;\"><strong> \u201evalorile sistemice actuale\u201d !!!<\/strong><\/span><br \/>\n&#8230; acolo h\u0103l\u0103duiesc <span style=\"color: #003300;\"><strong>\u201eintelectualii lui pe\u015fte\u201d<\/strong><\/span> care sus\u0163in \u201ecu voie sau f\u0103r\u0103 voie\u201d actualul<span style=\"color: #003300;\"><strong> SISTEM !!!<\/strong><\/span><br \/>\n&#8230; adev\u0103rata <span style=\"color: #003300;\"><strong>SPIRITUALITATE NA\u0162IONAL\u0102<\/strong><\/span> domiciliaz\u0103 \u201ecufundat\u0103\u201d \u00een fiecare din noi, dar mai \u201ela suprafa\u0163\u0103\u201d acolo unde nu a fost \u00eenc\u0103 extirpat\u0103 de \u201e<span style=\"color: #003300;\"><strong>germenii patogeni ai Sistemului\u201d<\/strong><\/span>, adic\u0103 &#8230; \u201ela sat\u201d.<br \/>\n<span style=\"color: #000080;\"><strong>\u201eMi\u015fcarea Dacia\u201d<\/strong><\/span> \u00ee\u015fi propune s\u0103 \u201escoat\u0103 din imersiune\u201d aceast\u0103 spiritualitate \u015fi s\u0103 contribuie la <span style=\"color: #000080;\"><strong>REIMPLEMENTAREA ADEV\u0102RATELOR VALORI<\/strong><\/span> ale poporului nostru, \u201esabotate\u201d de-a lungul a peste 2000 de ani !<br \/>\nIat\u0103 de ce<span style=\"color: #000080;\"><strong> \u201eMi\u015fcarea Dacia\u201d<\/strong><\/span> <span style=\"color: #800000;\">NU<\/span> militeaz\u0103 pentru<span style=\"color: #800000;\"><em> autostr\u0103zi, mobilitate\/f\u00e2\u0163\u00e2ial\u0103 f\u0103r\u0103 sens (mi\u015fcare haotic\u0103\/brownian\u0103), futil, individualism, cre\u015ftere economic\u0103 nesustenabil\u0103, confruntare\/partidism, \u201edemocra\u0163ie\u201d ( mai ales c\u00e2nd se vorbe\u015fte de \u201eexport de&#8230;\u201d), \u201elibertate\u201d, evanghelism, globalism, cimentificare, asfaltare, etc.<\/em><\/span><br \/>\n\u00cen Italia,<span style=\"color: #000080;\"><strong> \u201eMi\u015fcarea 5 Stele\u201d<\/strong><\/span> cu care <span style=\"color: #000080;\"><strong>\u201eMi\u015fcarea Dacia\u201d<\/strong><\/span> are multe <span style=\"color: #000080;\">principii \u015fi obiective \u00een comun<\/span>, a ajuns \u00een sondaje la <span style=\"color: #800000;\"><strong>20%<\/strong><\/span>, fiind o mi\u015fcare crescut\u0103 exclusiv pe<span style=\"color: #800000;\"><strong> Net<\/strong><\/span>, la fel ca \u015fi noi (fiind chiar mai recent\u0103 !).<br \/>\n<span style=\"color: #000080;\"><strong>IDEI NOI \u00ee\u015fi fac loc \u00een \u201econ\u015ftiin\u0163a social\u0103\u201d a popoarelor, iar \u201eMi\u015fcarea Dacia\u201d este singura din Rom\u00e2nia care s-a ancorat la acestea !!!<\/strong><\/span><br \/>\nSunt sigur c\u0103 <span style=\"color: #800000;\">\u201esuntem pe calea cea bun\u0103\u201d<\/span> \u015fi c\u0103 viitorul <span style=\"color: #800000;\">\u201ene va da dreptate\u201d<\/span> , pentru c\u0103 altfel nu a\u015f mai \u201epierde timpul\u201d pe aici.<br \/>\nNu o spun pentru a \u201erezerva\u201d o \u201erecunoa\u015ftere viitoare\u201d, deoarece nu ne intereseaz\u0103 a\u015fa ceva, mai ales c\u0103 aceast\u0103 \u201erecunoa\u015ftere\u201d s-ar putea s\u0103 vin\u0103 dup\u0103 o <span style=\"color: #800000;\"><strong>\u201egrav\u0103 criz\u0103 socio-economic\u0103\u201d<\/strong><\/span>, ce va l\u0103sa \u00een urm\u0103<span style=\"color: #800000;\"> \u201emulte victime\u201d !<\/span><br \/>\nSingura afirma\u0163ie pe care ne-o rezerv\u0103m, este :<span style=\"color: #003300;\"><strong> \u201eNoi v-am spus-o, c\u00e2nd \u00eenc\u0103 se putea face totul \u00een pace !\u201d<\/strong><\/span><\/p>\n<p><span style=\"color: #800080;\"><em>Ca s\u0103 \u201erevenim la oile noastre\u201d (c\u0103 doar suntem ciobanii primordiali), o s\u0103 punem \u201eo cirea\u015f\u0103 pe tort\u201d, cu alte 10 motive pentru\u00a0<strong>AUTOSTIM\u0102<\/strong> :<\/em><\/span><\/p>\n<p><span style=\"color: #800080;\"><em>51. De\u015fi a fost \u00een contact cu at\u00e2tea limbi str\u0103ine , n-a \u00eemprumutat nimic de la ele , astfel c\u0103 , de pild\u0103 , nu exist\u0103 un singur cuv\u00e2nt unguresc comun \u00eentregii limbi valahe<\/em> .<\/span> ( Franz J. Sulzer \u2013 du\u015fman al poporului rom\u00e2n )<\/p>\n<p><span style=\"color: #800080;\"><em>52. Rom\u00e2nii sunt un popor f\u0103r\u0103 istorie , destina\u0163i s\u0103 piar\u0103 \u00een furtuna revolu\u0163iei mondiale . Ei sunt suporteri fanatici ai contrarevolu\u0163iei \u015fi vor r\u0103m\u00e2ne astfel p\u00e2n\u0103 la extirparea sau pierderea caracterului lor na\u0163ional , la fel cum propria lor existen\u0163\u0103 , \u00een general , reprezint\u0103 prin ea \u00eens\u0103\u015fi un protest contra unei m\u0103re\u0163e revolu\u0163ii istorice . Dispari\u0163ia lor de pe fa\u0163a p\u0103m\u00e2ntului va fi un pas \u00eenainte .<\/em><\/span> ( Karl Marx \u015fi Friedrich Engels \u2013 Opere Complete , Vol. 8 , Pag. 229 )<\/p>\n<p><span style=\"color: #800080;\"><em>53. Rom\u00e2nia este vatra a ceea ce am numit Vechea Europ\u0103 , o entitate cultural\u0103 cuprins\u0103 \u00eentre 6500 \u2013 3500 \u00ee.Hr. , axat\u0103 pe o societate matriarhal\u0103 , teocratic\u0103 , pa\u015fnic\u0103 , iubitoare \u015fi creatoare de art\u0103 , care a precedat societ\u0103\u0163ile indo-europenizate patriarhale de lupt\u0103tori din epocile bronzului \u015fi fierului .<\/em><\/span> ( Marija Gimbutas , profesoar\u0103 a universit\u0103\u0163ii California din Los Angeles ) \u2013<\/p>\n<p><span style=\"color: #800080;\"><em>54. CELE MAI VECHI OSEMINTE DIN LUME ( 1.800.000 \u2013 2.000.000 DE ANI VECHIME ) AU FOST DESCOPERITE PE TERITORIUL COMUNEI BUGIULE\u015eTI , JUDE\u0162UL V\u00c2LCEA<\/em><\/span><\/p>\n<p><span style=\"color: #800080;\"><em>55. Rom\u00e2nii nu sunt nic\u0103ieri coloni\u015fti , venituri , oamenii nim\u0103nui , ci , pretutindenea unde locuiesc sunt autohtoni , popula\u0163ie nepomenit de veche , mai veche dec\u00e2t to\u0163i conlocuitorii lor .<\/em><\/span> ( Mihai Eminescu )<\/p>\n<p><span style=\"color: #800080;\"><em>56. Locuitorii de la nordul Dun\u0103rii de jos pot fi considera\u0163i str\u0103mo\u015fii Omenirii<\/em><\/span> . ( Louis de la Valle Poussin )<\/p>\n<p><span style=\"color: #800080;\"><em>57. Limba Rom\u00e2n\u0103 este o limb\u0103 cheie , care a influen\u0163at \u00een mare parte toate limbile Europei .<\/em><\/span> ( Ekstrom Par Olof , scriitor \u015fi lingvist suedez )<\/p>\n<p><span style=\"color: #800080;\"><em>58. Locurile primare ale DACILOR trebuie c\u0103utate , deci , pe teritoriul ROM\u00c2NIEI . \u00centr-adev\u0103r , localizarea centrului principal de formare \u015fi extensiune a indo-europenilor s\u0103 fie plasat\u0103 la nordul \u015fi sudul Dun\u0103rii<\/em><\/span> . ( Gordon W. Childe )<\/p>\n<p><span style=\"color: #800080;\"><em>59. Spa\u0163iul din care au pornit indo-europenii este situat \u00eentre Valea Dun\u0103rii , Marea Egee ( Marea Tracic\u0103 ) \u015fi Marea Neagr\u0103 .<\/em><\/span> ( Bosch Gimpera \u2013 cercet\u0103tor german )<\/p>\n<p><span style=\"color: #800080;\"><em>60. Str\u0103mo\u015fii etnici ai ROM\u00c2NILOR urc\u0103 ne\u00eendoielnic p\u00e2n\u0103 \u00een primele v\u00e2rste ale UMANIT\u0102\u0162II , civiliza\u0163ia neolitic\u0103 reprezint\u0103 doar un capitol recent din istoria \u0163\u0103rii .<\/em><\/span> ( Eugene Pittard \u2013 antropolog )<\/p>\n<p>Nu a\u015f vrea ca aceste citate s\u0103 se \u00eencadreze \u00een \u201esetul de gre\u015feli\u201d al multor \u201edacomaniaci\u201d, care \u00eencearc\u0103 s\u0103 fac\u0103 din str\u0103mo\u015fii no\u015ftri ceea ce nu erau.<br \/>\nA\u015fa cum am mai spus, noi suntem <strong>\u201eciobanii primordiali\u201d<\/strong>, autorii primei <strong>\u201erevolu\u0163ii socio-economice\u201d<\/strong> a istoriei cunoscute, \u201erelicvele vii\u201d ale unei <strong>civiliza\u0163ii apuse<\/strong>, dar ale c\u0103rei <strong>VALORI<\/strong> nu erau inferioare celor actuale, ba din contr\u0103, <strong>VALORI<\/strong> pe care le avem \u00een ADN \u015fi pe care <strong>\u201eMi\u015fcarea Dacia\u201d<\/strong> vrea s\u0103 le \u201erepropun\u0103\u201d !<\/p>\n","protected":false},"excerpt":{"rendered":"<p>O s\u0103 \u00eenchei aici \u201eserialul\u201d post\u0103rilor referitoare la \u201econtinuitatea traco-geto-dac\u0103 \u00een spa\u0163iul carpato-dun\u0103reano-pontic\u201d, de\u015fi subiectul nu este epuizat, urm\u00e2nd s\u0103 revin de fiecare dat\u0103 c\u00e2nd voi avea ceva inedit de semnalat. Mul\u0163i se vor fi \u00eentrebat \u201ede ce m\u0103 strofocesc\u201d at\u00e2ta pe aceast\u0103 tem\u0103, fiind eu un \u201eomule\u0163 politic\u201d !? Par\u0163ial am r\u0103spuns \u015fi o [&hellip;]<\/p>\n","protected":false},"author":2,"featured_media":0,"comment_status":"open","ping_status":"open","sticky":false,"template":"","format":"standard","meta":{"footnotes":""},"categories":[3],"tags":[909,910,11,290,210,41],"jetpack_featured_media_url":"","_links":{"self":[{"href":"https:\/\/bassdu.mine.bz\/index.php?rest_route=\/wp\/v2\/posts\/2251"}],"collection":[{"href":"https:\/\/bassdu.mine.bz\/index.php?rest_route=\/wp\/v2\/posts"}],"about":[{"href":"https:\/\/bassdu.mine.bz\/index.php?rest_route=\/wp\/v2\/types\/post"}],"author":[{"embeddable":true,"href":"https:\/\/bassdu.mine.bz\/index.php?rest_route=\/wp\/v2\/users\/2"}],"replies":[{"embeddable":true,"href":"https:\/\/bassdu.mine.bz\/index.php?rest_route=%2Fwp%2Fv2%2Fcomments&post=2251"}],"version-history":[{"count":2,"href":"https:\/\/bassdu.mine.bz\/index.php?rest_route=\/wp\/v2\/posts\/2251\/revisions"}],"predecessor-version":[{"id":2253,"href":"https:\/\/bassdu.mine.bz\/index.php?rest_route=\/wp\/v2\/posts\/2251\/revisions\/2253"}],"wp:attachment":[{"href":"https:\/\/bassdu.mine.bz\/index.php?rest_route=%2Fwp%2Fv2%2Fmedia&parent=2251"}],"wp:term":[{"taxonomy":"category","embeddable":true,"href":"https:\/\/bassdu.mine.bz\/index.php?rest_route=%2Fwp%2Fv2%2Fcategories&post=2251"},{"taxonomy":"post_tag","embeddable":true,"href":"https:\/\/bassdu.mine.bz\/index.php?rest_route=%2Fwp%2Fv2%2Ftags&post=2251"}],"curies":[{"name":"wp","href":"https:\/\/api.w.org\/{rel}","templated":true}]}}