{"id":2263,"date":"2012-06-08T00:51:08","date_gmt":"2012-06-07T23:51:08","guid":{"rendered":"http:\/\/bassdu.mine.nu\/?p=2263"},"modified":"2015-10-08T17:14:52","modified_gmt":"2015-10-08T16:14:52","slug":"continuitatea-traco-geto-daca-in-spatiul-carpato-dunareano-pontic-7-coiful-de-aur-de-la-cotofenesti","status":"publish","type":"post","link":"https:\/\/bassdu.mine.bz\/?p=2263","title":{"rendered":"Continuitatea traco-geto-dac\u0103 \u00een spa\u0163iul carpato-dun\u0103reano-pontic (7) -Coiful de aur de la Co\u0163ofene\u015fti-"},"content":{"rendered":"<p><span style=\"color: #000080;\"><strong>Coiful de aur de la Co\u0163ofene\u015fti<\/strong><\/span><\/p>\n<p>Ast\u0103zi o s\u0103 aprofundez chestiunea acestui coif, pe care am abordat-o \u00eenc\u0103 de acum doi ani, deoarece ridic\u0103 foarte multe \u00eentreb\u0103ri \u015fi deoarece aduce importante confirm\u0103ri \u00een leg\u0103tur\u0103 cu <span style=\"color: #000080;\">\u201eignorarea adev\u0103rului istoric de c\u0103tre istoriografia na\u0163ional\u0103\u201d.<\/span><\/p>\n<p>&nbsp;<\/p>\n<p>Aici este o dovad\u0103 c\u0103 am adus informa\u0163ii pre\u0163ioase despre acest coif, \u00eenc\u0103 din februarie 2011 :<\/p>\n<p><iframe loading=\"lazy\" src=\"http:\/\/player.vimeo.com\/video\/19825698\" width=\"500\" height=\"288\" frameborder=\"0\"><\/iframe><\/p>\n<p><a href=\"http:\/\/vimeo.com\/19825698\">Istorici frustra\u0163i !<\/a> from <a href=\"http:\/\/vimeo.com\/user3731123\">Miscare Virtuala Dacia<\/a> on <a href=\"http:\/\/vimeo.com\">Vimeo<\/a>.<\/p>\n<p>Revenirea la acest subiect, se datoreaz\u0103 atacurilor celor de la Revista<span style=\"color: #800000;\"><strong> HISTERIA<\/strong><\/span>&#8230; pardon <span style=\"color: #800000;\"><strong>HISTORIA<\/strong><\/span>, asupra unui filmule\u0163 ap\u0103rut pe youtube intitulat <span style=\"color: #800000;\">\u201eDacii &#8211; Adev\u0103ruri tulbur\u0103toare\u201d<\/span>, realizat de jurnalistul <strong>Daniel Roxin<\/strong>, \u00een care diverse personalit\u0103\u0163i pasionate de <span style=\"color: #800000;\">trecutul nostru traco-geto-dac<\/span>, expun concep\u0163ii catalogate de <span style=\"color: #800000;\">\u201eistoricii lui pe\u015fte\u201d<\/span> drept <span style=\"color: #800000;\"><strong>\u201emanifest\u0103ri fascistoide \u015fi na\u0163ional-comuniste\u201d.<\/strong><\/span><br \/>\nApropos de aceste acuza\u0163ii, am atras aten\u0163ia c\u0103 nou\u0103, celor de la<span style=\"color: #000080;\"><strong> \u201eMi\u015fcarea Dacia\u201d<\/strong><\/span>, ni se ridic\u0103 p\u0103rul pe spinare numai la cuv\u00e2ntul <span style=\"color: #000080;\"><strong>LEGIUNE<\/strong><\/span>, dar\u0103mite la ideologia acesteia !!! &#8230; ca dovad\u0103, iat\u0103 un site al <span style=\"color: #800000;\">\u201ena\u0163ionali\u015ftilor autonomi din Timi\u015foara\u201d<\/span>, care numai <span style=\"color: #800000;\">\u201edacomaniaci\u201d<\/span> nu sunt, <span style=\"color: #800000;\">\u201eling\u00e2nd blidele\u201d <strong>HISTERIEI<\/strong><\/span>&#8230; pardon <span style=\"color: #800000;\"><strong>HISTORIEI<\/strong><\/span>, demonstr\u00e2nd c\u0103 <span style=\"color: #800000;\"><strong>\u201efascistoizii<\/strong><\/span>\u201d sunt \u00een <span style=\"color: #800000;\">tab\u0103ra lui \u201ePisso&amp;co\u201d<\/span>, ci nu la noi ! <a href=\"http:\/\/www.facebook.com\/l.php?u=http%3A%2F%2Flupta-ns.blogspot.ro%2F2012%2F05%2Fdezastrul-de-la-cetatile-dacilor-din.html&amp;h=4AQEWoqh0AQHeNBGleYChsPPs_PGrIlIFcIV3IVoNVwn4bA\">\u00a0http:\/\/www.facebook.com\/l.php?u=http%3A%2F%2Flupta-ns.blogspot.ro%2F2012%2F05%2Fdezastrul-de-la-cetatile-dacilor-din.html&amp;h=4AQEWoqh0AQHeNBGleYChsPPs_PGrIlIFcIV3IVoNVwn4bA<\/a><br \/>\nC\u00e2t despre <span style=\"color: #800000;\"><strong>\u201ena\u0163ionalismul comunistoid\u201d<\/strong><\/span>, afirm cu t\u0103rie c\u0103 dac\u0103 a existat o <span style=\"color: #800000;\">\u201einten\u0163ie manipulatoare\u201d<\/span> \u00een acele vremuri, nu \u00eenseamn\u0103 c\u0103 nu mai putem aborda subiectul \u00een continuare !<br \/>\nNu o s\u0103 intru \u00een detalii \u00een ceea ce prive\u015fte filmul, ci o s\u0103 m\u0103 axez pe <span style=\"color: #000080;\"><strong>\u201echestiunea Coifului de aur de la Co\u0163ofene\u015fti\u201d<\/strong><\/span>, pentru a demonstra c\u0103 \u015fi al\u0163ii, \u00een afara <span style=\"color: #800000;\">\u201eistoricilor cu patalama\u201d<\/span>, pot s\u0103 contribuie la <span style=\"color: #800000;\">\u201ecercetarea Istoriei Neamului\u201d<\/span>, ba chiar aduc\u00e2nd \u00een discu\u0163ie chestiuni de o mare <span style=\"color: #800000;\">RELEVAN\u0162\u0102 \u015eTIIN\u0162IFIC\u0102<\/span>, care pot fi apoi aprofundate \u00een <span style=\"color: #800000;\">\u201eambient de competen\u0163\u0103\u201d<\/span>.<\/p>\n<p><span style=\"color: #000080;\"><strong>\u201eDescoperirea\u201d<\/strong><\/span> mea, const\u0103 \u00een aceea de a fi identificat pe partea dreapt\u0103 a coifului, o reprezentare a <span style=\"color: #000080;\">SIMBOLISTICII MITRAICE<\/span> ce se cheam\u0103 (<em>cel pu\u0163in aici \u00een Italia, \u00een rom\u00e2ne\u015fte neg\u0103sind documenta\u0163ie<\/em>) &#8230; <span style=\"color: #000080;\"><strong>TAUROCTONIA<\/strong><\/span> (<span style=\"color: #000080;\"><em>uciderea taurului sacru<\/em><\/span>), de\u015fi eu nu exclud, ca de fapt s\u0103 se trateze de&#8230; <span style=\"color: #000080;\"><strong>BERBECTONIE<\/strong><\/span> (<em>dac\u0103 se poate zice a\u015fa<\/em>).<br \/>\nIat\u0103 c\u0103 se deschide deja un <span style=\"color: #000080;\">subiect de aprofundare \u015ftiin\u0163ific\u0103<\/span>, <span style=\"color: #003300;\"><strong>TAURUL<\/strong><\/span> \u015fi<span style=\"color: #003300;\"><strong> BERBECUL<\/strong><\/span> fiind dou\u0103 constela\u0163ii ce au o \u201esuccesiune pe cer\u201d neindiferent\u0103, luat\u0103 \u00een considera\u0163ie de anali\u015ftii simbologiei mitraice. P\u0103rerea mea \u201ela prima vedere\u201d, este c\u0103 TAURUL nu este reprezentativ la noi, pe c\u00e2nd BERBECUL&#8230; da !\u00a0 Apoi las la latitudinea astrologilor\/astronomilor considerarea altor <span style=\"color: #003300;\">interpret\u0103ri temporale, simbolistice \u015fi celeste<\/span> (<em>nota\u0163i c\u0103 nu sunt \u201econdescendent\u201d \u015fi cer interven\u0163ia altora dec\u00e2t istoricilor, deoarece ei nu sunt &#8230; competen\u0163i !<\/em>).<span style=\"color: #000080;\"><strong>\u00a0 Cert este c\u0103 simbolistica mitraic\u0103 este o simbolistic\u0103 solar\u0103 \u015fi celest\u0103 !!!<\/strong><\/span><br \/>\n<span style=\"color: #800000;\"><strong>\u201eAdev\u0103rul istoric\u201d pe care-l promoveaz\u0103 istoricii cu patalama este c\u0103 \u201eMitraismul a fost adus \u00een Dacia de romani dup\u0103 106 d.C.\u201d (<em>ietete c\u0103 \u015fi pe \u0103sta l-ar fi adus romanii !?<\/em>).<\/strong><\/span><br \/>\nCe mai \u015ftim, este c\u0103 <span style=\"color: #000080;\">\u00eemp\u0103ra\u0163ii traco-geto-daci ai Imperiului Roman<\/span>, au fost adep\u0163ii acestui cult (vezi <span style=\"color: #000080;\"><strong>Galeriu, Constantin<\/strong><\/span> \u015fi ceilal\u0163i) \u015fi nu mai revin asupra celor ce deja am prezentat anterior.<br \/>\nMai \u015ftim c\u0103<strong><span style=\"color: #000080;\"> MITRAISMUL<\/span><\/strong> a fost \u00eembr\u0103\u0163i\u015fat mai ales de c\u0103tre MILITARI \u015fi c\u0103 s-a practicat mul\u0163i ani \u00een <span style=\"color: #000080;\">Roma<\/span> \u00een s\u0103la\u015furi subterane, cu anumite caracteristici constructive pe care nu le voi detalia acum, de\u015fi intrigante. Biserica din <span style=\"color: #000080;\"><strong>DENSUS<\/strong><\/span> este dup\u0103 p\u0103rerea mea (\u015fi nu numai) un templu mitraic \u015fi probabil c\u0103 <span style=\"color: #000080;\"><strong>Densu\u015fianu<\/strong><\/span>\u00a0pricepuse asta, deoarece \u201ese leag\u0103 la concep\u0163ia sa\u201d despre <span style=\"color: #000080;\"><strong>\u201esensul migra\u0163iei popoarelor \u015fi deci \u015fi a spiritualit\u0103\u0163ii\u201d.<\/strong><\/span>\u00a0Se poate \u00eentreba cineva ce era \u201escris\u201d pe ALTAR \u00eenainte de a fi \u015fters ??? &#8230; r\u0103spunsul se g\u0103se\u015fte f\u0103r\u0103 \u00eendoial\u0103 la Vatican, care a dat edictul.<br \/>\nMai \u015ftim c\u0103 \u015fi azi<span style=\"color: #000080;\"><strong> ZOROASTRISMUL<\/strong><\/span> (<span style=\"color: #000080;\"><em>derivat din MITRAISM<\/em><\/span>) este practicat, av\u00e2nd ca \u201eprincipii\u201d :<\/p>\n<p><span style=\"color: #003300;\"><em>1. Egalitatea: Drepturi egale, indiferent de ras\u0103 sau religie.<\/em><\/span><br \/>\n<span style=\"color: #003300;\"><em> 2. Respect fa\u021b\u0103 de toate formele de via\u021b\u0103.<\/em><\/span><br \/>\n<span style=\"color: #003300;\"><em> 3. Condamnarea asupririi fiin\u021bei umane, actele de cruzime \u0219i sacrificiile de animale.<\/em><\/span><br \/>\n<span style=\"color: #003300;\"><em> 4. Ecologia: Natura ocup\u0103 un loc central \u00een zoroastrism \u0219i multe s\u0103rb\u0103tori sunt celebrate \u00een natur\u0103: ziua anului nou este prima zi a prim\u0103verii, s\u0103rb\u0103toarea apei \u00een var\u0103, s\u0103rb\u0103toarea toamnei la sf\u00e2r\u0219itul anotimpului \u0219i s\u0103rb\u0103toarea focului la jum\u0103tatea iernii.<\/em><\/span><br \/>\n<span style=\"color: #003300;\"><em> 5. Munc\u0103 grea \u0219i caritate.<\/em><\/span><br \/>\n<span style=\"color: #003300;\"><em> 6. Fidelitate familiei, comunit\u0103\u021bii \u0219i tarii.<\/em><\/span><\/p>\n<p><span style=\"color: #000080;\">Alte elemente caracteristice :<\/span><\/p>\n<p><span style=\"color: #003300;\"><strong>Simbolul focului<\/strong>: Energia creatorului este reprezent\u0103 \u00een zoroastrism prin foc \u0219i soare, elemente trainice, radiante, pure \u0219i care sus\u021bin via\u021ba. Zoroastri\u0219ti \u00een mod normal se roag\u0103 \u00een fa\u021ba focului sau a unei surse de lumin\u0103. Nu se adoreaz\u0103 focul, ci este simbolul divinit\u0103\u021bii.<\/span><\/p>\n<p><span style=\"color: #000080;\"><strong>Se observ\u0103 dintr-o privire asem\u0103narea cu &#8230; ZAMOLXIANISMUL !!!<\/strong><\/span><\/p>\n<p><span style=\"color: #800000;\">De asemenea, precizez c\u0103 MITRAISMUL este considerat de mul\u0163i istorici ai religiilor ca \u201eprecursor al Cre\u015ftinismului\u201d, av\u00e2nd foarte multe \u201eelemente \u00een comun\u201d asupra c\u0103rora nu o s\u0103 detaliez, pentru a nu r\u0103ni \u201econvingeri ale altora\u201d.<\/span><br \/>\n<span style=\"color: #800000;\"> \u00cenv\u0103\u021b\u0103turile lui Zoroastru au l\u0103sat urm\u0103 \u00een cele trei mari religii: iudaismul, cre\u0219tinism \u0219i prin aceste dou\u0103, a fost influen\u021bat \u0219i islamul.<\/span><br \/>\n<span style=\"color: #800000;\"> Exemplu de aceste urme sunt: \u00eengerii, arhanghelii etc, la fel ca \u0219i personificarea r\u0103ului ca \u0219arpe sau \u00eentuneric \u0219i Dumnezeu ca lumin\u0103.<\/span><br \/>\n<span style=\"color: #800000;\"> Unele studii (Boyce, 1987; Black and Rowley, 1987; Duchesne-Guillemin, 1988) cred c\u0103 un mare num\u0103r de elemente de eshatologie, angeologie \u0219i demonologie a iudaismului, cu influen\u021b\u0103 mare \u00een cre\u0219tinism, au originea \u00een zoroastrism \u0219i au fost transferate iudaismului \u00een timpul captivit\u0103\u021bii babiloniene \u0219i erei persane.<\/span><br \/>\n<span style=\"color: #800000;\"> \u00cenainte de secolul XI d.C., zoroastrismul ajunsese \u00een nordul Chinei pe Drumul m\u0103t\u0103sii, av\u00e2nd statut oficial \u00een unele zone din China. Ruine de temple zoroastristas au fost g\u0103site \u00een Kaifeng \u0219i Zhenjiang, \u0219i potrivit unor aprecieri, au existat p\u00e2n\u0103 \u00een anul 1130. \u00cen orice caz, influen\u021ba zoroastrismului se poate aprecia \u00een budism, \u00een special \u00een simbolul luminii.<\/span><\/p>\n<p><span style=\"color: #000080;\"><strong>Iat\u0103 cum se \u201e\u00eencruci\u015feaz\u0103\u201d marile religii ale omenirii !!!<\/strong><\/span><\/p>\n<p><span style=\"color: #800080;\"><strong>Ca s\u0103 revenim la \u201eoile noastre\u201d, p\u0103i dac\u0103 MITRAISMUL a fost adus \u00een DACIA de c\u0103tre romani, cum se explic\u0103 atunci prezen\u0163a unui SIMBOL MITRAIC pe un coif de aur traco-geto-dac din sec. al V-lea \u00ee.C. ???<\/strong><\/span><br \/>\n<span style=\"color: #800000;\">S\u0103 nu aud pe cineva c\u0103 l-a pierdut vreun persan prin Prahova, c\u0103 \u00eei spun c\u0103 tipologia acestui coif este EXCLUSIV TRACO-GETO-DACIC\u0102, exist\u00e2nd multe alte coifuri cu acelea\u015fi caracteristici, descoperite \u00een diverse locuri din &#8230; DACIA nord \u015fi sud-dun\u0103rean\u0103 !!!<\/span><br \/>\n<span style=\"color: #800080;\"><strong>Cert este c\u0103 dac\u0103 o civiliza\u0163ie adopt\u0103 \u201econvingeri religioase\u201d ale altei civiliza\u0163ii, aceasta din urm\u0103 ori este SUPERIOAR\u0102, ori este ANTERIOAR\u0102, ori&#8230; ambele !!!<\/strong><\/span><br \/>\n<span style=\"color: #000080;\"><strong>Ceea ce ne intereseaz\u0103 pe noi s\u0103 subliniem, este c\u0103 CIVILIZA\u0162IA TRACO-GETO-DAC\u0102 este ANTERIOAR\u0102 celei romane, dac\u0103 nu \u015fi SUPERIOAR\u0102 !!!<\/strong><\/span><br \/>\n<span style=\"color: #000080;\"><strong>SUPERIORITATEA<\/strong><\/span> deriv\u0103 din PRINCIPIILE prop\u0103v\u0103duite de MITRAISM\/ZOROASTRISM (expuse mai sus), care sunt foarte asem\u0103n\u0103toare cu principiile &#8230;<span style=\"color: #000080;\"><strong> \u201eMi\u015fc\u0103rii Dacia\u201d !!!<\/strong><\/span><br \/>\nL\u0103rgind prin LOGIC\u0102 \u201earia considera\u0163iilor\u201d, putem afirma c\u0103 \u015fi <span style=\"color: #000080;\"><strong>LIMBA precum \u015fi FONDUL GENETIC al poporului traco-geto-daco-rom\u00e2n, sunt ANTERIOARE \u015fi SUPERIOARE, celor ale poporului \u00a0roman !\u00a0<\/strong><\/span> R\u0103m\u00e2ne de stabilit \u00een continuare <span style=\"color: #800000;\">PRIMORDIALITATEA<\/span> \u00eentre civiliza\u0163iile <span style=\"color: #800000;\">SUMERIENE<\/span> \u015fi cele <span style=\"color: #800000;\">DANUBIENE<\/span>, dar asta \u201edata viitoare\u201d c\u00e2nd vom vorbi despre &#8230; <span style=\"color: #800000;\"><strong>DOMESTICIREA CAPRINELOR<\/strong><\/span>, <span style=\"color: #800000;\">\u201ePrima Mare Revolu\u0163ie Socio-Economic\u0103\u201d a civiliza\u0163iei actuale !<\/span><br \/>\nDe asemenea voi reveni pe temele <span style=\"color: #800000;\"><strong>\u201eprimordialit\u0103\u0163ii civiliza\u0163iei rurale\/tribale asupra celei or\u0103\u015fene\u015fti\/babilonice\/globalizatoare\u201d<\/strong><span style=\"color: #000000;\">\u00a0\u015fi <span style=\"color: #800000;\"><strong>\u201eanaliza caracteristicilor migra\u0163iilor din mileniul \u00eentunecat\u201d.<\/strong><\/span><\/span><\/span><br \/>\nAceste trei argmente sunt importante pentru a explica<span style=\"color: #003300;\"> \u201enedumeririle istoricilor lui pe\u015fte\u201d<\/span> \u00een leg\u0103tur\u0103 cu <span style=\"color: #000080;\"><strong>PROTOCRONISMUL \u015fi DACISMUL.<\/strong><\/span><br \/>\nPentru mine devine tot mai evident c\u0103 <span style=\"color: #000080;\"><strong>DENSU\u015eIANU<\/strong><\/span> nu era un <span style=\"color: #800000;\">\u201eramolit\u201d<\/span> cum este prezentat de <span style=\"color: #800000;\">\u201eistoricii lui pe\u015fte\u201d<\/span>, ci un mare istoric, cu o mare percep\u0163ie a \u201eadev\u0103rului istoric\u201d. \u0162ine\u0163i cont c\u0103 DENSU\u015eIANU nu a cunoscut <span style=\"color: #000080;\"><strong>COIFUL de aur de la Co\u0163ofene\u015fti<\/strong><\/span>, acesta fiind descoperit \u00een <span style=\"color: #000080;\"><strong>1926<\/strong><\/span>.<\/p>\n","protected":false},"excerpt":{"rendered":"<p>Coiful de aur de la Co\u0163ofene\u015fti Ast\u0103zi o s\u0103 aprofundez chestiunea acestui coif, pe care am abordat-o \u00eenc\u0103 de acum doi ani, deoarece ridic\u0103 foarte multe \u00eentreb\u0103ri \u015fi deoarece aduce importante confirm\u0103ri \u00een leg\u0103tur\u0103 cu \u201eignorarea adev\u0103rului istoric de c\u0103tre istoriografia na\u0163ional\u0103\u201d. &nbsp; Aici este o dovad\u0103 c\u0103 am adus informa\u0163ii pre\u0163ioase despre acest coif, [&hellip;]<\/p>\n","protected":false},"author":2,"featured_media":0,"comment_status":"open","ping_status":"open","sticky":false,"template":"","format":"standard","meta":{"footnotes":""},"categories":[3],"tags":[925,926,553,45,487,709,922,921,210,920,486,923,167,924,919],"jetpack_featured_media_url":"","_links":{"self":[{"href":"https:\/\/bassdu.mine.bz\/index.php?rest_route=\/wp\/v2\/posts\/2263"}],"collection":[{"href":"https:\/\/bassdu.mine.bz\/index.php?rest_route=\/wp\/v2\/posts"}],"about":[{"href":"https:\/\/bassdu.mine.bz\/index.php?rest_route=\/wp\/v2\/types\/post"}],"author":[{"embeddable":true,"href":"https:\/\/bassdu.mine.bz\/index.php?rest_route=\/wp\/v2\/users\/2"}],"replies":[{"embeddable":true,"href":"https:\/\/bassdu.mine.bz\/index.php?rest_route=%2Fwp%2Fv2%2Fcomments&post=2263"}],"version-history":[{"count":8,"href":"https:\/\/bassdu.mine.bz\/index.php?rest_route=\/wp\/v2\/posts\/2263\/revisions"}],"predecessor-version":[{"id":3869,"href":"https:\/\/bassdu.mine.bz\/index.php?rest_route=\/wp\/v2\/posts\/2263\/revisions\/3869"}],"wp:attachment":[{"href":"https:\/\/bassdu.mine.bz\/index.php?rest_route=%2Fwp%2Fv2%2Fmedia&parent=2263"}],"wp:term":[{"taxonomy":"category","embeddable":true,"href":"https:\/\/bassdu.mine.bz\/index.php?rest_route=%2Fwp%2Fv2%2Fcategories&post=2263"},{"taxonomy":"post_tag","embeddable":true,"href":"https:\/\/bassdu.mine.bz\/index.php?rest_route=%2Fwp%2Fv2%2Ftags&post=2263"}],"curies":[{"name":"wp","href":"https:\/\/api.w.org\/{rel}","templated":true}]}}