{"id":2338,"date":"2012-07-09T20:23:44","date_gmt":"2012-07-09T19:23:44","guid":{"rendered":"http:\/\/bassdu.mine.nu\/?p=2338"},"modified":"2012-07-10T20:38:43","modified_gmt":"2012-07-10T19:38:43","slug":"ivanii-plagiatorii-si-repetentii-impotriva-romanilor-din-afara-tarii","status":"publish","type":"post","link":"https:\/\/bassdu.mine.bz\/?p=2338","title":{"rendered":"IVANII, PLAGIATORII \u015eI REPETEN\u0162II, \u00eempotriva rom\u00e2nilor din afara \u0163\u0103rii !?"},"content":{"rendered":"<p>sau :<\/p>\n<p><span style=\"color: #000080;\"><strong>\u00ceI DAI VOIE LUI IVAN \u015eI SE SUIE \u00ceN \u201eDIVAN\u201d (EUROPEAN) !?!?\u00a0<\/strong><\/span><\/p>\n<p>\u00cen\u0163eleg c\u0103 unii concep s\u0103 se migreze numai spre Moscova (tu ce zici IVANE ?) de unde s-au adus numai \u201edemocra\u0163ii originale\u201d, dar ca s\u0103 nu cuno\u015fti a\u015fa ceva, este greu de \u00een\u0163eles :<\/p>\n<p>&nbsp;<\/p>\n<p><span style=\"color: #800000;\"><strong>Constitutia Romaniei<\/strong><\/span><\/p>\n<p><span style=\"color: #800000;\"> <em><strong>Dreptul de vot ARTICOLUL 36<\/strong><\/em><\/span><br \/>\n<span style=\"color: #800000;\"> (1) Cet\u0103tenii au drept de vot de la varsta de 18 ani, impliniti pan\u0103 in ziua alegerilor inclusiv.<\/span><\/p>\n<p><span style=\"color: #800000;\"> (2) Nu au drept de vot debilii sau alienatii mintal, pusi sub interdictie, si nici persoanele condamnate, prin hot\u0103rare judec\u0103toreasc\u0103 definitiv\u0103, la pierderea drepturilor electorale. &#8220;<\/span><\/p>\n<p>Asta ar \u00eensemna c\u0103 diasporenii sunt asimila\u0163i <strong>aliena\u0163ilor mintali<\/strong>, sau lui <strong>N\u0103stase<\/strong>, ceea ce v\u0103 asigur c\u0103 nu e a\u015fa domnilor parlamentari europeni \u015fi deloc europeni&#8230; mai repede face\u0163i dumneavoastr\u0103 parte din aceste categorii !!!<\/p>\n<p><em><strong>Iat\u0103 ce mi-a fost dat s\u0103 (re)v\u0103d \u00een Rom\u00e2nia :<\/strong><\/em><\/p>\n<p>sursa : http:\/\/www.ziare.com\/alegeri\/vot\/cum-ar-putea-psd-sa-restrictioneze-votul-romanilor-din-diaspora-1177684<\/p>\n<p><span style=\"color: #003300;\"><em>\u201e<strong>Europarlamentarul PSD Catalin Ivan<\/strong> considera ca dreptul romanilor din diaspora de a vota la alegerile din tara ar trebui luat in discutie in cadrul USL. El spune ca multi romani habar n-au cine conduce tara, iar altii refuza sa-si invete copiii romaneste.<\/em><\/span><br \/>\n<span style=\"color: #003300;\"><em>Intr-o declaratie acordata Ziare.com, Catalin Ivan spune ca Romania trebuie sa lanseze o dezbatere pe subiectul dreptului romanilor din diaspora de a vota la alegerile din tara. <\/em><\/span><br \/>\n<span style=\"color: #003300;\"><em>&#8220;Eu stiu situatia romanilor din afara si consider ca o astfel de dezbatere ar fi foarte utila. Nu consider ca ar fi o ingradire a dreptului de vot al cetatenilor romani de afara, cat timp spun si isi asuma ca nu mai sunt interesati de situatia din Romania si ca nu se vor mai intoarce niciodata in Romania. Sunt familii de romani in care copiii nu mai stiu limba romana si nici nu sunt incurajati sa o invete pentru ca parintii au luat dezicia sa nu se mai intoarca niciodata in tara.<\/em><\/span><br \/>\n<span style=\"color: #003300;\"><em>Statul roman ar trebui sa stie cine sunt cei care sunt conectati la situatia din Romania, sunt interesati de ce se intampla aici sau au plecat, si-au luat toate bagajele si nu mai vor sa auda de Romania. Am intalnit si in Statele Unite multi romani care spuneau ca habar n-au cine-i presedintele Romaniei si cine-i prim-ministrul si asa mai departe. Nu-i mai intereseaza&#8221;, a declarat <strong>europarlamentarul PSD<\/strong>. <\/em><\/span><\/p>\n<p><span style=\"color: #000080;\"><em>\u201e<strong>Crin Antonescu<\/strong>: &#8220;Platesti taxe in tara, votezi!&#8221;<\/em><\/span><\/p>\n<p><span style=\"color: #000080;\"><em> Intr-un interviu acordat publicatiei romanilor din Italia, &#8220;Gazeta Romaneasca&#8221;, <strong>presedintele PNL Crin Antonescu<\/strong> a declarat ca votul romanilor din diaspora ar trebui conditionat de plata unui impozit in tara.<\/em><\/span><br \/>\n<span style=\"color: #000080;\"><em>&#8220;Trebuie sa vorbim si despre principiul reprezentarii. Plec de la exemplul lui 2009, cand alegerea lui Basescu a fost decisa cu voturile celor din strainatate, dar consecintele nu le suporta acestia, ci romanii din tara. Ceea ce nu mi se pare corect&#8221;, a spus Antonescu<\/em><\/span><br \/>\n<span style=\"color: #000080;\"><em>&#8220;In timpul Revolutiei americane, cei din colonii spuneau &#8216;no taxation without representation&#8217;. Eu as spune astazi &#8216;no representation without taxation&#8217;. In fond, ca si cetatean, esti &#8216;coactionar&#8217; al statului. Nu poti doar sa decizi asupra administrarii lui, dar sa nu participi cu nimic&#8221;, a precizat <strong>Crin Antonescu.<\/strong><\/em><\/span><\/p>\n<p><strong>Este clar c\u0103 \u0103\u015ftia sunt dobitoci !!!<\/strong><\/p>\n<p>Argumentul c\u0103 mul\u0163i s-au integrat \u00een \u0163\u0103rile de emigra\u0163ie \u015fi c\u0103 nu mai sunt interesa\u0163i de situa\u0163ia din Rom\u00e2nia este pueril, deoarece fiind \u201edezinteresa\u0163i\u201d, ace\u015ftia oricum nu voteaz\u0103. Voteaz\u0103 aceia care \u201enu au plecat de tot\u201d, aceia care se vor \u00eentoarce, dar numai dup\u0103 ce vor pleca IDIO\u0162II de la guvernarea post-1989 !!!<\/p>\n<p>A lua dreptul de vot unui cet\u0103\u0163ean rom\u00e2n pe motiv c\u0103 nu \u201evorbe\u015fte limba\u201d este ridicol, \u00een primul r\u00e2nd deoarece NU ESTE ADEV\u0102RAT PENTRU MAJORITATEA LOR, dar \u015fi deoarece sunt o gr\u0103mad\u0103 de cet\u0103\u0163eni rom\u00e2ni de alte etnii care nu vorbesc rom\u00e2ne\u015fte \u015fi totu\u015fi PARTICIP\u0102 LA GUVERNARE, nu numai c\u0103 voteaz\u0103 !!!<\/p>\n<p>Motivul \u201eneparticip\u0103rii la cheltuielile statului rom\u00e2n\u201d este tot at\u00e2t de ridicol, DIASPORA fiind cel mai mare INVESTITOR \u00een Rom\u00e2nia \u015fi sus\u0163in\u0103toare a unor cheltuieli consulare exagerate fa\u0163\u0103 de alte \u0163\u0103ri europene. Pe de alt\u0103 parte, exist\u0103 f\u0103r\u0103 \u00eendoial\u0103 o mul\u0163ime de cet\u0103\u0163eni rom\u00e2ni \u201easista\u0163i\u201d de statul rom\u00e2n, care deci nu pl\u0103tesc taxe, dar c\u0103rora nimeni nu se g\u00e2nde\u015fte s\u0103 le ridice DREPTUL DE VOT !<\/p>\n<p>Atitudinea ANTI-DIASPORA a usla\u015filor este mo\u015ftenit\u0103 de la vechea nomenclatur\u0103 comunist\u0103, de la umeghebi\u015ftii \u015fi minerii ce \u201enu-\u015fi vindeau \u0163ara\u201d \u015fi i-au ajutat pe feseni\u015fti s\u0103 o dea gratis, de la frustra\u0163ii ce \u201eau m\u00e2ncat p\u00e2ine cu salam de soia\u201d \u015fi a altor dobitoci ce construiesc \u201ecapitalismul multilateral de dezvoltat\u201d !!!<br \/>\nDIASPORA trebuie s\u0103 reac\u0163ioneze \u00eempotriva acestora, deoarece habar nu au ce \u00eenseamn\u0103 DREPTURILE CONSTITU\u0162IONALE !<\/p>\n<p>Eu nu sus\u0163in nicio for\u0163\u0103 politic\u0103 actual\u0103, fiind de p\u0103rere c\u0103 TO\u0162I trebuiesc trimi\u015fi acas\u0103 (\u00een cel mai fericit caz), dar mai DOBITOCI ca \u0103\u015ftia care emit asemenea BAZACONII, nu cred c\u0103 pot exista !<br \/>\n<span style=\"color: #000080;\">Bine\u00een\u0163eles c\u0103<strong> Uniunea European\u0103<\/strong> nu va trece cu vederea astfel de atitudini, dup\u0103 cum nici moneda na\u0163ional\u0103 nu va r\u0103m\u00e2ne nepenalizat\u0103, deoarece <strong>RISCUL DE DICTATUR\u0102<\/strong> \u015fi de <strong>LIMITARE A DREPTURILOR CET\u0102\u0162ENE\u015eTI FUNDAMENTALE<\/strong>, este mai mult dec\u00e2t evident\u0103 chiar \u015fi pentru cei afla\u0163i \u00een deficit cronic de neuroni ! \u00cen acest fel, rom\u00e2nii din Diaspora care nu au solicitat cet\u0103\u0163enia \u0163\u0103rilor de emigra\u0163ie (MAJORITATEA dintre cei 4 milioane din prezent), nu ar mai avea drept de vot NIC\u0102IERI, ceea ce este INADMISIBIL !!!<\/span><br \/>\nFaptul c\u0103 astfel de ATITUDINI ANTI-ROM\u00c2NE\u015eTI, sunt purtate de <span style=\"color: #800000;\"><strong>DOBITOCI MEDIATICI ASERVI\u0162I MOGULILOR NEO-COMUNI\u015eTI<\/strong><\/span> precum <span style=\"color: #800000;\"><strong>CIUTACU \u015fi BADEA<\/strong><\/span>, cu un <span style=\"color: #800000;\"><strong>LIMBAJ DE MAHALA<\/strong><\/span>, demonstreaz\u0103 <span style=\"color: #800000;\"><strong>DEC\u0102DEREA MORAL\u0102<\/strong><\/span>, ce pare c\u0103 nu mai are limite \u00een <span style=\"color: #800000;\"><strong>Rom\u00e2nia !!! <\/strong><\/span>Apropos de ace\u015fti mahalagii notorii, reamintesc atitudinea lor \u015fi \u00een ceea ce-i prive\u015fte pe ROM\u00c2NII DIN AFARA ROM\u00c2NIEI , care au fost \u015fi sunt supu\u015fi aceleia\u015fi LOGICI ANTI-ROM\u00c2NE\u015eTI. <span style=\"color: #003300;\"><strong>\u0162in s\u0103 atrag aten\u0163ia, c\u0103 scoaterea din \u201ecalculul politic\u201d a 9 milioane de rom\u00e2ni (c\u00e2t popula\u0163ia Bulgariei \u015fi Ungariei) este folositoare numai DU\u015eMANILOR NEAMULUI !!!<\/strong><\/span><br \/>\nC\u00e2nd se spune DISPORA, se spune \u015fi Los Alamos \u015fi NASA \u015fi mari Universit\u0103\u0163i, pe c\u00e2nd \u201eciutacii, b\u0103de\u015ftii, ivanii (nume semnificativ !), repeten\u0163ii porumbaci \u015fi plagiatorii ordinari \u201d nu v\u0103d dec\u00e2t \u201esp\u0103l\u0103tori de cururi italiene\u015fti \u015fi c\u0103p\u015funari jego\u015fi\u201d !?!?<br \/>\nReamintesc acestor \u201eelemente\u201d, c\u0103 este mai onorabil s\u0103 speli un cur italienesc pentru a \u00eentre\u0163ine (de multe ori) rude nevoia\u015fe din \u0163ar\u0103, dec\u00e2t s\u0103 participi entuziast la <span style=\"color: #333300;\"><strong>SPOLIEREA ROM\u00c2NIEI<\/strong><\/span>, sau <span style=\"color: #333300;\"><strong>s\u0103 c\u00e2n\u0163i \u00een struna SPOLIATORILOR !!!<\/strong><\/span><br \/>\nS\u0103 nu dea Dumnezeu cel Sf\u00e2nt, s\u0103 ne \u00eentoarcem ACAS\u0102 \u015fi s\u0103-i \u00eentreb\u0103m pe MI\u015eEI ce au f\u0103cut din <span style=\"color: #000080;\"><strong>Gr\u0103dina Maicii Domnului !!!<\/strong><\/span> &#8230; nu de altceva, dar <span style=\"color: #000080;\"><strong>Baba Vanga<\/strong><\/span> a prezis c\u0103 <span style=\"color: #000080;\"><strong>\u201eunul care va veni din afara \u0163\u0103rii\u201d VA FACE ORDINE \u00ceN ROM\u00c2NIA !<\/strong><\/span><br \/>\n<span style=\"color: #800000;\"><em><strong>Doamne c\u00e2t mi-ar place s\u0103 se adevereasc\u0103, deoarece \u201emul\u0163i vor fi popi\u0163i\u201d !!!<\/strong><\/em><\/span><\/p>\n<p><span style=\"color: #000080;\"><strong>\u201eMi\u015fcarea Dacia\u201d are \u00eentre Principii \u015ei Obiective, STIMULAREA \u00ceNTOARCERII COMPETEN\u0162ELOR EMIGRATE precum \u015fi AJUTOARE PENTRU ROM\u00c2NII DIN AFARA ROM\u00c2NIEI, \u00een scopul AFIRM\u0102RII \u015eI CONSERV\u0102RII IDENTIT\u0102\u0162II NA\u0162IONALE !<\/strong><\/span><\/p>\n<p><span style=\"color: #000080;\"><strong>C\u00e2t\u0103 DIFEREN\u0162\u0102 !?!?\u00a0<\/strong><\/span><\/p>\n","protected":false},"excerpt":{"rendered":"<p>sau : \u00ceI DAI VOIE LUI IVAN \u015eI SE SUIE \u00ceN \u201eDIVAN\u201d (EUROPEAN) !?!?\u00a0 \u00cen\u0163eleg c\u0103 unii concep s\u0103 se migreze numai spre Moscova (tu ce zici IVANE ?) de unde s-au adus numai \u201edemocra\u0163ii originale\u201d, dar ca s\u0103 nu cuno\u015fti a\u015fa ceva, este greu de \u00een\u0163eles : &nbsp; Constitutia Romaniei Dreptul de vot ARTICOLUL [&hellip;]<\/p>\n","protected":false},"author":2,"featured_media":0,"comment_status":"open","ping_status":"open","sticky":false,"template":"","format":"standard","meta":{"footnotes":""},"categories":[88,73],"tags":[948,943,657,944,1581,575,210,946,945,947,52],"jetpack_featured_media_url":"","_links":{"self":[{"href":"https:\/\/bassdu.mine.bz\/index.php?rest_route=\/wp\/v2\/posts\/2338"}],"collection":[{"href":"https:\/\/bassdu.mine.bz\/index.php?rest_route=\/wp\/v2\/posts"}],"about":[{"href":"https:\/\/bassdu.mine.bz\/index.php?rest_route=\/wp\/v2\/types\/post"}],"author":[{"embeddable":true,"href":"https:\/\/bassdu.mine.bz\/index.php?rest_route=\/wp\/v2\/users\/2"}],"replies":[{"embeddable":true,"href":"https:\/\/bassdu.mine.bz\/index.php?rest_route=%2Fwp%2Fv2%2Fcomments&post=2338"}],"version-history":[{"count":7,"href":"https:\/\/bassdu.mine.bz\/index.php?rest_route=\/wp\/v2\/posts\/2338\/revisions"}],"predecessor-version":[{"id":2340,"href":"https:\/\/bassdu.mine.bz\/index.php?rest_route=\/wp\/v2\/posts\/2338\/revisions\/2340"}],"wp:attachment":[{"href":"https:\/\/bassdu.mine.bz\/index.php?rest_route=%2Fwp%2Fv2%2Fmedia&parent=2338"}],"wp:term":[{"taxonomy":"category","embeddable":true,"href":"https:\/\/bassdu.mine.bz\/index.php?rest_route=%2Fwp%2Fv2%2Fcategories&post=2338"},{"taxonomy":"post_tag","embeddable":true,"href":"https:\/\/bassdu.mine.bz\/index.php?rest_route=%2Fwp%2Fv2%2Ftags&post=2338"}],"curies":[{"name":"wp","href":"https:\/\/api.w.org\/{rel}","templated":true}]}}