{"id":2346,"date":"2012-07-13T19:20:29","date_gmt":"2012-07-13T18:20:29","guid":{"rendered":"http:\/\/bassdu.mine.nu\/?p=2346"},"modified":"2012-07-13T19:20:29","modified_gmt":"2012-07-13T18:20:29","slug":"de-ce-as-vota-nu-la-referendum","status":"publish","type":"post","link":"https:\/\/bassdu.mine.bz\/?p=2346","title":{"rendered":"De ce a\u015f vota NU la Referendum :"},"content":{"rendered":"<p><span style=\"color: #000080;\">1. Deoarece eu l-am votat pe B\u0103sescu ca pe un \u201er\u0103u minor\u201d \u015fi nu agreez ca altcineva s\u0103-mi anuleze votul. Ast\u0103zi nu a\u015f mai vota alt \u201er\u0103u minor\u201d, ci a\u015f VOTA NUL, recomand\u00e2nd tuturor acest PROTEST \u00ceMPOTRIVA \u00ceNTREGII CLASE POLITICE ACTUALE \u015eI A PARTIDELOR C\u0102RORA APAR\u0162IN. <\/span><br \/>\n<span style=\"color: #000080;\">VOTUL NUL este perfect LEGAL \u015fi poate DELEGITIMA toate partidele \u201ede pe liste\u201d, acestea nemaireprezent\u00e2nd astfel INTERESELE MAJORITATII POPULA\u0162IEI. \u00cen cazul fericit c\u0103 la Alegerile Politice ar participa o parte NEREPREZENTATIV\u0102 \u00a0a popula\u0163iei, FOR\u0162ELE RESPONSABILE ALE NA\u0162IUNII, vor avea OBLIGA\u0162IA MORAL\u0102 de A-I TRIMITE PE TO\u0162I ACAS\u0102 !!!<\/span><br \/>\n<span style=\"color: #800000;\">2. Deoarece \u201eartizanii\u201d acestui Referendum, sunt LEGITIMA\u0162I doar de o MIGRA\u0162IE MASIV\u0102 A \u015eOBOLANILOR CE P\u0102R\u0102SESC O CORABIE CE SE SCUFUND\u0102 (PDL, PUNR, UDMR). Aceast\u0103 LOVITUR\u0102 DE PALAT este total ANTI-DEMOCRATIC\u0102, deoarece \u201eschimb\u00e2nd cazaca\u201d din mers , \u201e\u015fobolanii\u201d \u00eencalc\u0103 MANDATUL cu care au fost trimi\u015fi \u00een Parlament, \u00eenainte de a-\u015fi consulta aleg\u0103torii. S\u0103 nu se aduc\u0103 \u201eargumentul pie\u0163ei\u201d, deoarece PIA\u0162A este \u00eentotdeauna manipulat\u0103 \u015fi oricum, nu este un \u201eorgan democratic reprezentativ\u201d dpdv constitu\u0163ional \u015fi nici \u201earguimentul alegerilor locale\u201d, deoarece acestea sunt doar&#8230; LOCALE \u015fi au alt obiectiv dec\u00e2t cele POLITICE.<\/span><br \/>\n<span style=\"color: #000080;\">3. Deoarece trecerea \u00een mas\u0103 de partea USL a deputa\u0163ilor UDMR (care a participat la guvernare), demonstreaz\u0103 c\u0103 acest lucru NU TREBUIE S\u0102 SE MAI \u00ceNT\u00c2MPLE ! Nu \u00een\u0163elegem prin asta \u00eempiedicarea UDMR de a fi reprezentat\u0103 \u00een Parlament, de\u015fi nefiind un partid \u00een adev\u0103ratul sens al cuv\u00e2ntului, exist\u0103 multe perplexit\u0103\u0163i ce necesit\u0103 clarific\u0103ri legislative, ci pur \u015fi simplu : NU TREBUIE S\u0102 FIE DETERMINAN\u0162I \u00ceN ACTUL DE GUVERNARE !!! \u00a0<\/span><br \/>\n<span style=\"color: #800000;\">4. Deoarece B\u0103sescu a f\u0103cut MULT pentru ROM\u00c2NII DIN AFARA ROM\u00c2NIEI (m\u0103 refer la cei afla\u0163i acolo, NU din proprie ini\u0163iativ\u0103), demonstr\u00e2nd ATA\u015eAMENT LA REUNIFICAREA CELOR DOU\u0102 STATE ROM\u00c2NE\u015eTI \u015fi fiind primul CAP DE STAT ROM\u00c2N ce a dat un semnal important c\u0103 \u0163ine cont de minorit\u0103\u0163ile rom\u00e2ne\u015fti din jurul Rom\u00e2niei. Aceast\u0103 atitudine, nu au demonstrat-o ilie\u015ftii, porumbacii \u015fi plagiatorii de ieri \u015fi de azi&#8230; ba din contr\u0103 !!! Este cunoscut\u0103 atitudinea acestora mai veche \u015fi mai nou\u0103, fa\u0163\u0103 de \u201ecei ce nu m\u0103n\u00e2nc\u0103 salam de soia cu ei\u201d, av\u00e2nd ca purt\u0103tori de cuv\u00e2nt ciutaci \u015fi b\u0103dei din \u201eorganele mediatice ale mogulilor converti\u0163i rapid de la comunismo-securism, la economia de pia\u0163\u0103\u201d.\u00a0<\/span><br \/>\n<span style=\"color: #000080;\">5. Deoarece \u00ceN GENERAL, autorii \u201eLoviturii de Palat\u201d, nu prezint\u0103 GARAN\u0162II c\u0103 ar fi mai buni. Ba din contr\u0103, s\u0103 ne amintim c\u0103 primele guvern\u0103ri ce au condus Rom\u00e2nia pe calea DEZASTRULUI actual au fost social-democrate (FSN-PSD).<\/span><br \/>\n<span style=\"color: #800000;\">6. Niciodat\u0103 nu voi vota cu Ilescu&amp;co, deoarece este un individ ce \u015fi-a \u00eenceput discursurile post-revolu\u0163ionare cu \u201edragi tovar\u0103\u015fi\u201d, a acuzat \u201eanumite cercuri\u201d c\u0103 nu au habar de \u201eidealurile comuniste\u201d \u015fi \u201es-a ag\u0103\u0163at\u201d de putere, manipul\u00e2nd MINERII \u00eempotriva Opozi\u0163iei \u015fi mul\u0163umindu-le, chiar dac\u0103 ace\u015ftia s-au m\u00e2njit de s\u00e2nge rom\u00e2nesc !!!&#8230; sunt \u201echestii\u201d video-demonstrate, ci nu fandonii !!!<\/span><br \/>\n<span style=\"color: #000080;\">7. Fiind \u201eMi\u015fcarea Dacia\u201d o for\u0163\u0103 politic\u0103 ce lupt\u0103 \u00eempotriva TUTUROR ACTUALELOR PARTIDE REPREZENTATE \u00ceN PARLAMENT \u015fi lu\u00e2nd cuno\u015ftin\u0163\u0103 de DEGRINGOLADA PEDELIST\u0102, nu putem dec\u00e2t s\u0103 ne bucur\u0103m s\u0103 vedem cu ocazia Referendumului \u015fi DEGRINGOLADA USLA\u015e\u0102, ce nu poate s\u0103 ne fie altfel, dec\u00e2t &#8230; FAVORABIL\u0102 ! Odat\u0103 DEMOLATE PARTIDELE MAJORE, se va creea spa\u0163iu \u015fi pentru FOR\u0162E POLITICE ALTERNATIVE, PROMOTOARE ale altor PARADIGME SOCIO-ECONOMICE. Mi\u015fcarea Dacia nu crede \u00een abera\u0163ii de tipul ALTERNAN\u0162EI DEMOCRATICE \u00een exercitarea PUTERII, \u00een care \u201ealterna\u0163ii\u201d sunt mereu aceia\u015fi, incapabili de EVOLU\u0162II \u015fi ancora\u0163i \u00een IDEOLOGII DEJA DEMONSTRATE DEP\u0102\u015eITE DE COMPLEXITATEA CONJUNCTURAL\u0102 ACTUAL\u0102.<\/span><br \/>\n<span style=\"color: #000080;\">Mi\u015fcarea Dacia este \u00eempotriva TUTUROR PARTIDELOR ACTUALE, iar DELEGITIMAREA USL este un Obiectiv al nostru. \u0162in\u00e2nd cont c\u0103 PDL este deja harcea-parcea, c\u0103 UDMR \u015fi UNPR au avut ULTIMA OCAZIE s\u0103 demonstreze c\u0103 NU trebuie s\u0103 participe DECISIV la politica na\u0163ional\u0103, rezult\u0103 clar c\u0103 se impune APARI\u0162IA unei ALTE FOR\u0162E POLITICE, capabil\u0103 a se desprinde de &#8230; SISTEM !<\/span><br \/>\n<span style=\"color: #800000;\">8. Deoarece B\u0103sescu nu este \u201eunicul responsabil\u201d pentru actualul DEZASTRU, ci SISTEMUL ai c\u0103rui PIONI sunt at\u00e2t el, c\u00e2t \u015fi cei ce-l vor destituit.<\/span><br \/>\n<span style=\"color: #000080;\">9. Deoarece aceast\u0103 LOVITUR\u0102 DE PALAT va avea consecin\u0163e grave asupra \u00ceNTREGULUI POPOR, care va pl\u0103ti scump LUPTA PENTRU PUTERE a unor descreiera\u0163i. Se v\u0103d deja efectele INSTABILIT\u0102\u0162II POLITICE, ale \u00ceNC\u0102LC\u0102RII DREPTURILOR CONSTITU\u0162IONALE, precum \u015fi a PRINCIPIULUI SEPAR\u0102RII PUTERILOR \u00ceN STAT \u015fi lu\u0103rile de pozi\u0163ie critice din partea TUTUROR ORGANISMELOR SUPRASTATALE \u00een care este implicat\u0103 Rom\u00e2nia, \u00eencep\u00e2nd cu UE.\u00a0<\/span><br \/>\n<span style=\"color: #000080;\">\u015ei eu sunt \u201eeuro-sceptic\u201d, dar a le ar\u0103ta fundul \u00een acest context (mai ales c\u0103 e gol), este periculos&#8230; \u015fi asta deoarece deja se v\u0103d semnale c\u0103 UE nu accept\u0103 m\u0103surile USL : se pierd finan\u0163\u0103ri, se risc\u0103 Schengen, se pierd investi\u0163ii externe, etc. \u015fi asta este numai \u00eenceputul !<\/span><br \/>\n<span style=\"color: #800000;\">10. De\u015fi suntem ANTI-SISTEM, noi dorim dobor\u00e2rea acestuia \u201ecu mijloacele legale la dispozi\u0163ie\u201d (VOTUL), ceea ce presupune RESPECTAREA REGULILOR existente, chiar dac\u0103 nu ne plac. \u00cen acest sens, odat\u0103 acordat\u0103 \u00eencrederea pentru un mandat (ultimul), re\u0163inem oportun ducerea lui la termen, deoarece din motivele expuse p\u00e2n\u0103 aici, rezult\u0103 c\u0103 FAPTELE NU SUNT AT\u00c2T DE GRAVE, iar ini\u0163iatorii nu sunt MAI BREJI, ca s\u0103 se justifice o LOVITUR\u0102 DE STAT.<\/span><\/p>\n<p><strong>CONCLUZIE : Aderen\u0163ii<span style=\"color: #000080;\"> Mi\u015fc\u0103rii Dacia<\/span> sunt invita\u0163i, s\u0103 voteze NU la Referendumul din 29 Iulie \u00een cazul c\u0103 nu se va accepta (a\u015fa cum a solicitat UE) reinstaurarea regulii majoritatii necesare pentru validarea rezultatelor referendumului (jumatate plus unu din numarul celor inregistrati pe listele electorale): abrogarea OUG nr. 41.<\/strong><br \/>\n<strong>\u00cen cazul contrar, recomand tuturor celor ce sunt cu adev\u0103rat aderen\u0163i la <span style=\"color: #000080;\">Mi\u015fcarea Dacia<\/span>, s\u0103 fac\u0103 o frumoas\u0103 PLIMBARE \u00ceN AER LIBER la acea dat\u0103 !<\/strong><br \/>\n<strong>Cine nu pricepe importan\u0163a strategic\u0103 a acestui comportament, nu pricepe CE VREM NOI \u015fi este liber s\u0103 ac\u0163ioneze \u00een consecin\u0163\u0103 !!!<\/strong><\/p>\n","protected":false},"excerpt":{"rendered":"<p>1. Deoarece eu l-am votat pe B\u0103sescu ca pe un \u201er\u0103u minor\u201d \u015fi nu agreez ca altcineva s\u0103-mi anuleze votul. Ast\u0103zi nu a\u015f mai vota alt \u201er\u0103u minor\u201d, ci a\u015f VOTA NUL, recomand\u00e2nd tuturor acest PROTEST \u00ceMPOTRIVA \u00ceNTREGII CLASE POLITICE ACTUALE \u015eI A PARTIDELOR C\u0102RORA APAR\u0162IN. VOTUL NUL este perfect LEGAL \u015fi poate DELEGITIMA toate [&hellip;]<\/p>\n","protected":false},"author":2,"featured_media":0,"comment_status":"open","ping_status":"open","sticky":false,"template":"","format":"standard","meta":{"footnotes":""},"categories":[73],"tags":[210,939,587,52,660,949,659],"jetpack_featured_media_url":"","_links":{"self":[{"href":"https:\/\/bassdu.mine.bz\/index.php?rest_route=\/wp\/v2\/posts\/2346"}],"collection":[{"href":"https:\/\/bassdu.mine.bz\/index.php?rest_route=\/wp\/v2\/posts"}],"about":[{"href":"https:\/\/bassdu.mine.bz\/index.php?rest_route=\/wp\/v2\/types\/post"}],"author":[{"embeddable":true,"href":"https:\/\/bassdu.mine.bz\/index.php?rest_route=\/wp\/v2\/users\/2"}],"replies":[{"embeddable":true,"href":"https:\/\/bassdu.mine.bz\/index.php?rest_route=%2Fwp%2Fv2%2Fcomments&post=2346"}],"version-history":[{"count":2,"href":"https:\/\/bassdu.mine.bz\/index.php?rest_route=\/wp\/v2\/posts\/2346\/revisions"}],"predecessor-version":[{"id":2348,"href":"https:\/\/bassdu.mine.bz\/index.php?rest_route=\/wp\/v2\/posts\/2346\/revisions\/2348"}],"wp:attachment":[{"href":"https:\/\/bassdu.mine.bz\/index.php?rest_route=%2Fwp%2Fv2%2Fmedia&parent=2346"}],"wp:term":[{"taxonomy":"category","embeddable":true,"href":"https:\/\/bassdu.mine.bz\/index.php?rest_route=%2Fwp%2Fv2%2Fcategories&post=2346"},{"taxonomy":"post_tag","embeddable":true,"href":"https:\/\/bassdu.mine.bz\/index.php?rest_route=%2Fwp%2Fv2%2Ftags&post=2346"}],"curies":[{"name":"wp","href":"https:\/\/api.w.org\/{rel}","templated":true}]}}