{"id":2364,"date":"2012-07-25T20:56:09","date_gmt":"2012-07-25T19:56:09","guid":{"rendered":"http:\/\/bassdu.mine.nu\/?p=2364"},"modified":"2012-07-25T21:02:01","modified_gmt":"2012-07-25T20:02:01","slug":"miscarea-dacia-si-platon","status":"publish","type":"post","link":"https:\/\/bassdu.mine.bz\/?p=2364","title":{"rendered":"Mi\u015fcarea Dacia \u015fi&#8230; PLATON"},"content":{"rendered":"<p><span style=\"color: #000080;\"><strong>Democra\u0163ia, un sistem politic criticat de Platon<\/strong><\/span><\/p>\n<p><span style=\"color: #800000;\"><em>\u201eCe reprezint\u0103 Atena pentru filosoful Republicii? Platon condamn\u0103 democra\u0163ia atenian\u0103 fondat\u0103 pe egalitatea \u00eentre cet\u0103\u0163eni \u00een participarea guvern\u0103rii statului, competen\u0163i sau nu \u00een materie de politic\u0103 sau pe plan juridic. Acesta este repro\u015ful lui Platon sistemului politic ce privilegiaz\u0103 opinia public\u0103 \u00een defavoarea cunoa\u015fterii \u015fi \u00een\u0163elepciunii. \u00cen democra\u0163ie, fiecare este autorizat s\u0103-\u015fi exprime opinia asupra modului de func\u0163ionare a statului. Pentru Platon acest fel de a proceda nu face dec\u00e2t s\u0103 introduc\u0103 diviziuni \u00een stat atunci c\u00e2nd intervin \u00een discu\u0163ie probleme capitale pentru guvernare. Mul\u0163imea este nestatornic\u0103, schimb\u0103toare \u00een fa\u0163a discursului demagogilor. \u00cen acest caz, mul\u0163imea este capabil\u0103 s\u0103 judece \u00een bloc \u015fi s\u0103 condamne la moarte \u00een mod ilegal \u015fi s\u0103 reabiliteze \u00een acela\u015fi timp. Platon nu face diferen\u0163\u0103 esen\u0163ial\u0103 \u00eentre oratorul popular \u015fi tiran. Democra\u0163ia, \u00een forma sa extrem\u0103, conduce la tiranie deoarece poporul dore\u015fte s\u0103 fie unicul suveran, fiindc\u0103 demagogul \u015fi curtizanul sunt la fel. Dup\u0103 demagogi, sofi\u015ftii joac\u0103 un rol esen\u0163ial \u00een statul democratic, unde arta de a vorbi este cheia puterii. Pentru Platon, ace\u015ftia sunt nonproductivi, se v\u00e2nd celor care ofer\u0103 mai mult. Dup\u0103 ce au devenit mae\u015ftri \u00een arta \u00een\u015fel\u0103ciunii, ei ap\u0103r\u0103 interesele celor care i-au pl\u0103tit. Sunt semnul consecin\u0163ei democratice. Iat\u0103 ce spune Platon despre ei: \u00cen oligarhie, \u0163inut\u0103 \u00een dispre\u0163 \u015fi izolat\u0103 de c\u0103tre magistraturi, ei sunt f\u0103r\u0103 experien\u0163\u0103 \u015fi f\u0103r\u0103 for\u0163\u0103, pe c\u00e2nd \u00een democra\u0163ie, ei comand\u0103 aproape exclusiv \u015fi sunt ei cei mai violen\u0163i dintre ace\u015fti lideri care vorbesc \u015fi ac\u0163ioneaz\u0103; restul, a\u015feza\u0163i \u00een tribune, murmur\u0103 \u015fi \u00eenchid gura \u00een fa\u0163a contradictorilor, astfel \u00eenc\u00e2t \u00eentr-un asemenea guvern toate lucrurile, cu excep\u0163ia c\u00e2torva, trec prin m\u00e2na lor (Republica,VIII, 564d-e). Platon afirm\u0103 de asemenea ambiguitatea institu\u0163iilor democratice atunci c\u00e2nd opune numele realit\u0103\u0163ii regimului, revel\u00e2nd astfel defectele \u015fi piedicile sistemului. Rolul mul\u0163imii este acela de a da magistratura \u015fi puterea celor mai buni demagogi \u015fi de a aproba deciziile lor.\u201d<\/em><\/span><\/p>\n<p>sursa :<a href=\" http:\/\/www.ziarullumina.ro\/\u200barticole;1797;0;65945;0;Politic\u200ba-si-religie-in-Republica-lui-\u200bPlaton.html\"> http:\/\/www.ziarullumina.ro\/\u200barticole;1797;0;65945;0;Politic\u200ba-si-religie-in-Republica-lui-\u200bPlaton.html<\/a><\/p>\n<p>&nbsp;<\/p>\n<p><strong>Mul\u0163i au r\u0103mas perplec\u015fi atunci c\u00e2nd am afirmat c\u0103 \u201enu cred \u00een DEMOCRA\u0162IE A\u015eA CUM E \u00ceN\u0162ELEAS\u0102 AZI\u201d. Iat\u0103 c\u0103 \u00een acest articol, o serie \u00eentreag\u0103 de IDEI ale \u201eMi\u015fc\u0103rii Dacia\u201d, se reg\u0103sesc \u00een g\u00e2ndirea lui PLATON. \u00a0\u015ei nu numai referitor la DEMOCRA\u0162IE ! Citi\u0163i cu aten\u0163ie tot articolul \u015fi ve\u0163i descoperi multe \u201etangen\u0163e\u201d !!!&#8230; inclusiv asupra : COMPETEN\u0162EI, PROPRIET\u0102\u0162II PRIVATE, SPIRITUALIT\u0102\u0162II, MATERIALISMULUI, DEMAGOGIEI, POPULISMULUI, etc.\u00a0<\/strong><\/p>\n<p>Exist\u0103 \u00een articol o singur\u0103 omisiune apropos de <span style=\"color: #800000;\"><strong>MITUL CAVERNEI<\/strong><\/span>, de unde a disp\u0103rut&#8230; <span style=\"color: #800000;\"><strong>MANIPULAREA PANOURILOR<\/strong><\/span>, element esen\u0163ial al <span style=\"color: #800000;\">\u201epove\u015ftii\u201d<\/span>, pe care noi l-am tratat pe \u00eendelete cu ceva timp \u00een urm\u0103 !<\/p>\n<p>Eu personal, cred c\u0103 <em><span style=\"color: #000080;\"><strong>\u201epriza la mase\u201d a Principiilor \u015fi Obiectivelor<\/strong><\/span><\/em>\u00a0noastre ar fi enorm\u0103, deoarece fiecare om de r\u00e2nd, va descifra imediat \u00a0ADEV\u0102RATA SEMNIFICA\u0162IE \u00a0a acestora. P\u00e2n\u0103 \u015fi basarabenii care se opun REUNIFIC\u0102RII ar putea s\u0103-\u015fi schimbe p\u0103rerea, deoarece acestea le-ar oferi O NOU\u0102 PERSPECTIV\u0102&#8230; DE BUN SIM\u0162&#8230; \u00a0venit\u0103 de la fra\u0163ii lor, care astfel \u015fi-ar rec\u0103p\u0103ta DREPTUL LEGITIM LA RESPECT FR\u0102\u0162ESC!<\/p>\n<p><span style=\"color: #800000;\"><strong>\u00cen concluzie<\/strong><\/span>, afirm c\u0103 e mai bine s\u0103-i spui omului <strong><span style=\"color: #000080;\">\u201es\u0103 nu se \u00eentind\u0103 mai mult dec\u00e2t \u00eei e plapuma\u201d<\/span><\/strong>, garant\u00e2ndu-i \u00een acela\u015fi timp <span style=\"color: #000080;\"><strong>\u201eo distribu\u0163ie etic\u0103 a resurselor\u201d<\/strong><\/span>, precum \u015fi <span style=\"color: #000080;\"><strong>\u201etransparen\u0163a acestei distribu\u0163ii\u201d, <\/strong><span style=\"color: #000000;\">ca expresie a primordialit\u0103\u0163ii<\/span><strong>\u00a0INTERESULUI GENERAL.\u00a0<\/strong><\/span><\/p>\n<p><strong>Principiile \u015fi Obiectivele \u201eMi\u015fc\u0103rii Dacia\u201d, chiar dac\u0103 perfectibile, deja ofer\u0103 aceste GARAN\u0162II !!!<\/strong><\/p>\n","protected":false},"excerpt":{"rendered":"<p>Democra\u0163ia, un sistem politic criticat de Platon \u201eCe reprezint\u0103 Atena pentru filosoful Republicii? Platon condamn\u0103 democra\u0163ia atenian\u0103 fondat\u0103 pe egalitatea \u00eentre cet\u0103\u0163eni \u00een participarea guvern\u0103rii statului, competen\u0163i sau nu \u00een materie de politic\u0103 sau pe plan juridic. Acesta este repro\u015ful lui Platon sistemului politic ce privilegiaz\u0103 opinia public\u0103 \u00een defavoarea cunoa\u015fterii \u015fi \u00een\u0163elepciunii. \u00cen democra\u0163ie, [&hellip;]<\/p>\n","protected":false},"author":2,"featured_media":0,"comment_status":"open","ping_status":"open","sticky":false,"template":"","format":"standard","meta":{"footnotes":""},"categories":[73],"tags":[209,210,506,827],"jetpack_featured_media_url":"","_links":{"self":[{"href":"https:\/\/bassdu.mine.bz\/index.php?rest_route=\/wp\/v2\/posts\/2364"}],"collection":[{"href":"https:\/\/bassdu.mine.bz\/index.php?rest_route=\/wp\/v2\/posts"}],"about":[{"href":"https:\/\/bassdu.mine.bz\/index.php?rest_route=\/wp\/v2\/types\/post"}],"author":[{"embeddable":true,"href":"https:\/\/bassdu.mine.bz\/index.php?rest_route=\/wp\/v2\/users\/2"}],"replies":[{"embeddable":true,"href":"https:\/\/bassdu.mine.bz\/index.php?rest_route=%2Fwp%2Fv2%2Fcomments&post=2364"}],"version-history":[{"count":3,"href":"https:\/\/bassdu.mine.bz\/index.php?rest_route=\/wp\/v2\/posts\/2364\/revisions"}],"predecessor-version":[{"id":2366,"href":"https:\/\/bassdu.mine.bz\/index.php?rest_route=\/wp\/v2\/posts\/2364\/revisions\/2366"}],"wp:attachment":[{"href":"https:\/\/bassdu.mine.bz\/index.php?rest_route=%2Fwp%2Fv2%2Fmedia&parent=2364"}],"wp:term":[{"taxonomy":"category","embeddable":true,"href":"https:\/\/bassdu.mine.bz\/index.php?rest_route=%2Fwp%2Fv2%2Fcategories&post=2364"},{"taxonomy":"post_tag","embeddable":true,"href":"https:\/\/bassdu.mine.bz\/index.php?rest_route=%2Fwp%2Fv2%2Ftags&post=2364"}],"curies":[{"name":"wp","href":"https:\/\/api.w.org\/{rel}","templated":true}]}}