{"id":2371,"date":"2012-08-29T21:43:03","date_gmt":"2012-08-29T20:43:03","guid":{"rendered":"http:\/\/bassdu.mine.nu\/?p=2371"},"modified":"2013-09-01T21:53:53","modified_gmt":"2013-09-01T20:53:53","slug":"despre-cele-4-puteri-din-statul-actual","status":"publish","type":"post","link":"https:\/\/bassdu.mine.bz\/?p=2371","title":{"rendered":"Despre cele &#8230; 4 Puteri din Statul actual"},"content":{"rendered":"<p>&nbsp;<\/p>\n<p><span style=\"color: #000000;\"><em><strong>Se \u015ftie c\u0103 Puterea \u00een Stat este \u00eemp\u0103r\u0163it\u0103 \u00een cea LEGISLATIV\u0102, EXECUTIV\u0102 \u015eI JURIDIC\u0102, la care ad\u0103ug\u0103m pe \u201emai nou venita\u201d &#8230; MEDIATIC\u0102 !?<\/strong><\/em><\/span><\/p>\n<p><span style=\"color: #800000;\"><strong>\u00a0<\/strong><\/span><br \/>\n<span style=\"color: #800000;\"><strong>1. P\u0103i cum s\u0103 ai \u00eencredere \u00een LEGILE produse de un PARLAMENT (LEGISLATIVUL) alc\u0103tuit din POLITICIENI DE PROFESIE INCOMPETEN\u0162I ???<\/strong><\/span><br \/>\n<span style=\"color: #800000;\"><strong>2. P\u0103i cum s\u0103 ai \u00eencredere \u00eentr-un EXECUTIV (GUVERN) expresie a aceluia\u015fi PARLAMENT ???<\/strong><\/span><br \/>\n<span style=\"color: #800000;\"><strong>3. P\u0103i cum s\u0103 ai \u00eencredere \u00een JUSTI\u0162IA administrat\u0103 de aceia\u015fi POLITICIENI, care-\u015fi fac \u201elegi pe m\u0103sur\u0103\u201d \u015fi mai \u015fi numesc organele superioare ale Magistraturii ???<\/strong><\/span><br \/>\n<span style=\"color: #800000;\"><strong>4. P\u0103i cum s\u0103 ai \u00eencredere \u00een ni\u015fte ORGANE MEDIATICE, aflate pe m\u00e2na acelora\u015fi POLITICIENI, care pun \u00een act cele mai ordinare ac\u0163iuni de MANIPULARE ???<\/strong><\/span><br \/>\n<span style=\"color: #800000;\"><strong>5. P\u0103i cum s\u0103 crezi \u00een ceva ce nu a existat niciodat\u0103 \u015fi care este (cu spume la gur\u0103) numit\u0103 &#8230; DEMOCRA\u0162IE ???<\/strong><\/span><\/p>\n<p>\u201e<strong><span style=\"color: #000000;\"><em>Nu exist\u0103 la aceasta dat\u0103 a istoriei lumii, \u00een America, ceva ce s-ar putea numi o pres\u0103 independent\u0103. \u015etii asta a\u015fa cum o \u015ftiu \u015fi eu. Nu exist\u0103 cineva care ar avea \u00eendr\u0103zneala s\u0103-\u015fi scrie opiniile sale corecte, c\u0103ci dac\u0103 ai face-o \u015ftii dinainte c\u0103 nu vor fi tip\u0103rite. Sunt pl\u0103tit s\u0103pt\u0103m\u00e2nal pentru a-mi p\u0103stra opiniile mele sincere \u00een afara ziarului la care lucrez. \u015ei al\u0163ii dintre voi primesc salarii pentru lucruri similare, ori\u015ficare dintre voi care ar fi a\u015fa de nebun ca s\u0103-\u015fi scrie p\u0103rerile sincere, ar fi aruncat \u00een strad\u0103 s\u0103-\u015fi caute un alt loc de munc\u0103. Dac\u0103 mi-a\u015f permite s\u0103-mi public opiniile mele sincere \u00eentr-una din edi\u0163iile ziarului meu, mi-a\u015f pierde slujba \u00een mai pu\u0163in de 24 de ore. Slujba de jurnalist este aceea de a distruge adev\u0103rul, de a min\u0163i tot timpul, de a perverti, de a def\u0103ima, de a te gudura la picioarele lui Mamon \u015fi de a \u00ee\u0163i vinde \u0163ara \u015fi neamul pentru p\u00e2inea de zi cu zi. Noi suntem instrumentele \u015fi vasalii oamenilor boga\u0163i din spatele scenei. Noi suntem marionetele, ei trag sforile \u015fi noi dans\u0103m. Talentele noastre, posibilit\u0103\u0163ile noastre \u015fi vie\u0163ile noastre sunt proprietatea altor oameni. Noi suntem prostitua\u0163i intelectuali.\u201d<\/em><\/span><\/strong><\/p>\n<p><span style=\"color: #000000;\"><em><strong>\u00a0John Swinton(1829-1901, Redactor \u015fef la \u201eNew York Times\u201d<\/strong>)<\/em><\/span><\/p>\n<p><span style=\"color: #003300;\"><strong>CONCLUZIILE tr\u0103ge\u0163i-le singuri !!!<\/strong><\/span><\/p>\n<p><span style=\"color: #000000;\"><strong>Ceea ce propune <span style=\"color: #000080;\">MI\u015eCAREA DACIA<\/span> este :<\/strong><\/span><br \/>\n<span style=\"color: #000080;\"><strong>1. Alegerea SFETNICILOR din SFATUL \u0162\u0102RII strict pe principiile COMPETEN\u0162EI, RESPONSABILIT\u0102\u0162II \u015fi TERITORIALIT\u0102\u0162II (maxim 50).<\/strong><\/span><br \/>\n<span style=\"color: #000080;\"><strong>2. Desemnarea EXECUTIVULUI de c\u0103tre SFATUL \u0162\u0102RII, strict pe principiul COMPETEN\u0162EI \u015fi RESPONSABILIT\u0102\u0162II.<\/strong><\/span><br \/>\n<span style=\"color: #000080;\"><strong>3. Desemnarea exponen\u0163ilor de toate gradele ai PUTERII JURIDICE prin \u201ealegeri de jos \u00een sus\u201d, din cadrul MAGISTRATURII \u015fi bine\u00een\u0163eles pe baza COMPETEN\u0162EI \u015fi RESPONSABILIT\u0102\u0162II.<\/strong><\/span><br \/>\n<span style=\"color: #000080;\"><strong>4. Acordarea de licen\u0163e pentru ORGANELE MEDIATICE, strict pe PROFIL (informa\u0163ie, divertisment, cultur\u0103 \u015fi art\u0103, educa\u0163ie, s\u0103n\u0103tate, etc.) \u015fi pe baz\u0103 de COMPETEN\u0162E, CONDUCERE COLECTIV\u0102 \u015fi RESPONSABILITATE.<\/strong><\/span><br \/>\n<span style=\"color: #000080;\"><strong>5. Ca PRINCIPIU FUNDAMENTAL, noi propunem ca FIECARE S\u0102-\u015eI DEA CU P\u0102REREA \u00ceN DOMENIUL DE COMPETEN\u0162\u0102, deoarece PRINCIPIILE DEMOCRATICE nu sunt altceva de c\u00e2nd sunt \u201evehiculate\u201d, dec\u00e2t &#8230; PRAF \u00ceN OCHI !!!<\/strong><\/span><br \/>\n<span style=\"color: #000080;\"><strong>POPORULUI trebuie s\u0103 i se GARANTEZE c\u0103 ALE\u015eII S\u0102I vor ac\u0163iona \u00een deplin\u0103 TRANSPAREN\u0162\u0102, c\u0103 sunt pl\u0103ti\u0163i dup\u0103 GRILA DE SALARIZARE ETIC\u0102 valabil\u0103 pentru orice cet\u0103\u0163ean \u015fi c\u0103 sunt RESPONSABILI \u00een fa\u0163a propriilor aleg\u0103tori cu care au \u00eencheiat un CONTRACT DE REPREZENTARE.<\/strong><\/span><\/p>\n<p><span style=\"color: #333300;\"><strong>Desigur c\u0103 acestea sunt numai \u201esemin\u0163e\u201d pentru viitoarea <span style=\"color: #000000;\">NOU\u0102 PARADIGM\u0102 !!!<\/span><\/strong><\/span><\/p>\n","protected":false},"excerpt":{"rendered":"<p>&nbsp; Se \u015ftie c\u0103 Puterea \u00een Stat este \u00eemp\u0103r\u0163it\u0103 \u00een cea LEGISLATIV\u0102, EXECUTIV\u0102 \u015eI JURIDIC\u0102, la care ad\u0103ug\u0103m pe \u201emai nou venita\u201d &#8230; MEDIATIC\u0102 !? \u00a0 1. P\u0103i cum s\u0103 ai \u00eencredere \u00een LEGILE produse de un PARLAMENT (LEGISLATIVUL) alc\u0103tuit din POLITICIENI DE PROFESIE INCOMPETEN\u0162I ??? 2. P\u0103i cum s\u0103 ai \u00eencredere \u00eentr-un EXECUTIV (GUVERN) [&hellip;]<\/p>\n","protected":false},"author":2,"featured_media":0,"comment_status":"open","ping_status":"open","sticky":false,"template":"","format":"standard","meta":{"footnotes":""},"categories":[73],"tags":[263,209,960,1242,959,958,210,1243,264,961],"jetpack_featured_media_url":"","_links":{"self":[{"href":"https:\/\/bassdu.mine.bz\/index.php?rest_route=\/wp\/v2\/posts\/2371"}],"collection":[{"href":"https:\/\/bassdu.mine.bz\/index.php?rest_route=\/wp\/v2\/posts"}],"about":[{"href":"https:\/\/bassdu.mine.bz\/index.php?rest_route=\/wp\/v2\/types\/post"}],"author":[{"embeddable":true,"href":"https:\/\/bassdu.mine.bz\/index.php?rest_route=\/wp\/v2\/users\/2"}],"replies":[{"embeddable":true,"href":"https:\/\/bassdu.mine.bz\/index.php?rest_route=%2Fwp%2Fv2%2Fcomments&post=2371"}],"version-history":[{"count":4,"href":"https:\/\/bassdu.mine.bz\/index.php?rest_route=\/wp\/v2\/posts\/2371\/revisions"}],"predecessor-version":[{"id":3113,"href":"https:\/\/bassdu.mine.bz\/index.php?rest_route=\/wp\/v2\/posts\/2371\/revisions\/3113"}],"wp:attachment":[{"href":"https:\/\/bassdu.mine.bz\/index.php?rest_route=%2Fwp%2Fv2%2Fmedia&parent=2371"}],"wp:term":[{"taxonomy":"category","embeddable":true,"href":"https:\/\/bassdu.mine.bz\/index.php?rest_route=%2Fwp%2Fv2%2Fcategories&post=2371"},{"taxonomy":"post_tag","embeddable":true,"href":"https:\/\/bassdu.mine.bz\/index.php?rest_route=%2Fwp%2Fv2%2Ftags&post=2371"}],"curies":[{"name":"wp","href":"https:\/\/api.w.org\/{rel}","templated":true}]}}