{"id":2376,"date":"2012-09-03T12:24:14","date_gmt":"2012-09-03T11:24:14","guid":{"rendered":"http:\/\/bassdu.mine.nu\/?p=2376"},"modified":"2012-09-03T12:25:52","modified_gmt":"2012-09-03T11:25:52","slug":"cine-face-%e2%80%9erezistenta-in-romania","status":"publish","type":"post","link":"https:\/\/bassdu.mine.bz\/?p=2376","title":{"rendered":"Cine face \u201erezisten\u0163\u0103\u201d \u00een Rom\u00e2nia ?"},"content":{"rendered":"<p><span style=\"color: #000000;\"><em><strong>Mi-a c\u0103zut \u00een m\u00e2n\u0103 mesajul unor \u201erezisten\u0163i\u201d :<\/strong><\/em><\/span><\/p>\n<p><span style=\"color: #800000;\"><strong>\u00a0MISCAREA NATIONALA DE REZISTENTA DIN ROMANIA<\/strong><\/span><\/p>\n<p><span style=\"color: #800000;\"> Doamnelor \u015fi Domnilor Senatori \u015fi Deputa\u0163i ai<\/span><br \/>\n<span style=\"color: #800000;\"> PARLAMENTULUI ROM\u00c2NIEI,<\/span><\/p>\n<p><span style=\"color: #800000;\"> V-am adresat un Apel cu c\u00e2teva zile \u00eenaintea \u201dPlenului\u201d din 27 august, apel prin care v\u0103 ceream s\u0103 v\u0103 \u00eendeplini\u0163i mandatul cu care a\u0163i fost trimi\u015fi \u00een Forul Suprem legislativ al \u0162\u0103rii, acela de a fi permanent \u00een slujba Poporului, a Na\u0163iunii Rom\u00e2ne. Urma s\u0103 lua\u0163i act de Hot\u0103r\u00e2rea CCR, neconstitu\u0163ional\u0103, nedreapt\u0103 \u015fi v\u0103dit antina\u0163ional\u0103, luat\u0103 de o institu\u0163ie aservit\u0103 pre\u015fedintelui suspendat, ca \u015fi alte institu\u0163ii de for\u0163\u0103 ale Statului. Iar fa\u0163\u0103 de aceast\u0103 hot\u0103r\u00e2re s\u0103 decide\u0163i asupra c\u0103ii de urmat. De aceea v-am \u015fi \u00eentrebat :<\/span><br \/>\n<span style=\"color: #800000;\"> \u201dCe ve\u0163i face Doamnelor \u015fi Domnilor Ale\u015fi ai Neamului ?\u201d<\/span><br \/>\n<span style=\"color: #800000;\"> \u2022 ve\u0163i audia cu resemnare aceast\u0103 sentin\u0163\u0103 dat\u0103 \u00eempotriva Poporului, dictat\u0103 de mai-<\/span><br \/>\n<span style=\"color: #800000;\"> marii \u201ddemocra\u0163iilor consacrate\u201d occidentale \u015fi transmis\u0103 prin prea-plecata lor slug\u0103 numit\u0103 B\u0103sescu Traian, sau<\/span><br \/>\n<span style=\"color: #800000;\"> \u2022 ve\u0163i refuza s\u0103 comite\u0163i cea mai mare sfidare la adresa Poporului din \u00eentreaga<\/span><br \/>\n<span style=\"color: #800000;\"> istorie Parlamentar\u0103 a Rom\u00e2niei, ve\u0163i \u0163ine cont de voin\u0163a exprimat\u0103 prin vot a celor care v-au trimis s\u0103-i reprezenta\u0163i cu onoare \u00een Parlament \u015fi ve\u0163i finaliza Suspendarea prin DEMITERE ?<\/span><br \/>\n<span style=\"color: #800000;\"> \u015eti\u0163i prea bine c\u0103 \u00eel putea\u0163i Demite, \u00eentruc\u00e2t era un act perfect legal. Dar pentru asta trebuia s\u0103 v\u0103 asuma\u0163i Onoarea \u015fi Demnitatea r\u0103spunderii de a hot\u0103r\u00ee soarta propriului Popor. Nu sunt cuvinte mari, g\u0103unoase ci o realitate pe care unii dintre Dvs. poate c\u0103 nu au \u00een\u0163eles-o sau c\u0103rora li s-a impus s\u0103 o ignore. Am crezut \u00een Dvs., \u00een promisiunile repetate c\u0103 vre\u0163i s\u0103 schimba\u0163i \u00een bine traiul amar la care ne-au condamnat B\u0103sescu \u015fi acoli\u0163ii lui, c\u0103 ve\u0163i pune cap\u0103t regimului totalitar institu\u0163ionalizat de ace\u015fti indivizi corup\u0163i, v\u00e2nz\u0103tori de Neam \u015fi \u0162ar\u0103.<\/span><br \/>\n<span style=\"color: #800000;\"> \u015etim cu to\u0163ii ce s-a \u00eent\u00e2mplat : suspendatul, prin impostur\u0103, uzurpare \u015fi tr\u0103dare a reu\u015fit s\u0103 \u201dciuruie\u201d din nou, de aceast\u0103 dat\u0103 nu doar politicienii care i s-au opus cu adev\u0103rat, ci chiar Poporul Rom\u00e2n. Nu spunem propriul popor pentru c\u0103 el este un individ f\u0103r\u0103 \u0163ar\u0103 \u015fi credin\u0163\u0103 ; un p\u0103g\u00e2n care jur\u0103 str\u00e2mb pe Biblie ; un uzurpator care a c\u00e2\u015ftigat \u00eentotdeauna doar prin furt \u015fi \u00een\u015fel\u0103ciune, care ne ur\u0103\u015fte \u015fi se afl\u0103 \u00een r\u0103zboi deschis cu Na\u0163iunea Rom\u00e2n\u0103.<\/span><br \/>\n<span style=\"color: #800000;\"> \u00cen ce ne prive\u015fte, vom face cunoscut\u0103 \u00een toat\u0103 \u0162ara \u201dLista cu parlamentarii Marii Tr\u0103d\u0103ri Na\u0163ionale\u201d. Dar mai credem c\u0103 mul\u0163i dintre Dvs. sunte\u0163i \u00eenc\u0103 de bun\u0103 credin\u0163\u0103, hot\u0103r\u00e2\u0163i s\u0103 nu ceda\u0163i, s\u0103 nu v\u0103 lasa\u0163i \u015fantaja\u0163i sau cump\u0103ra\u0163i. S-ar putea ca de experien\u0163a \u015fi devotamentul Dvs. s\u0103 fie nevoie \u015fi la viitoarele alegeri parlamentare, c\u00e2nd vom \u00eencepe restructurarea din temelii a actualei clase politice. V\u0103 ve\u0163i convinge atunci de ceea ce \u00eenseamn\u0103 Voin\u0163a Poporului Suveran !<\/span><br \/>\n<span style=\"color: #800000;\"> P\u00e2n\u0103 atunci \u00eens\u0103, este absolut necesar \u015fi v\u0103 cerem \u00een mod imperativ s\u0103 sus\u0163ine\u0163i cu toat\u0103 hot\u0103r\u00e2rea ini\u0163iativa domnului senator de Bra\u015fov Ioan Ghi\u015fe, legal\u0103 \u015fi perfect realizabil\u0103. Ce a afirmat el, c\u0103 : \u201dPOPORUL a decis, b\u0103sescu e DEMIS\u201d nu e o simpl\u0103 lozinc\u0103, ci o realitate juridic\u0103 ce nu poate fi \u015fi nu trebuie ignorat\u0103 de Domniile Voastre. Astfel, nu ve\u0163i fi considera\u0163i drept complicii acestui personaj malefic, devenit unealta m\u00e2r\u015fav\u0103 a celor porni\u0163i s\u0103 \u00eengenuncheze Na\u0163iunea Rom\u00e2n\u0103.<\/span><br \/>\n<span style=\"color: #800000;\"> Ne vom ruga la Bunul Dumnezeu s\u0103 V\u0103 lumineze mintea \u015fi s\u0103 V\u0103 dea t\u0103ria de a lupta pentru Binele acestui Neam, pentru viitorul nostru \u015fi al urma\u015filor no\u015ftri !.<\/span><\/p>\n<p><em><span style=\"color: #800000;\"> Semneaz\u0103 pentru :<\/span><\/em><br \/>\n<em> <span style=\"color: #800000;\"> &#8211; Mi\u015fcarea Na\u0163ional\u0103 de Rezisten\u0163\u0103, Pre\u015fedinte exec. Lt.Col.(rez) Viorel Tocan, ofi\u0163er CADA<\/span><\/em><br \/>\n<em> <span style=\"color: #800000;\"> 1990, Secr.gen. Ileana Grigore, fost deportat \u015fi refugiat politic, Pre\u015f. Senat Ilie Tudor, fost de\u0163inut politic, Membrii de onoare : Cristiana Anghel, cadru didactic, protestatar \u015fi Octavian Pelin jurist, membru fondator, magistrat Alex. Moleanu, Pre\u015f. Filiala MH. a MNR<\/span><\/em><br \/>\n<em> <span style=\"color: #800000;\"> &#8211; Funda\u0163ia \u201dIuliu Maniu-Ion Mihalache\u201d, Pre\u015fedinte Jean Basoc, membru PN\u0162-cd.<\/span><\/em><br \/>\n<em> <span style=\"color: #800000;\"> &#8211; Funda\u0163ia \u201dMemoria\u201d, filiala Arge\u015f, Pre\u015fedinte Prof.univ.dr.ing. Ilie Popa<\/span><\/em><\/p>\n<p>&nbsp;<\/p>\n<p><em><span style=\"color: #000000;\"><strong>Dac\u0103 \u0103\u015ftia se ocup\u0103 cu REZISTEN\u0162A \u00een Rom\u00e2nia, \u00eenseamn\u0103 c\u0103 tare mai suntem PRO\u015eTI !?<\/strong><\/span><\/em><\/p>\n<p><em><span style=\"color: #000000;\"><strong>Eu r\u0103spund pe scurt a\u015fa :<\/strong><\/span><\/em><\/p>\n<p><span style=\"color: #000080;\"><strong>\u00a0 \u200e&#8230;\u201eparlamentarii marii tr\u0103d\u0103ri na\u0163ionale\u201d sunt aceia care \u201eau schimbat cazaca f\u0103r\u0103 legitimitate politic\u0103\u201d \u015fi care au produs astfel schimbarea raportului de for\u0163e \u00een Parlament !!! Acesta nu este un exemplu de comportament democratic, deoarece cet\u0103\u0163enii care le-au dat votul, le-au spus cu acea ocazie \u015fi CU CINE S\u0102 MEARG\u0102 !!!! Asta este ceea ce nu pricepe majoritatea \u201epoporului\u201d !!! &#8230; \u015fi mai termina\u0163i cu boborul \u0103sta c\u0103 niciodat\u0103 nu a f\u0103cut \u015fi nu va face Istorie !!! &#8230; acesta nu este un sprijin pentru B\u0103sescu, ci o simpl\u0103 analiz\u0103 politic\u0103 de fond ! Cine se exprim\u0103 \u00een ace\u015fti termeni, \u201ed\u00e2nd vina numai pe o parte a clasei politice\u201d, este vector al celeilalte p\u0103r\u0163i (cu aceea\u015fi origine FSN-ist\u0103), la fel de responsabil\u0103 pentru Dezastrul Rom\u00e2niei, deci MANIPULEAZ\u0102 din greu !!! Totodat\u0103 trebuie priceput c\u0103 Rom\u00e2nia are acelea\u015fi probleme cu toate statele Lumii \u015fi c\u0103 acestea au ORIGINE SISTEMIC\u0102 ! &#8230; mai termina\u0163i cu chestii de genul \u201elas\u0103 c\u0103 venim noi \u015fi v\u0103 scoatem din rahat\u201d, c\u0103 Rom\u00e2nia va face numai ceea ce i se va permite de SISTEMUL instituit de al\u0163ii !!! Vre\u0163i MAREA SCHIMBARE ??? &#8230; d\u0103r\u00e2ma\u0163i sistemul !!! &#8230; c\u0103 nu o s\u0103 ajung\u0103 Rom\u00e2nia mare putere economic\u0103 sau alte bazaconii, a\u015fa de capul ei !!!<\/strong><\/span><\/p>\n<p>&nbsp;<\/p>\n<p>&nbsp;<\/p>\n","protected":false},"excerpt":{"rendered":"<p>Mi-a c\u0103zut \u00een m\u00e2n\u0103 mesajul unor \u201erezisten\u0163i\u201d : \u00a0MISCAREA NATIONALA DE REZISTENTA DIN ROMANIA Doamnelor \u015fi Domnilor Senatori \u015fi Deputa\u0163i ai PARLAMENTULUI ROM\u00c2NIEI, V-am adresat un Apel cu c\u00e2teva zile \u00eenaintea \u201dPlenului\u201d din 27 august, apel prin care v\u0103 ceream s\u0103 v\u0103 \u00eendeplini\u0163i mandatul cu care a\u0163i fost trimi\u015fi \u00een Forul Suprem legislativ al \u0162\u0103rii, [&hellip;]<\/p>\n","protected":false},"author":2,"featured_media":0,"comment_status":"open","ping_status":"open","sticky":false,"template":"","format":"standard","meta":{"footnotes":""},"categories":[73],"tags":[177,210,964],"jetpack_featured_media_url":"","_links":{"self":[{"href":"https:\/\/bassdu.mine.bz\/index.php?rest_route=\/wp\/v2\/posts\/2376"}],"collection":[{"href":"https:\/\/bassdu.mine.bz\/index.php?rest_route=\/wp\/v2\/posts"}],"about":[{"href":"https:\/\/bassdu.mine.bz\/index.php?rest_route=\/wp\/v2\/types\/post"}],"author":[{"embeddable":true,"href":"https:\/\/bassdu.mine.bz\/index.php?rest_route=\/wp\/v2\/users\/2"}],"replies":[{"embeddable":true,"href":"https:\/\/bassdu.mine.bz\/index.php?rest_route=%2Fwp%2Fv2%2Fcomments&post=2376"}],"version-history":[{"count":2,"href":"https:\/\/bassdu.mine.bz\/index.php?rest_route=\/wp\/v2\/posts\/2376\/revisions"}],"predecessor-version":[{"id":2378,"href":"https:\/\/bassdu.mine.bz\/index.php?rest_route=\/wp\/v2\/posts\/2376\/revisions\/2378"}],"wp:attachment":[{"href":"https:\/\/bassdu.mine.bz\/index.php?rest_route=%2Fwp%2Fv2%2Fmedia&parent=2376"}],"wp:term":[{"taxonomy":"category","embeddable":true,"href":"https:\/\/bassdu.mine.bz\/index.php?rest_route=%2Fwp%2Fv2%2Fcategories&post=2376"},{"taxonomy":"post_tag","embeddable":true,"href":"https:\/\/bassdu.mine.bz\/index.php?rest_route=%2Fwp%2Fv2%2Ftags&post=2376"}],"curies":[{"name":"wp","href":"https:\/\/api.w.org\/{rel}","templated":true}]}}