{"id":2382,"date":"2012-09-04T20:22:44","date_gmt":"2012-09-04T19:22:44","guid":{"rendered":"http:\/\/bassdu.mine.nu\/?p=2382"},"modified":"2012-09-04T20:28:24","modified_gmt":"2012-09-04T19:28:24","slug":"pp-lc","status":"publish","type":"post","link":"https:\/\/bassdu.mine.bz\/?p=2382","title":{"rendered":"PP-LC"},"content":{"rendered":"<p><strong>Confruntare dialectic\u0103 cu PP-LC (d-l Chi\u0163u Constantin) :<\/strong><\/p>\n<p>Toat\u0103 stima pentru PP-LC, dar nu pot s\u0103 nu fac c\u00e2teva observa\u0163ii :<\/p>\n<p><span style=\"color: #003300;\"><strong>1.<\/strong><\/span> C\u00e2nd d-l Chi\u0163u Constantin scrie :<span style=\"color: #800000;\"><strong> \u201eNoi nu ne propunem sa-i eliminam sau sa-i starpim de pe scena politica si nici nu e de dorit asta, ci doar sa-i corijam, sa le mai pilim caninii astia cu care sfasie \u201ccarnea\u201d (valoarea adaugata) de pe bietul popor roman. Daca procedam radical n-am facut nicio branza. Consider ca si de ei e nevoie, dar si de clasa mijlocie e nevoie totodata.\u201d<\/strong><\/span><\/p>\n<p><span style=\"color: #000080;\">&#8230; nu prea sunt de acord !<\/span> Nici noi nu vrem pielea nim\u0103nui, dar \u201erechinilor\u201d nu e suficient s\u0103 le \u201epile\u015fti din\u0163ii\u201d&#8230; ei trebuiesc sco\u015fi din acvariu !!! \u00cen acest context, noi suntem pentru <span style=\"color: #000080;\"><strong>DESFIIN\u0162AREA ROLULUI DE POLITICIAN \u015eI \u00ceNLOCUIREA LUI CU&#8230; ADMINISTRATORUL !!!<\/strong><\/span><\/p>\n<p>&nbsp;<\/p>\n<p><span style=\"color: #003300;\"><strong>2.<\/strong><\/span> \u015ei mai am o obiec\u0163iune, apropos de <span style=\"color: #800000;\"><strong>\u201esa \u201cpopulam\u201d economia romaneasca cu intreprinzatori mici si mijlocii pentru a restabilii echilibrul social atat de necesar.\u201d<\/strong><\/span>.<\/p>\n<p>Avertizez c\u0103 nu se devine <span style=\"color: #800000;\">\u201e\u00eentreprinz\u0103tor mic \u015fi mijlociu\u201d<\/span> a\u015fa de pe o zi pe alta&#8230; trebuie s\u0103 ai \u015fi <span style=\"color: #000080;\"><strong>COMPETEN\u0162E<\/strong><\/span>\u00a0\u015fi astea se \u201econstruiesc\u201d \u00een ani !!! <span style=\"color: #000080;\"><strong>Mi\u015fcarea Dacia<\/strong><\/span> nu \u201evorbe\u015fte\u201d \u00eent\u00e2mpl\u0103tor de <span style=\"color: #000080;\">LARGI AUTONOMII LOCALE<\/span>, deoarece fondurile pe care d-l <strong>C.Cojocaru<\/strong> vrea s\u0103 le dea cet\u0103\u0163enilor, noi le-am da &#8230; <span style=\"color: #000080;\"><strong>COMUNIT\u0102\u0162ILOR<\/strong><\/span>, \u00een care sunt probabilit\u0103\u0163i mai mari de a g\u0103si (<em>sau aduce<\/em>) &#8230;<span style=\"color: #000080;\"><strong> COMPETEN\u0162E.\u00a0<\/strong><span style=\"color: #000000;\">Altfel, se va \u00eent\u00e2mpla a\u015fa cum s-a \u00eent\u00e2mplat dup\u0103 toate reformele agrare :\u00a0<strong>APAR B\u0102IE\u0162II DE\u015eTEP\u0162I CARE &#8230; PROFIT\u0102 !!!<\/strong><\/span><\/span><\/p>\n<p><strong>\u201eMica \u00eentreprindere\u201d nu are viitor economic din motive de : logistic\u0103, competen\u0163e, dotare, tehnologizare, proiectare, optimizare, etc. !!!<\/strong><\/p>\n<p>Cu <span style=\"color: #000080;\"><strong>LARGI AUTONOMII LOCALE<\/strong><\/span>, venim \u201ela \u00eent\u00e2lnire\u201d \u015fi cu <span style=\"color: #003300;\"><strong>LIGA DISTRIBUTIST\u0102<\/strong><\/span>, dac\u0103 se dore\u015fte acest lucru !!! Din p\u0103cate, d-l C.Cojocaru crede \u00eenc\u0103 \u00een <strong>DEMOCRA\u0162IE<\/strong> \u015fi asta se vede \u015fi \u00een <strong>concep\u0163iile economico-sociale<\/strong> ale domniei sale&#8230; dar oricum <span style=\"color: #000080;\"><strong>\u201eface pa\u015fi importan\u0163i\u201d \u015fi \u201eputem s\u0103 ne \u00eent\u00e2lnim c\u00e2ndva\u201d !!!<\/strong><\/span><\/p>\n","protected":false},"excerpt":{"rendered":"<p>Confruntare dialectic\u0103 cu PP-LC (d-l Chi\u0163u Constantin) : Toat\u0103 stima pentru PP-LC, dar nu pot s\u0103 nu fac c\u00e2teva observa\u0163ii : 1. C\u00e2nd d-l Chi\u0163u Constantin scrie : \u201eNoi nu ne propunem sa-i eliminam sau sa-i starpim de pe scena politica si nici nu e de dorit asta, ci doar sa-i corijam, sa le mai [&hellip;]<\/p>\n","protected":false},"author":2,"featured_media":0,"comment_status":"open","ping_status":"open","sticky":false,"template":"","format":"standard","meta":{"footnotes":""},"categories":[73],"tags":[499,968,500,971,595,969,210,705,771,970,972],"jetpack_featured_media_url":"","_links":{"self":[{"href":"https:\/\/bassdu.mine.bz\/index.php?rest_route=\/wp\/v2\/posts\/2382"}],"collection":[{"href":"https:\/\/bassdu.mine.bz\/index.php?rest_route=\/wp\/v2\/posts"}],"about":[{"href":"https:\/\/bassdu.mine.bz\/index.php?rest_route=\/wp\/v2\/types\/post"}],"author":[{"embeddable":true,"href":"https:\/\/bassdu.mine.bz\/index.php?rest_route=\/wp\/v2\/users\/2"}],"replies":[{"embeddable":true,"href":"https:\/\/bassdu.mine.bz\/index.php?rest_route=%2Fwp%2Fv2%2Fcomments&post=2382"}],"version-history":[{"count":4,"href":"https:\/\/bassdu.mine.bz\/index.php?rest_route=\/wp\/v2\/posts\/2382\/revisions"}],"predecessor-version":[{"id":2386,"href":"https:\/\/bassdu.mine.bz\/index.php?rest_route=\/wp\/v2\/posts\/2382\/revisions\/2386"}],"wp:attachment":[{"href":"https:\/\/bassdu.mine.bz\/index.php?rest_route=%2Fwp%2Fv2%2Fmedia&parent=2382"}],"wp:term":[{"taxonomy":"category","embeddable":true,"href":"https:\/\/bassdu.mine.bz\/index.php?rest_route=%2Fwp%2Fv2%2Fcategories&post=2382"},{"taxonomy":"post_tag","embeddable":true,"href":"https:\/\/bassdu.mine.bz\/index.php?rest_route=%2Fwp%2Fv2%2Ftags&post=2382"}],"curies":[{"name":"wp","href":"https:\/\/api.w.org\/{rel}","templated":true}]}}