{"id":2387,"date":"2012-09-16T19:45:59","date_gmt":"2012-09-16T18:45:59","guid":{"rendered":"http:\/\/bassdu.mine.nu\/?p=2387"},"modified":"2012-09-24T22:03:58","modified_gmt":"2012-09-24T21:03:58","slug":"%e2%80%9emiscarea-dacia-si-problemele-actuale","status":"publish","type":"post","link":"https:\/\/bassdu.mine.bz\/?p=2387","title":{"rendered":"\u201eMi\u015fcarea Dacia\u201d \u015fi&#8230; problemele actuale (1)"},"content":{"rendered":"<p>\u00cen cele ce urmeaz\u0103, o s\u0103 \u00eencerc s\u0103 sintetizez problemele care sunt la ordinea zilei \u015fi solu\u0163iile pe care le imaginez :<\/p>\n<p><span style=\"color: #000080;\"><strong>1. UNIREA CELOR DOU\u0102 STATE ROM\u00c2NE\u015eTI \u015eI CHESTIUNEA ROM\u00c2NILOR DIN AFARA ROM\u00c2NIEI<\/strong><\/span><\/p>\n<p><span style=\"color: #ff0000;\"><strong>A\u015fa cum se \u015ftie, unul dintre Obiectivele Mi\u015fc\u0103rii Dacia este realizarea cel pu\u0163in a unei FEDERA\u0162II cu cel\u0103lalt stat rom\u00e2nesc, sub denumirea de DACIA.<\/strong><\/span><\/p>\n<p>Mul\u0163i se vor \u00eentreba de ce <span style=\"color: #ff0000;\"><strong>FEDERA\u0162IE<\/strong><\/span> \u015fi nu direct &#8230; <span style=\"color: #ff0000;\"><strong>UNIRE<\/strong><\/span> !?<\/p>\n<p>\u00cen primul r\u00e2nd, deoarece \u201es-a pierdut un tren\u201d \u00een 1990, c\u00e2nd FSN-ul iliescian s-a plecat \u00een fa\u0163a unei Rusii, ce era \u201e\u00een genunchi\u201d \u015fi care nu ar fi zis nici \u201ep\u00e2s\u201d la o \u201erepara\u0163ie istoric\u0103\u201d !!! \u00centre timp \u201emarele urs\u201d s-a repus pe picioare, \u015fi-a \u00eente\u0163it \u201eactivitatea de manipulare\u201d \u015fi trebuie \u201e\u00eencol\u0163it pe \u00eendelete\u201d !!!<\/p>\n<p>O cunoa\u015ftere profund\u0103 \u201ela zi\u201d a st\u0103rii de spirit a rom\u00e2nilor de peste Prut, m\u0103 determin\u0103 s\u0103 cred c\u0103 FEDERA\u0162IA este pasul cel mai fezabil \u00een acest moment, din urm\u0103toarele motive :<\/p>\n<p>Dup\u0103 200 de ani de rusificare for\u0163at\u0103, cu \u00eentreruperea dintre 1918- 1939, s-a reu\u015fit s\u0103 se \u201espele creierii\u201d multor consangvini, conving\u00e2ndu-i c\u0103 sunt \u201ealtceva dec\u00e2t rom\u00e2ni\u201d. Astfel, mul\u0163i se consider\u0103 MOLDOVANI, variant\u0103 sprijinit\u0103 \u015fi de to\u0163i nerom\u00e2nii din preajma Rom\u00e2niei, deoarece le aduce spuz\u0103 pe propriile turte. Este aceea\u015fi politic\u0103 ce s-a aplicat VLASILOR\/VALAHILOR din Bulgaria \u015fi Serbia, deci avem de-a face cu o adev\u0103rat\u0103 \u201econcertare slav\u0103\u201d.<\/p>\n<p>Mult mai pu\u0163in \u201erefractari\u201d sunt ru\u015fii, la <span style=\"color: #800000;\"><strong>ORIGINEA TRACO-GETO-DACIC\u0102<\/strong><\/span> a \u201emoldovanilor\u201d, separ\u00e2ndu-i astfel de ROMANITATEA VATICANULUI, motiv pentru care DACIA ar fi mai pu\u0163in \u201eb\u0103t\u0103toare la ochi\u201d \u00een caz de uniune a celor dou\u0103 state.<\/p>\n<p>Acest lucru se observ\u0103 \u015fi la mul\u0163i MOLDOVANI, care se consider\u0103 \u201eurma\u015fi ai dacilor liberi\u201d \u015fi nicidecum \u201eurma\u015fi ai Romei\u201d, iar aici nu avem dificult\u0103\u0163i s\u0103 le d\u0103m \u201esuport\u201d. fiind \u015fi p\u0103rerea noastr\u0103 !!!<\/p>\n<p>FEDERA\u0162IA le-ar da posibilitatea autogestiunii \u015fi nu ar implica o \u201erevolu\u0163ie\u201d \u00een organizarea statal\u0103.<\/p>\n<p>FEDERA\u0162IA le-ar deschide larg por\u0163ile UE, cu toate avantajele ce decurg din aceast\u0103 \u201eaderare pe ocolitelea\u201d.<\/p>\n<p>FEDERA\u0162IA ar garanta DREPTURILE FUNDAMENTALE ALE MINORIT\u0102\u0162ILOR la nivelul cerin\u0163elor europene, ceea ce ar constitui pentru ei, un \u201epas \u00eenainte\u201d fa\u0163\u0103 de ceea ce le ofereau sovieticii&#8230; explicat bine G\u0102G\u0102UZILOR, BULGARILOR, RU\u015eILOR, UCRAINIENILOR, etc. acest \u201edetaliu\u201d, se poate spera \u00eentr-o \u201eopozi\u0163ie mai atenuat\u0103\u201d a acestora la Re\u00eentregire. Efortul de a explica apoi acestora ADEV\u0102RATA ISTORIE a Moldovei, necesit\u0103 INTELIGEN\u0162\u0102 \u015fi PERSEVEREN\u0162\u0102.<\/p>\n<p>Acestea sunt c\u00e2teva dintre argumentele noastre, la care, dac\u0103 ad\u0103ug\u0103m Principiile \u015fi Obiectivele Mi\u015fc\u0103rii Dacia ca \u201efor\u0163\u0103 de guvernare\u201d, putem ob\u0163ine chiar \u015fi sprijinul unor for\u0163e ce azi sunt potrivnice.Pe baza acestora, Rom\u00e2nia poate face un \u201esalt calitativ\u201d, care s\u0103 determine pe basarabeni s\u0103 cear\u0103 ei UNIREA &#8230; chiar \u015fi pe nostalgicii lui Voronin !!!<\/p>\n<p>Respingerea globaliz\u0103rii, a capitalismului s\u0103lbatic, implementarea unor ADEV\u0102RATE VALORI, etc. vor \u00eenlesni apropieri, care azi sunt inexistente la majoritatea cet\u0103\u0163enilor Republicii Moldova.<\/p>\n<p>Actualele manifest\u0103ri unioniste, sunt foarte importante pentru \u201ede\u015fteptarea spiritului na\u0163ional\u201d, dar pentru UNIRE trebuie s\u0103 intre \u00een joc alte for\u0163e dec\u00e2t cele de azi !!!&#8230; eu sunt convins c\u0103 actuala clas\u0103 politic\u0103 basarabean\u0103 este de acord cu ceea ce am scris eu !!!<\/p>\n<p>Realizarea FEDERA\u0162IEI nu trebuie s\u0103 fie TRAUMATIC\u0102 PE PLAN INTERNA\u0162IONAL \u015fi de aceea trebuiesc deschise \u201edialoguri\u201d, eventual \u201edate asigur\u0103ri\u201d, tuturor celor interesa\u0163i de chestiune \u015fi trebuie ac\u0163ionat \u00een cadrul UE \u015fi NATO pentru a avea sprijin pentru aceast\u0103 \u201echestiune fundamental\u0103\u201d pentru noi. Motiva\u0163ia principal\u0103, nu poate fi alta, dec\u00e2t RESPINGEREA PACTULUI RIBBENTROP-MOLOTOV !!!<\/p>\n<p>Aten\u0163ionez c\u0103 RUSIA poate s\u0103 ne fie de mare ajutor (reciproc) \u00een chestiunea \u201eteritoriilor f\u0103cute cadou Ucrainei\u201d !?<\/p>\n<p>\u00cen acest context, noi am proiectat \u015fi o <span style=\"color: #333300;\"><strong>NOU\u0102 POLITIC\u0102 REGIONAL\u0102<\/strong><\/span>, cu implicarea Poloniei, Estoniei, Lituaniei, Letoniei, Finlandei, Turciei, Greciei, Bulgariei, Serbiei, Ungariei, Cehiei, Slovaciei, Croa\u0163iei, Sloveniei, Albaniei, Muntenegrului, Macedoniei \u015fi Bosniei, ca FOR\u0162\u0102 DE ECHILIBRU \u00ceNTRE EST \u015eI VEST.<\/p>\n<p>\u015etiu c\u0103 se vor ridica \u201eobiec\u0163ii\u201d, dar GEOPOLITICA este ca un joc de Pocker, iar noi sper\u0103m s\u0103 fim c\u00e2\u015ftig\u0103tori !!!<\/p>\n<p>Aten\u0163ionez totodat\u0103, de importanta denumirii &#8230; <span style=\"color: #333300;\"><strong>DACIA<\/strong><\/span>, \u00een aceast\u0103 chestiune !!!<\/p>\n<p>NOUA POLITIC\u0102 REGIONAL\u0102 este destinat\u0103 s\u0103 \u201enormalizeze\u201d \u015fi <span style=\"color: #800000;\"><strong>SITUA\u0162IA ROM\u00c2NILOR DIN AFARA ROM\u00c2NIEI.<\/strong><\/span><\/p>\n<p>Pornindu-se de la ader\u0103rile la UE, deci \u015fi la PRINCIPIILE acesteia \u00een materie de MINORIT\u0102\u0162I, trebuiesc f\u0103cute \u201epresiuni\u201d la acel nivel, pentru a se respecta drepturile fundamentale, pe care Rom\u00e2nia le acord\u0103 propriilor minorit\u0103\u0163i, \u015fi rom\u00e2nilor din jurul Rom\u00e2niei !!!<\/p>\n<p>\u00cen aplicarea acestei POLITICI, <span style=\"color: #000080;\"><strong>\u201eMi\u015fcarea Dacia\u201d<\/strong><\/span> aplic\u0103 acelea\u015fi Principii pentru care militeaz\u0103 pe plan intern \u015fi anume o POLITIC\u0102 DE PACE, PRIETENIE \u015fi COLABORARE, f\u0103r\u0103 PRETEN\u0162II TERITORIALE, \u00een spiritului RESPECTULUI RECIPROC \u015fi al \u00eemp\u0103rt\u0103\u015firii unor REGULI CLARE DE CONVIE\u0162UIRE \u00ceN ACELA\u015eI SPA\u0162IU GEOGRAFIC.<\/p>\n<p>S\u0103 nu se fac\u0103 confuzii \u00een leg\u0103tur\u0103 cu Basarabia, deoarece acolo se trateaz\u0103 de un stat rom\u00e2nesc, smuls samavolnic din trupul \u0163\u0103rii, f\u0103r\u0103 TRATATE RECUNOSCUTE \u015eI ACTIVE PE PLAN INTERNA\u0162IONAL !!!<\/p>\n<p>\u00cen acest context, se impune o \u201einterven\u0163ie decis\u0103 a istoriografilor no\u015ftri\u201d, pentru restabilirea ADEV\u0102RULUI ISTORIC \u00een leg\u0103tur\u0103 cu S\u0102M\u00c2N\u0162A NOASTR\u0102 TRACO-GETO-DACIC\u0102 !!!<\/p>\n<p>Astfel, avem din nou un puternic ARGUMENT pentru denumirea \u0163\u0103rii rom\u00e2nilor &#8230; <span style=\"color: #000080;\"><strong>DACIA !!!<\/strong><\/span><\/p>\n","protected":false},"excerpt":{"rendered":"<p>\u00cen cele ce urmeaz\u0103, o s\u0103 \u00eencerc s\u0103 sintetizez problemele care sunt la ordinea zilei \u015fi solu\u0163iile pe care le imaginez : 1. UNIREA CELOR DOU\u0102 STATE ROM\u00c2NE\u015eTI \u015eI CHESTIUNEA ROM\u00c2NILOR DIN AFARA ROM\u00c2NIEI A\u015fa cum se \u015ftie, unul dintre Obiectivele Mi\u015fc\u0103rii Dacia este realizarea cel pu\u0163in a unei FEDERA\u0162II cu cel\u0103lalt stat rom\u00e2nesc, sub [&hellip;]<\/p>\n","protected":false},"author":2,"featured_media":0,"comment_status":"open","ping_status":"open","sticky":false,"template":"","format":"standard","meta":{"footnotes":""},"categories":[73],"tags":[974,975,210,197,973,809,390,295,763,47,204],"jetpack_featured_media_url":"","_links":{"self":[{"href":"https:\/\/bassdu.mine.bz\/index.php?rest_route=\/wp\/v2\/posts\/2387"}],"collection":[{"href":"https:\/\/bassdu.mine.bz\/index.php?rest_route=\/wp\/v2\/posts"}],"about":[{"href":"https:\/\/bassdu.mine.bz\/index.php?rest_route=\/wp\/v2\/types\/post"}],"author":[{"embeddable":true,"href":"https:\/\/bassdu.mine.bz\/index.php?rest_route=\/wp\/v2\/users\/2"}],"replies":[{"embeddable":true,"href":"https:\/\/bassdu.mine.bz\/index.php?rest_route=%2Fwp%2Fv2%2Fcomments&post=2387"}],"version-history":[{"count":5,"href":"https:\/\/bassdu.mine.bz\/index.php?rest_route=\/wp\/v2\/posts\/2387\/revisions"}],"predecessor-version":[{"id":2400,"href":"https:\/\/bassdu.mine.bz\/index.php?rest_route=\/wp\/v2\/posts\/2387\/revisions\/2400"}],"wp:attachment":[{"href":"https:\/\/bassdu.mine.bz\/index.php?rest_route=%2Fwp%2Fv2%2Fmedia&parent=2387"}],"wp:term":[{"taxonomy":"category","embeddable":true,"href":"https:\/\/bassdu.mine.bz\/index.php?rest_route=%2Fwp%2Fv2%2Fcategories&post=2387"},{"taxonomy":"post_tag","embeddable":true,"href":"https:\/\/bassdu.mine.bz\/index.php?rest_route=%2Fwp%2Fv2%2Ftags&post=2387"}],"curies":[{"name":"wp","href":"https:\/\/api.w.org\/{rel}","templated":true}]}}