{"id":2411,"date":"2012-10-05T19:54:33","date_gmt":"2012-10-05T18:54:33","guid":{"rendered":"http:\/\/bassdu.mine.nu\/?p=2411"},"modified":"2012-10-05T19:56:07","modified_gmt":"2012-10-05T18:56:07","slug":"manifest-al-miscarii-dacia","status":"publish","type":"post","link":"https:\/\/bassdu.mine.bz\/?p=2411","title":{"rendered":"Manifest al Mi\u015fc\u0103rii Dacia"},"content":{"rendered":"<p><span style=\"color: #003300;\"><strong>Am v\u0103zut c\u0103 mul\u0163i vor un MANIFEST AL <span style=\"color: #000080;\">MI\u015eC\u0102RII DACIA<\/span> pentru a-l distribui. Pe l\u00e2ng\u0103 materialele de la <span style=\"color: #000080;\">FI\u015eIERE<\/span>, v\u0103 propun \u201eceva de ultim\u0103 or\u0103\u201d ! Tocmai am primit de la un ANONIM un manifest \u00een versuri !?!? &#8230; rezult\u0103 c\u0103 respectivul, este f\u0103r\u0103 \u00eendoial\u0103 un bun cunosc\u0103tor al Principiilor \u015fi Obiectivelor noastre !!! Am fost autorizat de asemenea s\u0103 permit \u201ecompletarea\u201d cu noi versuri, bine\u00een\u0163eles legate de Principiile \u015fi Obiectivele mi\u015fc\u0103rii \u015fi f\u0103r\u0103 \u201easumare de paternitate\u201d &#8230; va fi o OPER\u0102 COLECTIV\u0102 , c\u0103 doar avem printre Obiective&#8230; OPEN SOURCE !!! Suntem astfel \u015fi prima mi\u015fcare politic\u0103 ce are un PROGRAM nu numai UNIC , ci \u015fi &#8230; VERSIFICAT ! Eu nu sunt un \u201eom de litere\u201d \u015fi nu m\u0103 voi exprima \u00een leg\u0103tur\u0103 cu \u201evaloarea literar\u0103\u201d, dar ideea mi se pare &#8230; excelent\u0103 ! Pe parcurs, invit\u0103m pe cei \u201ecu patalama\u201d s\u0103 \u201efinalizeze\u201d &#8230; PROGRAMUL !!!<\/strong><\/span><\/p>\n<p>Dragii mei compatrio\u0163i,<br \/>\nNoi vrem <span style=\"color: #000080;\"><strong>MUNC\u0102 PENTRU TO\u0162I !<\/strong><\/span><br \/>\nUnii vor s\u0103ri \u00een sus,<br \/>\nC\u0103-i ceva ce s-a mai spus !?<\/p>\n<p>Comuni\u015ftii bun\u0103oar\u0103,<br \/>\nChiar dac\u0103 str\u0103ini de \u0163ar\u0103,<br \/>\nAu adus din R\u0103s\u0103rit,<br \/>\nSemin\u0163e ce-au r\u0103s\u0103dit.<\/p>\n<p>Toate bune \u015fi frumoase,<br \/>\nDac\u0103 nu ar fi rupt oase !?<br \/>\nOase de intelectuali,<br \/>\nDe burgheji \u015fi &#8230; proletari.<\/p>\n<p>De \u0163\u0103rani, ce s\u0103 mai zic,<br \/>\nTot neamul, mare \u015fi mic,<br \/>\n\u00cen colhoz de nu intrau,<br \/>\nLa Canal \u00eei trimiteau !<\/p>\n<p>C\u00e2nd g\u00e2nde\u015fti la a\u015fa treab\u0103,<br \/>\nNormal c\u0103 unu se-ntreab\u0103 :<br \/>\n\u0102\u015ftia oare ce doresc<br \/>\nV\u0103rs\u00e2nd s\u00e2nge rom\u00e2nesc ?<\/p>\n<p>C\u00e2nd pe tancuri au venit<br \/>\nProvenind din R\u0103s\u0103rit,<br \/>\nNe-au promis marea cu sarea<br \/>\n\u015ei-ncepur\u0103&#8230; deportarea ?<\/p>\n<p>Aveam multipartidism<br \/>\n\u015ei un copilandru rege,<br \/>\n\u015ei ne-au dus spre comunism,<br \/>\nComplici la f\u0103r\u0103delege !?<\/p>\n<p>Noi speram cu to\u0163ii-n ei,<br \/>\nDar s-au dovedit &#8230; mi\u015fei.<br \/>\nLa fel ca americanii<br \/>\nA\u015ftepta\u0163i \u00een mun\u0163i cu anii !?<\/p>\n<p>Iat\u0103 \u00eens\u0103 dragii mei,<br \/>\nC\u0103 noi nu suntem ca ei !<br \/>\nNoi vrem<span style=\"color: #000080;\"><strong> MUNC\u0102 PENTRU TO\u0162I<\/strong><\/span><br \/>\nF\u0103r\u0103 credit pentru ho\u0163i !<\/p>\n<p>Vrem o <span style=\"color: #000080;\"><strong>PARADIGM\u0102 NOU\u0102<\/strong><\/span><br \/>\nC\u00e2nd ceilal\u0163i se fac c\u0103 plou\u0103.<br \/>\nVrem baz\u0103 pe <span style=\"color: #000080;\"><strong>COMPETEN\u0162\u0102<\/strong><\/span>,<br \/>\nIar ceilal\u0163i pe delincven\u0163\u0103 !?<\/p>\n<p>Vrem cu Moldova<span style=\"color: #000080;\"><strong> UNIRE<\/strong><\/span>,<br \/>\nO real\u0103 \u00eenfr\u0103\u0163ire<br \/>\n\u00centr-o \u0163ar\u0103 cu vechi nume,<br \/>\nCel al <span style=\"color: #000080;\"><strong>DACIEI<\/strong><\/span> str\u0103bune.<\/p>\n<p>Cu vecinii, <span style=\"color: #000080;\"><strong>PACE<\/strong><\/span> vrem !<br \/>\nDoar un lucru noi cerem :<br \/>\nA\u015fa cum au to\u0163i ceilal\u0163i,<br \/>\n<span style=\"color: #000080;\"><strong>DREPTURI pentru-ai no\u015ftri FRA\u0162I !<\/strong><\/span><\/p>\n<p>Vrem <span style=\"color: #000080;\"><strong>SALARII<\/strong><\/span>-echilibrate,<br \/>\nGratis tot \u00een <span style=\"color: #000080;\"><strong>S\u0102N\u0102TATE<\/strong><\/span>,<br \/>\n<span style=\"color: #000080;\"><strong>\u015eCOAL\u0102<\/strong><\/span> gratis pentru to\u0163i,<br \/>\nPu\u015fc\u0103rie pentru <span style=\"color: #000080;\"><strong>HO\u0162I !<\/strong><\/span><\/p>\n<p>Vrem respect pentru <span style=\"color: #000080;\"><strong>NATUR\u0102<\/strong><\/span>,<br \/>\nFonduri la <span style=\"color: #000080;\"><strong>AGRICULTUR\u0102<\/strong><\/span>,<br \/>\n<span style=\"color: #000080;\"><strong>NUCLEAR<\/strong><\/span> nu mai dorim,<br \/>\n<span style=\"color: #000080;\"><strong>SOARE-V\u00c2NT<\/strong><\/span> s\u0103 folosim !<\/p>\n<p>Nu vrem<span style=\"color: #000080;\"><strong> LEGI<\/strong><\/span> din alt\u0103 parte,<br \/>\nNici chiar de la Bonaparte,<br \/>\nC\u0103ci str\u0103mo\u015fii ne-au l\u0103sat<br \/>\n<span style=\"color: #000080;\"><strong>LEGI BELAGINE<\/strong><\/span> de-urmat !<\/p>\n<p>EI vor <span style=\"color: #800000;\"><strong>CRE\u015eTERE, PROFIT<\/strong><\/span>,<br \/>\nOmul tot mai asuprit.<br \/>\nNoi \u00eel vrem \u00een <span style=\"color: #000080;\"><strong>LIBERTATE<\/strong><\/span><br \/>\n\u015ei tr\u0103ind cu <span style=\"color: #000080;\"><strong>DEMNITATE<\/strong><\/span>.<\/p>\n<p>Cu <span style=\"color: #800000;\"><strong>FUTILIT\u0102\u0162I<\/strong><\/span> ne-ocup\u0103<br \/>\nTimpul nostru limitat<br \/>\nIar <span style=\"color: #000080;\"><strong>RESURSE<\/strong><\/span> pentru \u201edup\u0103\u201d,<br \/>\nFiilor nu au l\u0103sat.<\/p>\n<p><span style=\"color: #800000;\"><em>\u201eDup\u0103 noi Potopul !\u201d<\/em><\/span><br \/>\n<span style=\"color: #800000;\"><em> \u201eImportant e scopul !\u201d<\/em><\/span><br \/>\nG\u00e2ndind mi\u015fele\u015fte<br \/>\nCu v\u00e2rf <span style=\"color: #000080;\"><strong>se pl\u0103te\u015fte !<\/strong><\/span><\/p>\n<p><span style=\"color: #000080;\"><strong>Suntem mul\u0163i cei ce urzim<\/strong><\/span><br \/>\n<span style=\"color: #000080;\"><strong> F\u0103r\u0103 s\u0103 ne auzim<\/strong><\/span><br \/>\n<span style=\"color: #000080;\"><strong> Vremurile nu sunt coapte<\/strong><\/span><br \/>\n<span style=\"color: #000080;\"><strong> \u015ei vorbim \u00eenc\u0103 \u00een \u015foapte<\/strong><\/span><\/p>\n<p>Dar va veni ca un val<br \/>\n<span style=\"color: #000080;\"><em><strong>BLESTEMUL LUI DECEBAL !<\/strong><\/em><\/span><br \/>\nCu <span style=\"color: #000080;\"><strong>MI\u015eCAREA DACIA<\/strong><\/span>,<br \/>\nCur\u0103\u0163i-vom Patria !<\/p>\n<p>N-o s\u0103 fie<span style=\"color: #800000;\"><strong> VIOLEN\u0162\u0102<\/strong><\/span>,<br \/>\nCi o mare<span style=\"color: #000080;\"><strong> CONVERGEN\u0162\u0102<\/strong><\/span>.<br \/>\nC\u0103ci noi v\u0103 propunem vou\u0103<br \/>\nAlt\u0103 <span style=\"color: #000080;\"><strong>PARADIGM\u0102<\/strong><\/span>, <span style=\"color: #000080;\">nou\u0103<\/span> !<\/p>\n<p><span style=\"color: #000080;\"><strong>Herodot<\/strong><\/span> spunea \u00een veac<br \/>\nDespre <span style=\"color: #000080;\"><strong>GE\u0162I<\/strong><\/span> c\u0103-s renumi\u0163i<br \/>\n\u015ei erau din <span style=\"color: #000080;\">Neamul Trac<\/span>,<br \/>\nCei mai <span style=\"color: #000080;\"><strong>VITEJI \u015eI CINSTI\u0162I !<\/strong><\/span><\/p>\n<p><span style=\"color: #000080;\"><strong>BUREBISTA<\/strong><\/span> ne vegheaz\u0103 !<br \/>\n<span style=\"color: #000080;\"><strong>DECEBAL<\/strong><\/span>, nu este mort !<br \/>\nEi ne vor cu mintea treaz\u0103,<br \/>\n<span style=\"color: #000080;\"><strong>\u00cen CARPATICUL LOR FORT !<\/strong><\/span><\/p>\n","protected":false},"excerpt":{"rendered":"<p>Am v\u0103zut c\u0103 mul\u0163i vor un MANIFEST AL MI\u015eC\u0102RII DACIA pentru a-l distribui. Pe l\u00e2ng\u0103 materialele de la FI\u015eIERE, v\u0103 propun \u201eceva de ultim\u0103 or\u0103\u201d ! Tocmai am primit de la un ANONIM un manifest \u00een versuri !?!? &#8230; rezult\u0103 c\u0103 respectivul, este f\u0103r\u0103 \u00eendoial\u0103 un bun cunosc\u0103tor al Principiilor \u015fi Obiectivelor noastre !!! Am [&hellip;]<\/p>\n","protected":false},"author":2,"featured_media":0,"comment_status":"open","ping_status":"open","sticky":false,"template":"","format":"standard","meta":{"footnotes":""},"categories":[73],"tags":[980,501,749,586,210,981,698,752,390,295,739,49,979,982,983],"jetpack_featured_media_url":"","_links":{"self":[{"href":"https:\/\/bassdu.mine.bz\/index.php?rest_route=\/wp\/v2\/posts\/2411"}],"collection":[{"href":"https:\/\/bassdu.mine.bz\/index.php?rest_route=\/wp\/v2\/posts"}],"about":[{"href":"https:\/\/bassdu.mine.bz\/index.php?rest_route=\/wp\/v2\/types\/post"}],"author":[{"embeddable":true,"href":"https:\/\/bassdu.mine.bz\/index.php?rest_route=\/wp\/v2\/users\/2"}],"replies":[{"embeddable":true,"href":"https:\/\/bassdu.mine.bz\/index.php?rest_route=%2Fwp%2Fv2%2Fcomments&post=2411"}],"version-history":[{"count":3,"href":"https:\/\/bassdu.mine.bz\/index.php?rest_route=\/wp\/v2\/posts\/2411\/revisions"}],"predecessor-version":[{"id":2413,"href":"https:\/\/bassdu.mine.bz\/index.php?rest_route=\/wp\/v2\/posts\/2411\/revisions\/2413"}],"wp:attachment":[{"href":"https:\/\/bassdu.mine.bz\/index.php?rest_route=%2Fwp%2Fv2%2Fmedia&parent=2411"}],"wp:term":[{"taxonomy":"category","embeddable":true,"href":"https:\/\/bassdu.mine.bz\/index.php?rest_route=%2Fwp%2Fv2%2Fcategories&post=2411"},{"taxonomy":"post_tag","embeddable":true,"href":"https:\/\/bassdu.mine.bz\/index.php?rest_route=%2Fwp%2Fv2%2Ftags&post=2411"}],"curies":[{"name":"wp","href":"https:\/\/api.w.org\/{rel}","templated":true}]}}