{"id":2415,"date":"2012-10-06T08:50:26","date_gmt":"2012-10-06T07:50:26","guid":{"rendered":"http:\/\/bassdu.mine.nu\/?p=2415"},"modified":"2012-10-10T17:39:37","modified_gmt":"2012-10-10T16:39:37","slug":"transilvania-stat-independent","status":"publish","type":"post","link":"https:\/\/bassdu.mine.bz\/?p=2415","title":{"rendered":"Transilvania &#8211; stat independent"},"content":{"rendered":"<p>S\u0103 nu crede\u0163i c\u0103 am \u00eennebunit ! Aceasta este denumirea unui grup Facebook !?<\/p>\n<p><a href=\"https:\/\/www.facebook.com\/groups\/119592821509167\/?ref=ts&amp;fref=ts\">https:\/\/www.facebook.com\/groups\/119592821509167\/?ref=ts&amp;fref=ts<\/a><\/p>\n<p>Ba au creat \u015fi o CAUZ\u0102 pe tema independen\u0163ei Transilvaniei !?<\/p>\n<p><a href=\"http:\/\/http:\/\/www.causes.com\/causes\/566554-transilvania-independenta\">http:\/\/www.causes.com\/causes\/566554-transilvania-independenta<\/a><\/p>\n<p>Am ajuns s\u0103 g\u0103sesc o a\u015fa grupare, la sugestia unui prieten care lucreaz\u0103 la SIE (glumesc).<br \/>\nCert este c\u0103 acolo este foarte activ un oarecare Secui Adrian Iulian, mare adversar al DACISMULUI&#8230; v\u0103 las s\u0103 ghici\u0163i ce simpatii are !?<br \/>\nBa chiar la un moment dat, \u201em-a apucat sughi\u0163ul\u201d, deoarece am \u015fi fost pomenit \u00een acea grupare de humori\u015fti.<\/p>\n<p><span style=\"color: #800000;\"><em>\u201eDe ceva timp grupul a intrat \u00een aten\u021bia magistrului Gheorghe Giovanni \u021aeav\u0103. Omul se afl\u0103 undeva pe aici, printre membrii, tace m\u00e2lc, ascult\u0103 \u0219i observ\u0103.<\/em><\/span><br \/>\n<span style=\"color: #800000;\"><em> Hai magistre, ie\u0219i la lumin\u0103, zi ceva &#8230; \ud83d\ude42 Nu-\u021bi fie fric\u0103, nimeni nu o s\u0103-\u021bi fac\u0103 nimica.<\/em><\/span><br \/>\n<span style=\"color: #800000;\"><em> Oricum \u00eemi place partea cu &#8220;Sunt mai pu\u0163ini ca noi (1440), dar sunt foarte activi !&#8221;.<\/em><\/span><\/p>\n<p>Ba am \u015fi fost apostrofat de un pop\u0103 catolic, ce face pe administratorul pe acolo, pe nume SORIN SEVICIU :<\/p>\n<p><span style=\"color: #800000;\"><em>Sorin Seviciu : \u201eClar. Daca ar fi avut onoare si demnitate ar fi comentat. A intrat si a tacut malc vazand ca nu are de-a face cu daco romani &#8230;\u201d<\/em><\/span><\/p>\n<p>Domnilor (?), \u00een primul r\u00e2nd c\u0103 dac\u0103 eram pe acolo, v\u0103 f\u0103ceam praf, ca \u015fi pe secuiul cu nume romane ! :))<br \/>\n\u00cen al doilea r\u00e2nd, o s\u0103 cer aderarea, ca s\u0103 v\u0103 spun ce am de spus !<br \/>\n\u00cen al treilea r\u00e2nd, nu v-o lua\u0163i \u00een cap (deocamdat\u0103 !) c\u0103 am spus c\u0103 sunte\u0163i activi, c\u0103 nu sunte\u0163i, iar viitorul poate s\u0103 v\u0103 pun\u0103 \u00een postura de&#8230; pasivi !? ..<em>. \u201eVi facciamo un culo cosi I__I !\u201d<\/em><\/p>\n<p>S\u0103 \u00eencepem cu popa SERVICIUS&#8230; s\u0103 vedem ad litteram ce \u201eprop\u0103v\u0103duie\u015fte\u201d :<\/p>\n<p><span style=\"color: #000080;\"><em>\u201eSorin Seviciu : Trebuie sa existe o succesiune logica in revendicari: &#8220;O cerere generic\u0103 a comunit\u0103tilor din Transilvania este cererea de libert\u0103\u021bi&#8221;. Este foarte adevarat, doar ca primele inter pares dintre revendicari, oricat de jenant ar fi acest lucrupentru unii sunt de ordin economic. Noi Transilvanenii suntem gazde si vrem sa ramanem Coldusii nu sunt problema noastra intrucat natiile nu fac pomana altor natii. &#8220;Electoratul din celelalte zone ale \u021b\u0103rii este centrat pe cererea de bunuri, valori, investi\u021bii.&#8221; Mai exact, cere pomana de aproape 100 de ani. &#8220;Cererea de libert\u0103\u021bi pentru comunit\u0103\u021bile din Transilvania este valabil\u0103 \u0219i pentru rom\u00e2ni, nu doar pentru maghiari.&#8221; E clar, ne-am saturat cu totii, si nu cred sa existe vreun partid politic care sa sustina revendicarilor noastre, de unde si lipsa de apartenenta politica\u201d<\/em><\/span><\/p>\n<p><span style=\"color: #000080;\"><em>\u201e&#8230; nu sunt de acord cu imixtiunile statului roman in Moldova Sovietica si in Timoc.\u201d<\/em><\/span><\/p>\n<p><span style=\"color: #000080;\"><em>\u201ePatria este o realitate concreta, natiunea un concept iacobin abstract.\u201d<\/em><\/span><\/p>\n<p><span style=\"color: #000080;\"><em>\u201eVa veni si ziua cand Transilvania isi va canta cu mandrie imnul ei propriu.\u201d<\/em><\/span><\/p>\n<p><span style=\"color: #000080;\"><em>\u201eSa speram ca va veni ziua in care oltenii vor cerceta Transilvania doar cu pasapoarte eliberate si vizate de catre Ambasada Transilvaniei de la Bucuresti sau de catre Consulatul Transilvaniei din Craiova.\u201d\u00a0<\/em><\/span><\/p>\n<p>\u00cen leg\u0103tur\u0103 cu \u201esughi\u0163ul\u201d meu, iat\u0103 ce spune despre Mi\u015fcarea Dacia :<\/p>\n<p><span style=\"color: #000080;\"><em>\u201eSorin Seviciu : Aia-s ghetto-daci&#8230; Oricum am avut de-a face cu geto-daci de astia si cred ca ii cunosc destul de bine. Ideologie composita: fundament nationalist, idei legionare, Anatecor, cacanariile lui Bivolaru, Yoga, etc&#8230; Marea majoritate deraiaza destul de rau.\u201d<\/em><\/span><\/p>\n<p>Eeeeee&#8230; domnule pop\u0103, p\u0103i<span style=\"color: #000080;\"><strong> Mi\u015fcarea Dacia<\/strong><\/span> e mult mai mult dec\u00e2t at\u00e2ta !!!&#8230; de exemplu, eu am \u015fi o gr\u0103mad\u0103 de alte chestii \u00een comun (pe care nu le-a\u0163i sesizat) cu legionarii, Bivolaru, Hitler, Mussolini \u015fi yoghinii : beau, m\u0103n\u00e2nc, fac dragoste&#8230; ba chiar fac \u015fi caca !!!<br \/>\nOricum, nu v\u0103 obosi\u0163i neuronul s\u0103 citi\u0163i materialele noastre, deoarece tot nu a\u0163i pricepe ce vrem noi !&#8230; sau nu v-ar place \u201elupta noastr\u0103 \u00eempotriva SISTEMULUI\u201d, pe care VATICANUL dumneavoastr\u0103 \u00eel ap\u0103r\u0103 cu \u201eardoare dr\u0103ceasc\u0103\u201d ! (<em>Doamne iart\u0103-m\u0103, de a fi pronun\u0163at numele NECURATULUI \u00een Roma !&#8230; <\/em>interpretare liber\u0103 !)<\/p>\n<p>Zice popa mai apoi :<\/p>\n<p><span style=\"color: #000080;\"><em>\u201e Teologii catalogau in vremurile vechi &#8220;impugnatio veritatis iam agnitae&#8221;, combaterea adevarului deja recunoscut, lupta impotriva evidentei, printre pacatele impotriva Sfantului Duh\u201d.<\/em><\/span><\/p>\n<p>Scuza\u0163i-mi ignoran\u0163a !&#8230; a\u015fa a justificat INCHIZI\u0162IA arderea pe rug a lui Giordano Bruno ?&#8230; sau evanghelizarea indigenilor americani \u015fi de aiurea, \u201ecu crucea \u00eentr-o m\u00e2n\u0103 \u015fi cu sabia \u00een cealalt\u0103\u201d ?&#8230; sau Cruciadele \u00eempotriva celor de aceea\u015fi credin\u0163\u0103 ?&#8230; astea s\u0103 fie \u201edovezi de civiliza\u0163ie occidental\u0103\u201d cu care v\u0103 cl\u0103ti\u0163i gurile prin acel grup ???<br \/>\nNu c\u0103 eu a\u015f fi ortodox, dar \u201eai no\u015ftri\u201d nu s-au \u201e\u00eenvrednicit\u201d ca voi, s\u0103 \u201eevanghelizeze\u201d \u00een st\u00e2nga \u015fi-n dreapta !<br \/>\nS\u0103 nu crede\u0163i c\u0103 mer\u0163anurile popilor no\u015ftri \u00eemi plac !? &#8230; nuuuuuu !<br \/>\nC\u0103 de aia <span style=\"color: #000080;\"><strong>Mi\u015fcarea Dacia<\/strong><\/span> nu trateaz\u0103 chestii de <span style=\"color: #800000;\"><strong>Religie<\/strong><\/span>&#8230; noi doar cit\u0103m o zic\u0103toare rum\u00e2neasc\u0103 : <span style=\"color: #800000;\"><strong>\u201ehiecare pas\u0103re pre limba ei chiere !\u201d<\/strong><\/span><br \/>\n\u015ei pe urm\u0103 : <span style=\"color: #000080;\"><strong>\u201eS\u0103 d\u0103m lui DomnulZeu ce-i al s\u0103u \u015fi Chezarului, ce-i al Chezarului !\u201d<\/strong><\/span>&#8230; nu-i a\u015fa ?<br \/>\nP\u0103i dac\u0103 e a\u015fa, de ce nu te ocupi dumneata de ce trebuie \u015fi <span style=\"color: #800000;\"><em>\u201er\u0103t\u0103ce\u015fti min\u0163ile oamenilor\u201d<\/em><\/span> ???<br \/>\nP\u0103i voi nu pricepe\u0163i c\u0103 p\u00e2n\u0103 \u015fi ungurii s-au reformat ?&#8230; c\u0103 \u00een bisericile voastre \u201esufl\u0103 v\u00e2ntul\u201d &#8230; \u015fi nu e \u0103la divin !<br \/>\nP\u0103i cred \u015fi eu&#8230; c\u0103 doar PREO\u0162I PEDOFILI ca voi nu are nimeni !&#8230; pe ai no\u015ftri, de voie de nevoie, i-au obligat s\u0103-\u015fi ia neveste, ca s\u0103 nu \u201ele vin\u0103 idei ciudate\u201d !!!<br \/>\nP\u0103i numai la voi, moare at\u00e2rnat Calvi sub un pod peste Tamisa, \u201esinucis\u201d de mafia de \u015ftim noi unde !<br \/>\nP\u0103i voi sem\u0103na\u0163i ura fa\u0163\u0103 de \u201e\u0163iganii de rom\u00e2ni\u201d, c\u00e2nd ave\u0163i alt\u0103 menire ?<br \/>\nP\u0103i ce a\u0163i \u00een\u0163eles voi despre dragoste din c\u0103r\u0163ile sfinte ? &#8230; dragostea de copii ???<br \/>\nEheeee&#8230; \u015fi c\u00e2te \u0163i-a\u015f mai putea spune pop\u0103 admin, dar nu am timp de pierdut cu to\u0163i pro\u015ftii !<br \/>\nCert este, c\u0103 de aia apar fel de fel de ghiolbani ca \u0103sta :<\/p>\n<p>&#8230;&#8230;&#8230;&#8230;&#8230;&#8230;&#8230;&#8230;&#8230;&#8230;&#8230;&#8230;&#8230;&#8230;&#8230;&#8230;&#8230;&#8230;&#8230;&#8230;&#8230;&#8230;&#8230;&#8230;&#8230;&#8230;&#8230;&#8230;&#8230;..<br \/>\n<span style=\"color: #800000;\">\u201e<strong>Radu Popescu<\/strong> ( https:\/\/www.facebook.com\/radu.popescu.9085 ) <\/span><\/p>\n<p><em><span style=\"color: #800000;\">Munc\u0103 \u015fi educa\u0163ie<\/span><\/em><br \/>\n<span style=\"color: #800000;\">filologie istorie<\/span><br \/>\n<span style=\"color: #800000;\">Galaz, Galati, Romania<\/span><\/p>\n<p><span style=\"color: #800000;\">Teologia Romano-Catolica Iasi<\/span><\/p>\n<p><span style=\"color: #800000;\">Colegiul National Catolic Sf iosif Bacau<\/span><br \/>\n<span style=\"color: #800000;\">Bacau, Romania<\/span><\/p>\n<p><span style=\"color: #800000;\">Kolozsv\u00e1r, Cluj, Romania<\/span><br \/>\n<span style=\"color: #800000;\">PR \u00b7 Kolozsv\u00e1r, Cluj, Romania<\/span><br \/>\n<span style=\"color: #800000;\">TEA (Transylvanian Eliberation Army)<\/span><\/p>\n<p><strong>\u00a0Iat\u0103 ce scrie dobitocul :<\/strong><\/p>\n<p><span style=\"color: #800000;\"><strong>\u201eErd\u00e9ly nem Rom\u00e1nia !!!\u201d<\/strong><\/span><br \/>\n<span style=\"color: #800000;\"><strong>\u201eMi-e rusine ca sunt roman !!!\u201d<\/strong><\/span><br \/>\n<span style=\"color: #800000;\"><strong>\u201eRomania este si astazi o tara a dsicriminarii pe baza etnica sau de religie. Fascismul romanesc este cel mai nerabdator din Europa ! Fascistii si nazistii vor sa ne purifica pe toti everi, maghiari, germani ! Sper ca Romania va ajunge acolo unde a ajuns Iugoslavia&#8230;\u201d<\/strong><\/span><\/p>\n<p>&#8230;&#8230;&#8230;&#8230;&#8230;&#8230;&#8230;&#8230;&#8230;&#8230;&#8230;&#8230;&#8230;&#8230;&#8230;&#8230;&#8230;&#8230;&#8230;&#8230;&#8230;&#8230;&#8230;&#8230;&#8230;&#8230;<\/p>\n<p><span style=\"color: #000080;\">M\u0103 b\u0103ie\u0163i ! &#8230; vou\u0103 vi s-a urcat democra\u0163ia \u015fi LIBERTATEA la cap !<br \/>\nP\u0103i voi nu \u015fti\u0163i c\u0103 \u201elibertatea unuia se termin\u0103 unde \u00eencepe libertatea altuia\u201d ???<br \/>\n<\/span><br \/>\nSta\u0163i ghini\u015for, c\u0103 v\u0103 aude vreun timocean , basarabean, bucovinean, etc. (aten\u0163ie la acest etc. deoarece poate fi \u015fi &#8230; institu\u0163ional !!!) \u015fi v\u0103 pl\u00e2nge mama de mil\u0103, c\u0103 nu to\u0163i sunt buni ca noi de la <span style=\"color: #000080;\"><strong>Mi\u015fcarea Dacia<\/strong><\/span> !!!<br \/>\nP\u0103i cum s\u0103 spui dumneata pop\u0103, c\u0103 nu trebuie s\u0103 ne \u201eamestec\u0103m\u201d \u00een treburile moldovenilor \u015fi timocenilor ??? &#8230; dumneata ai fra\u0163i ?&#8230; dac\u0103 da, \u00eemi \u00eenchipui ce tip de rela\u0163ii ave\u0163i !?<br \/>\nAm urm\u0103rit la grupul vostru, filmule\u0163ul cu \u201eistoricul lui pe\u015fte\u201d care face harcea-parcea istoria rom\u00e2nilor \u015fi, da, are dreptate c\u0103 istoria predat\u0103 \u00een \u015fcoli nu este aidoma realit\u0103\u0163ii timpurilor, dar se vede c\u0103 nu a citit manualele din Occident !?!? &#8230;. p\u0103i ce scrie acolo de INCHIZI\u0162IE ? &#8230; dar de HIRO\u015eIMA ?&#8230;. \u015eI POT S\u0102 DAU EXEMPLE P\u00c2N\u0102 M\u00c2INE !!!<br \/>\nMai pomenea de VASALITATEA \u0163\u0103rilor rom\u00e2ne c\u0103tre diver\u015fi \u201esubiec\u0163i\u201d \u015fi se mira c\u0103 nu scoatem o vorb\u0103 despre asta !? &#8230; p\u0103i ce c\u0103utau \u201esuzeranii\u201d \u0103\u015ftia pe la noi ? &#8230; asta de ce nu o zicea ???&#8230; eu citesc \u015fi manualele altora \u015fi v\u0103 garantez c\u0103 \u201edensitatea de manipulare\u201d la noi e mai pu\u0163in evident\u0103 !!!&#8230;<span style=\"color: #000080;\"><em> dar \u015fi filmule\u0163ul \u0103sta, demonstreaz\u0103 c\u0103 sunt unii care-\u015fi pun cenu\u015f\u0103 \u00een cap, c\u00e2nd al\u0163ii ar trebui s\u0103 fie sub metri de reziduuri de ardere !!!<\/em><\/span><br \/>\nS\u0103 fie clar, c\u0103 rum\u00e2nii au rezistat \u00een \u201eincercuirea\u201d diver\u015filor OCUPAN\u0162I vremelnici, deoarece au avut INTELIGEN\u0162\u0102 NATURAL\u0102 \u015fi BUN SIM\u0162 !<br \/>\n<span style=\"color: #000080;\">Noi suntem ca iarba ce acoper\u0103 mizeriile, cresc\u00e2nd pe seama lor !<\/span><br \/>\nMi-a pl\u0103cut c\u00e2nd spunea de<span style=\"color: #000080;\"> RETRAGEREA \u00ceN P\u0102DURI \u015fi MUN\u0162I<\/span> din fa\u0163a lui Baiazid, Osman, etc&#8230;. <span style=\"color: #000080;\"><strong>f\u0103cea o PLEDOARIE EXCEP\u0162IONAL\u0102 pentru CONTINUITATEA TRACO-GETO-DACILOR \u00een Spa\u0163iul carpato-dun\u0103reano-pontic !!!<\/strong><\/span><br \/>\n<span style=\"color: #800000;\"><strong>A\u015fa am rezistat noi \u00een DACIA, domnilor !!!<\/strong><\/span><br \/>\nBa chiar afirm cu t\u0103rie c\u0103 CRE\u015eTINISMUL coincide \u00een DACIA cu afirmarea primelor \u201eforme statale feudale\u201d, deoarece traco-geto-dacii au fost ceea ce voi numi\u0163i P\u0102G\u00c2NI, care tr\u0103iau \u00ceN ARMONIE CU NATURA, care nu aveau nevoie s\u0103-i invadeze pe al\u0163ii, deoarece se mul\u0163umeau cu ce le-a l\u0103sat Dumnezeu, ba chiar se retr\u0103geau din fa\u0163a \u201ecivilizatorilor\u201d ! &#8230; iar azi ? &#8230;<strong><span style=\"color: #800000;\"> \u201e\u00eei dai voie lui ivan\/i\u015ftvan \u015fi se suie pe divan !\u201d<\/span><\/strong><br \/>\nCRE\u015eTINISMUL a fost acceptat, deoarece acesta a fost \u201e\u015fmecher\u201d \u015fi a transformat vechi CREDIN\u0162E \u015fi OBICEIURI P\u0102G\u00c2NE \u00een s\u0103rb\u0103tori\/evenimente cre\u015ftine ! Existen\u0163a \u015fi continua proliferare de secte cre\u015ftine, demonstreaz\u0103 c\u0103 \u201ee ceva putred \u00een Danemarca\u201d !&#8230; nici azi nu ave\u0163i \u201eideile clare\u201d &#8230; \u015fi asta deoarece \u201efaptele istorice\u201d sunt r\u0103st\u0103lm\u0103cite ! &#8230; tracul Constantin, a \u00eencercat s\u0103 \u201edea o imagine general acceptat\u0103\u201d asupra religiei cre\u015ftine, deoarece avea nevoie de un INSTRUMENT DE GESTIONARE A PUTERII !!!<br \/>\nCeea ce nu pricepe\u0163i voi \u201eexponen\u0163i ai SISTEMULUI\u201d, este c\u0103 acesta e pe cale de &#8230; MOARTE NATURAL\u0102, ca \u015fi bazaconiile voastre !<br \/>\n<span style=\"color: #800000;\"><strong>FUNDAMENTALISMUL vostru este \u201esurs\u0103 de dezbinare\u201d, conform dictonului : DEZBIN\u0102 \u015eI ST\u00c2P\u0102NE\u015eTE !<\/strong><\/span><br \/>\nToate r\u0103zboaiele au avut la baz\u0103 JUSTIFIC\u0102RI RELIGIOASE, care au ascuns INTERESE GEOSTRATEGICE de IMPUNERE A VOIN\u0162EI CUCERITORILOR TEMPORARI !!!<br \/>\n<span style=\"color: #800000;\"><strong>Cum s\u0103 nu apar\u0103 DOBITOCI care ureaz\u0103 Rom\u00e2niei soarta Yugoslaviei ???<\/strong><\/span><br \/>\nEu \u201ev-a\u015f lega imediat\u201d pentru astfel de afirma\u0163ii \u015fi nu cred c\u0103 ve\u0163i sc\u0103pa de a\u015fa ceva !<br \/>\nDac\u0103 nu v\u0103 place \u201eanturajul nostru\u201d, duce\u0163i-v\u0103 unde v-a\u0163i sim\u0163i bine !&#8230; ca s\u0103 nu v\u0103 trimit\u0103 cineva for\u0163at !<br \/>\nEu personal, v-a\u015f impune tuturor&#8230; SPIRITUL FRANCESCAN !&#8230; s\u0103 v\u0103 vedem atunci dac\u0103 sunte\u0163i COEREN\u0162I cu ceea ce prop\u0103v\u0103dui\u0163i !?!?<br \/>\nAsta nu \u00eenseamn\u0103 renegare a credin\u0163ei \u00een care m-am n\u0103scut, ci o abordare conform filmule\u0163ului cu \u201eistoricul lui pe\u015fte\u201d pe care-l recomanda\u0163i <em>(ca \u015fi mine dealtfel<\/em>) !!!<\/p>\n<p><span style=\"color: #000080;\"><strong>Mi\u015fcarea Dacia<\/strong><\/span> nu este nicidecum ceea ce a priceput un pop\u0103 de \u0163ar\u0103 !!!<br \/>\nPune\u0163i m\u00e2na \u015fi citi\u0163i&#8230; \u015fi viziona\u0163i, c\u0103 avem sute de materiale la FI\u015eIERE, un canal vimeo \u015fi un canal youtube&#8230; \u015fi pe urm\u0103 vorbi\u0163i, dac\u0103 pricepe\u0163i ceva !!! Noi nu avem preten\u0163ia c\u0103 nu ne mai scap\u0103 \u015fi c\u00e2te o prostie, dar \u00een grupul vostru e &#8230; REGULA !!!<\/p>\n<p><span style=\"color: #800000;\"><strong>\u00a0P.S.1. Am \u00eencercat s\u0103 intru \u00een grup pentru \u201ea le zice-o \u00een fa\u0163\u0103\u201d , c\u0103 tot m\u0103 suspectau de lips\u0103 de onoare \u015fi demnitate &#8230; dar m-au blocat !? &#8230; p\u0103i cum era domnilor cu onoarea \u015fi demnitatea ??? hahaha&#8230; coglioni senza palle !!!<br \/>\nP.S.2. Un coglione mi-a comentat cu un imn c\u00e2ntat \u00een nem\u0163e\u015fte !? &#8230; probabil c\u0103 e unul dintre aceia care cred c\u0103 rom\u00e2nii ar fi mai de\u015ftep\u0163i dac\u0103 ar fi nem\u0163i !?!?&#8230; sau alte etnii conlocuitoare !?!? Ei nu domnule, rom\u00e2nii nu au fost \u015fi nu vor fi altceva, oric\u00e2t v-a\u0163i da cu curul de p\u0103m\u00e2nt !&#8230; poate doar aceia care au s\u00e2nge de slug\u0103, dar care sunt pu\u0163ini, oric\u00e2t v\u0103 \u00eemb\u0103ta\u0163i voi cu ap\u0103 rece !<\/strong><\/span><\/p>\n","protected":false},"excerpt":{"rendered":"<p>S\u0103 nu crede\u0163i c\u0103 am \u00eennebunit ! Aceasta este denumirea unui grup Facebook !? https:\/\/www.facebook.com\/groups\/119592821509167\/?ref=ts&amp;fref=ts Ba au creat \u015fi o CAUZ\u0102 pe tema independen\u0163ei Transilvaniei !? http:\/\/www.causes.com\/causes\/566554-transilvania-independenta Am ajuns s\u0103 g\u0103sesc o a\u015fa grupare, la sugestia unui prieten care lucreaz\u0103 la SIE (glumesc). Cert este c\u0103 acolo este foarte activ un oarecare Secui Adrian Iulian, [&hellip;]<\/p>\n","protected":false},"author":2,"featured_media":0,"comment_status":"open","ping_status":"open","sticky":false,"template":"","format":"standard","meta":{"footnotes":""},"categories":[73],"tags":[987,985,210,41,984,763,462,986],"jetpack_featured_media_url":"","_links":{"self":[{"href":"https:\/\/bassdu.mine.bz\/index.php?rest_route=\/wp\/v2\/posts\/2415"}],"collection":[{"href":"https:\/\/bassdu.mine.bz\/index.php?rest_route=\/wp\/v2\/posts"}],"about":[{"href":"https:\/\/bassdu.mine.bz\/index.php?rest_route=\/wp\/v2\/types\/post"}],"author":[{"embeddable":true,"href":"https:\/\/bassdu.mine.bz\/index.php?rest_route=\/wp\/v2\/users\/2"}],"replies":[{"embeddable":true,"href":"https:\/\/bassdu.mine.bz\/index.php?rest_route=%2Fwp%2Fv2%2Fcomments&post=2415"}],"version-history":[{"count":6,"href":"https:\/\/bassdu.mine.bz\/index.php?rest_route=\/wp\/v2\/posts\/2415\/revisions"}],"predecessor-version":[{"id":2418,"href":"https:\/\/bassdu.mine.bz\/index.php?rest_route=\/wp\/v2\/posts\/2415\/revisions\/2418"}],"wp:attachment":[{"href":"https:\/\/bassdu.mine.bz\/index.php?rest_route=%2Fwp%2Fv2%2Fmedia&parent=2415"}],"wp:term":[{"taxonomy":"category","embeddable":true,"href":"https:\/\/bassdu.mine.bz\/index.php?rest_route=%2Fwp%2Fv2%2Fcategories&post=2415"},{"taxonomy":"post_tag","embeddable":true,"href":"https:\/\/bassdu.mine.bz\/index.php?rest_route=%2Fwp%2Fv2%2Ftags&post=2415"}],"curies":[{"name":"wp","href":"https:\/\/api.w.org\/{rel}","templated":true}]}}