{"id":2421,"date":"2012-10-08T21:32:09","date_gmt":"2012-10-08T20:32:09","guid":{"rendered":"http:\/\/bassdu.mine.nu\/?p=2421"},"modified":"2012-10-08T21:55:38","modified_gmt":"2012-10-08T20:55:38","slug":"gasit-pe-facebook","status":"publish","type":"post","link":"https:\/\/bassdu.mine.bz\/?p=2421","title":{"rendered":"G\u0103sit pe Facebook"},"content":{"rendered":"<p>Daniela Lupascu<br \/>\nAceasta este traducerea unui raport german, care poart\u0103 data de 4 noiembrie 1940.<br \/>\nAutorul acestui text stabile\u015fte strategia de ac\u0163iune a Germaniei naziste \u00een Rom\u00e2nia, la<br \/>\ndou\u0103 luni de la alungarea regelui Carol al II lea \u015fi la pu\u0163in\u0103 vreme de la sosirea misiunii<br \/>\nmilitare germane. Documentul se g\u0103se\u015fte la Arhivele Na\u0163ionale ale Rom\u00e2niei, Fondul<br \/>\nMicrofilme SUA, rola 258 cadrul 1405523. Raportul a fost recuperat din arhivele naziste<br \/>\nde armata american\u0103, \u00eens\u0103 din p\u0103cate nu a fost \u00eenregistrat\u0103 provenien\u0163a lui. Dup\u0103 ton,<br \/>\nvocabular \u015fi atitudine pare s\u0103 fie elaborat de un membru al NSDAP. Diploma\u0163ii \u015fi<br \/>\neconomi\u015ftii celui de-al treilea Reich rareori se exprimau at\u00e2t de direct \u00een rapoartele<br \/>\nscrise.<br \/>\nDincolo de originile acestui raport \u015fi identitatea autorului s\u0103u este \u015focant\u0103 viziunea<br \/>\nasupra trecutului \u015fi viitorului Rom\u00e2niei. \u00cen ziua de azi g\u0103sim destui rom\u00e2ni care sus\u0163in<br \/>\nidei asem\u0103n\u0103toare cu cele din acest raport. Pe de alt\u0103 parte acest document scoate la<br \/>\nlumin\u0103 adev\u0103rata p\u0103rere a nazi\u015ftilor fa\u0163\u0103 de legionari.<br \/>\nC\u00e2t despre viitorul rezervat Rom\u00e2niei lucrurile sunt spuse limpede: o colonie<br \/>\nfurnizoare de materii prime \u015fi for\u0163\u0103 de munc\u0103<\/p>\n<p><span style=\"color: #000080;\"><strong>Raport german din 4 noiembrie 1940<\/strong><\/span><\/p>\n<p><span style=\"color: #000080;\"><strong> Rom\u00e2nia de pe cele dou\u0103 p\u0103r\u0163i ale Carpa\u0163ilor reprezint\u0103 dou\u0103 entit\u0103\u0163i deplin diferite.<\/strong><\/span><br \/>\n<span style=\"color: #000080;\"><strong> Transilvania \u015fi Banatul sunt marcate de Europa Central\u0103; Valahia, Moldova \u015fi<\/strong><\/span><br \/>\n<span style=\"color: #000080;\"><strong> \u0163inuturile de la gurile Dun\u0103rii sunt mai degrab\u0103 oriental-asiatice . \u00cenc\u0103 din secolul al X<\/strong><\/span><br \/>\n<span style=\"color: #000080;\"><strong> lea cultura \u0163\u0103r\u0103neasc\u0103 \u015fi or\u0103\u015feneasc\u0103 a Imperiului a ajuns p\u00e2n\u0103 la arcul carpatic. De<\/strong><\/span><br \/>\n<span style=\"color: #000080;\"><strong> cealalt\u0103 parte a Carpa\u0163ilor nu s-a putut cl\u0103di ceva asem\u0103n\u0103tor, de aici \u00eencepe un spa\u0163iu<\/strong><\/span><br \/>\n<span style=\"color: #000080;\"><strong> colonial care nu este capabil s\u0103 tr\u0103iasc\u0103 \u00eentr-un mod propriu \u015fi este influen\u0163at de<\/strong><\/span><br \/>\n<span style=\"color: #000080;\"><strong> formele exterioare. Valahia \u015fi Moldova au fost dependente de imperiile german, turc \u015fi<\/strong><\/span><br \/>\n<span style=\"color: #000080;\"><strong> rus \u015fi din p\u0103cate la dorin\u0163a acestor puteri au devenit state &#8220;independente&#8221;. &#8220;Na\u0163iunea<\/strong><\/span><br \/>\n<span style=\"color: #000080;\"><strong> rom\u00e2n\u0103&#8221; nu este nici \u00een ziua de azi nimic altceva dec\u00e2t o legend\u0103 a istoriografiei. P\u00e2n\u0103 \u00een<\/strong><\/span><br \/>\n<span style=\"color: #000080;\"><strong> secolul al XIX lea nu a existat de fapt dec\u00e2t o via\u0163\u0103 vegetativ\u0103 a micului popor de \u0163\u0103rani<\/strong><\/span><br \/>\n<span style=\"color: #000080;\"><strong> \u015fi p\u0103stori valahi care num\u0103ra cu pu\u0163in peste un milion de oameni care niciodat\u0103 nu au<\/strong><\/span><br \/>\n<span style=\"color: #000080;\"><strong> avut o clas\u0103 conduc\u0103toare proprie ci ni\u015fte profitori patriarhali care se schimbau adesea.<\/strong><\/span><br \/>\n<span style=\"color: #000080;\"><strong> \u00cenmul\u0163irea de zece ori a acestei popula\u0163ii \u00een secolele XIX \u015fi XX s-a reu\u0163it prin apari\u0163ia<\/strong><\/span><br \/>\n<span style=\"color: #000080;\"><strong> sistemului industrial european care a transformat stepele \u00een terenuri agricole. Aceast\u0103<\/strong><\/span><br \/>\n<span style=\"color: #000080;\"><strong> mare \u015fans\u0103 economic\u0103 s-a transformat, ca la to\u0163i primitivii, \u00eentr-o cre\u015ftere a popula\u0163iei.<\/strong><\/span><br \/>\n<span style=\"color: #000080;\"><strong> De aici a rezultat un num\u0103r mai mare \u015fi o clas\u0103 de mari proprietari lacomi care nu aveau <\/strong><\/span><br \/>\n<span style=\"color: #000080;\"><strong> nici o leg\u0103tur\u0103 cu p\u0103m\u00e2ntul \u015fi cu masele muncitoare; f\u0103r\u0103 s\u0103 existe un popor \u015fi cu at\u00e2t<\/strong><\/span><br \/>\n<span style=\"color: #000080;\"><strong> mai pu\u0163in o na\u0163iune. Pu\u0163inul care are leg\u0103tur\u0103 cu voin\u0163a poporului vine din Transilvania.<\/strong><\/span><br \/>\n<span style=\"color: #000080;\"><strong> \u00cen cercurile rom\u00e2nilor emigra\u0163i aici ca for\u0163\u0103 de munc\u0103, \u00een urma contactului str\u00e2ns cu<\/strong><\/span><br \/>\n<span style=\"color: #000080;\"><strong> cultura m\u0103rcilor de grani\u0163\u0103 ale Imperiului a ap\u0103rut dorin\u0163a de a da o via\u0163\u0103 mai bun\u0103<\/strong><\/span><br \/>\n<span style=\"color: #000080;\"><strong> neamului propriu. \u00cens\u0103 p\u00e2n\u0103 \u00een ziua de azi s-a r\u0103mas la stadiul de dorin\u0163\u0103.<\/strong><\/span><br \/>\n<span style=\"color: #000080;\"><strong> Aceasta nu putea s\u0103 fie altfel, spune Garda de Fier deoarece clasa conduc\u0103toare str\u0103in\u0103<\/strong><\/span><br \/>\n<span style=\"color: #000080;\"><strong> orientat\u0103 doar spre c\u00e2\u015ftig a nimicit toate \u00eencerc\u0103rile de \u00eembun\u0103t\u0103\u0163ire. Faptul c\u0103 turcii,<\/strong><\/span><br \/>\n<span style=\"color: #000080;\"><strong> grecii, evreii \u015fi al\u0163i str\u0103ini au devenit zeii idealului \u00eembog\u0103\u0163irii f\u0103r\u0103 limite \u015fi acceptarea<\/strong><\/span><br \/>\n<span style=\"color: #000080;\"><strong> corup\u0163iei ca sistem au f\u0103cut ca aceste dorin\u0163e idealistice s\u0103 nu aib\u0103 nici o \u015fans\u0103. Abia<\/strong><\/span><br \/>\n<span style=\"color: #000080;\"><strong> revolu\u0163ia din 1940 a dat ocazia unei rena\u015fteri a poporului rom\u00e2n pentru o via\u0163\u0103 de<\/strong><\/span><br \/>\n<span style=\"color: #000080;\"><strong> na\u0163iune independent\u0103.<\/strong><\/span><br \/>\n<span style=\"color: #000080;\"><strong> Ar fi o gre\u015feal\u0103 acceptarea necritic\u0103 a acestei teze a G\u0103rzii de Fier. Este adev\u0103rat c\u0103<\/strong><\/span><br \/>\n<span style=\"color: #000080;\"><strong> mi\u015fcarea lui Codreanu este cea mai puternic\u0103 expresie de s\u0103n\u0103tate \u015fi voin\u0163\u0103 proprie<\/strong><\/span><br \/>\n<span style=\"color: #000080;\"><strong> care a ap\u0103rut \u00een r\u00e2ndurile popula\u0163iei Rom\u00e2niei. Putem astfel vedea c\u0103 exist\u0103 aici<\/strong><\/span><br \/>\n<span style=\"color: #000080;\"><strong> substan\u0163e ale unei rase vrednice. Este \u00eens\u0103 \u00eendoielnic c\u0103 acestea sunt destul de<\/strong><\/span><br \/>\n<span style=\"color: #000080;\"><strong> puternice pentru a crea un stat \u015fi a transforma o popula\u0163ie \u00eentr-un popor. \u00cen primul<\/strong><\/span><br \/>\n<span style=\"color: #000080;\"><strong> r\u00e2nd nu exist\u0103 un conduc\u0103tor \u015fi nici o clas\u0103 conduc\u0103toare . Codreanu \u015fi 17.000 de<\/strong><\/span><br \/>\n<span style=\"color: #000080;\"><strong> comandan\u0163i subordona\u0163i au fost \u00eenl\u0103tura\u0163i \u015fi &#8220;poporul&#8221; nu s-a mi\u015fcat. Revolu\u0163ia nu a fost<\/strong><\/span><br \/>\n<span style=\"color: #000080;\"><strong> f\u0103cut\u0103 de Garda de Fier, ci de Antonescu, un general despre care se poate spune c\u0103<\/strong><\/span><br \/>\n<span style=\"color: #000080;\"><strong> este un b\u0103rbat curajos. Lovitura de stat i-a reu\u015fit deoarece inamicii s\u0103i au fost ni\u015fte<\/strong><\/span><br \/>\n<span style=\"color: #000080;\"><strong> nemernici la\u015fi. \u015ei chiar \u015fi a\u015fa Antonescu nu ar fi reu\u015fit nimic dac\u0103 pr\u0103bu\u015firea politicii<\/strong><\/span><br \/>\n<span style=\"color: #000080;\"><strong> externe a vechiului sistem nu i-ar fi pus \u00een m\u00e2n\u0103 toate atuurile. Revolu\u0163iile adev\u0103rate au<\/strong><\/span><br \/>\n<span style=\"color: #000080;\"><strong> drept urmare modificarea politicii externe. Noua Rom\u00e2nie \u00eens\u0103 tr\u0103ie\u015fte de la \u00eenceput pe<\/strong><\/span><br \/>\n<span style=\"color: #000080;\"><strong> baza atotputernicei bun\u0103voin\u0163e a Axei, chiar \u015fi din punctul de vedere al politicii interne.<\/strong><\/span><br \/>\n<span style=\"color: #000080;\"><strong> Anume nu \u00eempotriva unor puteri str\u0103ine a trebuit Antonescu s\u0103 cheme trupele<\/strong><\/span><br \/>\n<span style=\"color: #000080;\"><strong> germane, ci \u00eempotriva propriei sale armate \u015fi \u00eempotriva rezisten\u0163ei din cadrul aparatului<\/strong><\/span><br \/>\n<span style=\"color: #000080;\"><strong> de stat pentru c\u0103 \u00eentr-adev\u0103r nu avea la \u00eendem\u00e2n\u0103 for\u0163e proprii care s\u0103 \u00eei fie al\u0103turi. \u00centr-<\/strong><\/span><br \/>\n<span style=\"color: #000080;\"><strong> o \u0163ar\u0103 ai c\u0103rei ofi\u0163eri, func\u0163ionari \u015fi intelectuali aproape f\u0103r\u0103 excep\u0163ie sunt obi\u015fnui\u0163i s\u0103<\/strong><\/span><br \/>\n<span style=\"color: #000080;\"><strong> tr\u0103iasc\u0103 din tr\u0103dare, acest b\u0103rbat care \u00eenainte de toate pretinde cinste s-a confruntat<\/strong><\/span><br \/>\n<span style=\"color: #000080;\"><strong> imediat cu o du\u015fm\u0103nie cresc\u00e2nd\u0103 . De asemenea trebuie evitat\u0103 luarea drept realitate a<\/strong><\/span><br \/>\n<span style=\"color: #000080;\"><strong> viselor gardi\u015ftilor. Noua Rom\u00e2nie va avea nevoie pentru totdeauna din punct de vedere<\/strong><\/span><br \/>\n<span style=\"color: #000080;\"><strong> al politicii externe de sprijinul trupelor germane, iar din punctul de vedere al politicii<\/strong><\/span><br \/>\n<span style=\"color: #000080;\"><strong> interne pentru cel pu\u0163in c\u00e2teva decenii.<\/strong><\/span><br \/>\n<span style=\"color: #000080;\"><strong> Garnizoanele germane din Rom\u00e2nia \u00eei dau Reichului garan\u0163ia c\u0103 nu vor ap\u0103rea dezordini<\/strong><\/span><br \/>\n<span style=\"color: #000080;\"><strong> \u00een sud-estul spa\u0163iului s\u0103u vital care ar fi p\u0103guboase din punct de vedere politic \u015fi pentru situa\u0163ia<br \/>\naprovizion\u0103rii sale.<br \/>\nMul\u0163umit\u0103 capacit\u0103\u0163ii popula\u0163iei rom\u00e2ne\u015fti de a r\u0103bda de <\/strong><\/span><span style=\"color: #000080;\"><strong>foame, mica supraproduc\u0163ie agrar\u0103<br \/>\na Rom\u00e2niei va fi la dispozi\u0163ia Reichului \u015fi petrolul \u00ee\u015fi<\/strong><\/span><br \/>\n<span style=\"color: #000080;\"><strong> va g\u0103si drumul spre Reich c\u00e2t\u0103 vreme acesta va curge. Astfel prin aceste exporturi<\/strong><\/span><br \/>\n<span style=\"color: #000080;\"><strong> rom\u00e2ne\u015fti se pare c\u0103 vor asigurate lipsurile industriei germane. Apare acum \u00eentrebarea<\/strong><\/span><br \/>\n<span style=\"color: #000080;\"><strong> dac\u0103 Reichul trebuie s\u0103 se mul\u0163umeasc\u0103 cu at\u00e2t. Nu ar fi mai degrab\u0103 \u00een interesul s\u0103u s\u0103<\/strong><\/span><br \/>\n<span style=\"color: #000080;\"><strong> foloseasc\u0103 pe deplin bog\u0103\u0163iile naturale \u015fi for\u0163a de munc\u0103 din aceast\u0103 \u0163ar\u0103 apropiat\u0103?<\/strong><\/span><br \/>\n<span style=\"color: #000080;\"><strong> Recolta medie la hectar \u00een Rom\u00e2nia este doar pu\u0163in mai mare dec\u00e2t jum\u0103tate din media<\/strong><\/span><br \/>\n<span style=\"color: #000080;\"><strong> Reichului, \u00een ciuda faptului c\u0103 terenul este \u00een general cu mult mai bun dec\u00e2t cel din<\/strong><\/span><br \/>\n<span style=\"color: #000080;\"><strong> Germania. De asemenea nu sunt folosite nici pe departe toate oportunit\u0103\u0163ile agricole<\/strong><\/span><br \/>\n<span style=\"color: #000080;\"><strong> ale Rom\u00e2niei. Tratatul Wohlthat a indicat numeroase c\u0103i rin care s\u0103 fie folosite puterile<\/strong><\/span><br \/>\n<span style=\"color: #000080;\"><strong> economice ale Rom\u00e2niei \u015fi s\u0103 fie \u00eensufle\u0163ite schimburile comerciale. Tratatul este \u00een<\/strong><\/span><br \/>\n<span style=\"color: #000080;\"><strong> continuare \u00een vigoare \u015fi piedicile politice care se opuneau punerii lui \u00een aplicare au<\/strong><\/span><br \/>\n<span style=\"color: #000080;\"><strong> disp\u0103rut. F\u0103r\u0103 \u00eendoial\u0103 c\u0103 mijloacele prev\u0103zute \u00een tratat pot fi folosite acum mai bine,<\/strong><\/span><br \/>\n<span style=\"color: #000080;\"><strong> \u00eens\u0103 este nevoie de un discipol dornic de \u00eenv\u0103\u0163\u0103tur\u0103 \u015fi care s\u0103 fie capabil de dezvoltare<\/strong><\/span><br \/>\n<span style=\"color: #000080;\"><strong> asupra c\u0103ruia s\u0103 se fac\u0103 sim\u0163ite efectele pedagogice. \u00cens\u0103 aceast\u0103 viziune trebuie mai<\/strong><\/span><br \/>\n<span style=\"color: #000080;\"><strong> \u00eent\u00e2i analizat\u0103 \u00een mod corect. \u00centreaga dezvoltare istoric\u0103 pasiv\u0103 de p\u00e2n\u0103 acum a<\/strong><\/span><br \/>\n<span style=\"color: #000080;\"><strong> Rom\u00e2niei vorbe\u015fte \u00eempotriva unei posibilit\u0103\u0163i de acest fel. Cunosc\u0103torii \u0163\u0103rii ne asigur\u0103<\/strong><\/span><br \/>\n<span style=\"color: #000080;\"><strong> c\u0103 popula\u0163ia Rom\u00e2niei nu este una ambi\u0163ioas\u0103 \u015fi c\u0103 \u00een mod oriental-slav se<\/strong><\/span><br \/>\n<span style=\"color: #000080;\"><strong> mul\u0163ume\u015fte cu ast\u00e2mp\u0103rarea foamei \u00een loc s\u0103 se str\u0103duiasc\u0103 s\u0103 \u00ee\u015fi asigure toate cele<\/strong><\/span><br \/>\n<span style=\"color: #000080;\"><strong> necesare. Religiozitatea moart\u0103 a bisericii ortodoxe \u00eei \u00eent\u0103re\u015fte \u00een aceast\u0103 atitudine.<\/strong><\/span><br \/>\n<span style=\"color: #000080;\"><strong> Faptul c\u0103 credin\u0163a ortodox\u0103 se g\u0103se\u015fte al\u0103turi de ideea na\u0163ional\u0103 \u015fi de cea de ordine \u00een<\/strong><\/span><br \/>\n<span style=\"color: #000080;\"><strong> ideologia Mi\u015fc\u0103rii Legionare ne face s\u0103 nu ne a\u015ftept\u0103m la nici un fel de schimbare. Dac\u0103<\/strong><\/span><br \/>\n<span style=\"color: #000080;\"><strong> se dore\u015fte ca Rom\u00e2nia s\u0103 nu fie doar p\u0103strat\u0103 ci s\u0103 fie folosit\u0103 pe deplin acest lucru nu<\/strong><\/span><br \/>\n<span style=\"color: #000080;\"><strong> poate avea succes doar prin consiliere, ci prin metode coloniale. Pentru aceasta este nevoie ca \u00een locul propriet\u0103\u0163ilor \u0163\u0103r\u0103ne\u015fti minuscule prost exploatate s\u0103 apar\u0103 mari<\/strong><\/span><br \/>\n<span style=\"color: #000080;\"><strong> mo\u015fii care s\u0103 fie administrate dup\u0103 metode moderne sub conducere german\u0103. Apoi<\/strong><\/span><br \/>\n<span style=\"color: #000080;\"><strong> trebuie ca for\u0163a de lucru care acum leneve\u015fte s\u0103 fie ocupat\u0103 intensiv pe model colonial<\/strong><\/span><br \/>\n<span style=\"color: #000080;\"><strong> cu agricultura \u015fi trebuie alc\u0103tuite mair armate de muncitori care s\u0103 refac\u0103 sistemul de<\/strong><\/span><br \/>\n<span style=\"color: #000080;\"><strong> drumuri extrem de \u00eenapoiat. Industriile care necesit\u0103 for\u0163\u0103 de munc\u0103 intensiv\u0103 trebuie<\/strong><\/span><br \/>\n<span style=\"color: #000080;\"><strong> s\u0103 fie transferate din Reich \u00een Rom\u00e2nia.<\/strong><\/span><br \/>\n<span style=\"color: #000080;\"><strong> \u00cen acest fel i se va da poporului german din Rom\u00e2nia o \u015fans\u0103 de implicare care s\u0103 \u00eei dea<\/strong><\/span><br \/>\n<span style=\"color: #000080;\"><strong> \u015fi con\u015ftiin\u0163a c\u0103 joac\u0103 un rol important \u00een cadrul Reichului. Poporul german din Rom\u00e2nia<\/strong><\/span><br \/>\n<span style=\"color: #000080;\"><strong> a devenit de pu\u0163in\u0103 vreme o corpora\u0163ie de drept public. Ei se poat al\u0103tura drapelului<\/strong><\/span><br \/>\n<span style=\"color: #000080;\"><strong> Reichului \u015fi pot s\u0103 \u00ee\u015fi satisfac\u0103 serviciul militar \u00een regimente proprii. Prin aceasta se<\/strong><\/span><br \/>\n<span style=\"color: #000080;\"><strong> reu\u015fe\u015fte ca Reichul s\u0103 nu cedeze acest vechi post de grani\u0163\u0103, ci s\u0103 \u00eel p\u0103streze \u015fi cum este<br \/>\nde dorit, s\u0103 \u00eel dezvolte. \u0162ara de dincoace de Carpa\u0163i poate prin munca sa\u015filor<\/strong><\/span><br \/>\n<span style=\"color: #000080;\"><strong> transilv\u0103neni s\u0103 primeasc\u0103 din nou caracterul unui district german. De asemenea grupul<\/strong><\/span><br \/>\n<span style=\"color: #000080;\"><strong> etnic german ofer\u0103 o rezerv\u0103 necesar\u0103 de oameni cunosc\u0103tori ai \u0163\u0103rii care s\u0103 fie folosi\u0163i<\/strong><\/span><br \/>\n<span style=\"color: #000080;\"><strong> pentru rezolvarea problemelor de cealalt\u0103 parte a Carpa\u0163ilor.<\/strong><\/span><br \/>\n<span style=\"color: #000080;\"><strong> Aceste sarcini pot fi \u00eendeplinite f\u0103r\u0103 s\u0103 fie atins\u0103 suveranitatea formal\u0103 a Rom\u00e2niei<\/strong><\/span><br \/>\n<span style=\"color: #000080;\"><strong> (caracteristicile cele mai importante ale suveranit\u0103\u0163ii oricum \u00eei lipsesc acestui stat) \u015fi<\/strong><\/span><br \/>\n<span style=\"color: #000080;\"><strong> f\u0103r\u0103 ca s\u0103 fie blocate posibilit\u0103\u0163ile de dezvoltare ale puterilor vrednice din r\u00e2ndul<\/strong><\/span><br \/>\n<span style=\"color: #000080;\"><strong> popula\u0163iei rom\u00e2ne\u015fti. Modalitatea de ac\u0163iune trebuie s\u0103 fie o impunere pe cale pa\u015fnic\u0103.<\/strong><\/span><br \/>\n<span style=\"color: #000080;\"><strong> Nu ar trebui s\u0103 fie dificil de ob\u0163inut sprijinul guvernului rom\u00e2n pentru \u00eenfiin\u0163area unor<\/strong><\/span><br \/>\n<span style=\"color: #000080;\"><strong> mo\u015fii model \u015fi treptat num\u0103rul acestor mari mo\u015fii s\u0103 fie crescut. De asemenea nu ar<\/strong><\/span><br \/>\n<span style=\"color: #000080;\"><strong> trebui s\u0103 fie \u00eent\u00e2mpinate obstacole de netrecut pentru punerea sub regie german\u0103 a<\/strong><\/span><br \/>\n<span style=\"color: #000080;\"><strong> construc\u0163iilor de drumuri \u015fi canale. Nu este nevoie de mijloace violente pentru<\/strong><\/span><br \/>\n<span style=\"color: #000080;\"><strong> penetrarea industrial\u0103. Exist\u0103 destul capital \u00een Reich care caut\u0103 oportunit\u0103\u0163i \u015fi care<\/strong><\/span><br \/>\n<span style=\"color: #000080;\"><strong> printr-o organiza\u0163ie central\u0103 de intermediere \u00een mod planificat s\u0103 fie orientat c\u0103tre<\/strong><\/span><br \/>\n<span style=\"color: #000080;\"><strong> Rom\u00e2nia.<\/strong><\/span><br \/>\n<span style=\"color: #000080;\"><strong> Printr-o politic\u0103 rom\u00e2neasc\u0103 bazat\u0103 pe realit\u0103\u0163i \u015fi nu pe programul imposibil de realizat<\/strong><\/span><br \/>\n<span style=\"color: #000080;\"><strong> al unei minorit\u0103\u0163i de gardi\u015fti fiecare va primi ceea ce i se cuvine: masele capabil de<\/strong><\/span><br \/>\n<span style=\"color: #000080;\"><strong> dezvoltare o mai bun\u0103 supraveghere \u015fi alimentare ca p\u00e2n\u0103 acum, germanii vor primi<\/strong><\/span><br \/>\n<span style=\"color: #000080;\"><strong> conducerea \u00een ceea ce prive\u015fte interesele Reichului \u015fi foloasele cuvenite pentru<\/strong><\/span><br \/>\n<span style=\"color: #000080;\"><strong> contribu\u0163ia \u015fi responsabilitatea lor politico-militar\u0103, for\u0163ele vrednice de origine<\/strong><\/span><br \/>\n<span style=\"color: #000080;\"><strong> rom\u00e2neasc\u0103 vor primi participarea la guvernare \u015fi administrare, conducerea produc\u0163iei<\/strong><\/span><br \/>\n<span style=\"color: #000080;\"><strong> \u015fi a comer\u0163ului.<\/strong><\/span><br \/>\n<span style=\"color: #000080;\"><strong> Misiunea militar\u0103 german\u0103 din Rom\u00e2nia trebuie s\u0103 apere ordinea astfel \u00eenc\u00e2t s\u0103 nu mai<\/strong><\/span><br \/>\n<span style=\"color: #000080;\"><strong> fie posibile dezordinile. Reichul german nu trebuie s\u0103 lase s\u0103 \u00eei scape posibilit\u0103\u0163ile<\/strong><\/span><br \/>\n<span style=\"color: #000080;\"><strong> coloniale care se g\u0103sesc la u\u015fa sa.<\/strong><\/span><\/p>\n<p>&nbsp;<\/p>\n<p><span style=\"color: #800000;\"><strong>Putem concluziona c\u0103 mai sunt oameni, inclusiv rom\u00e2ni, care cred \u00een a\u015fa ceva !!!<br \/>\n<\/strong><strong><span style=\"color: #003300;\">\u201eMi\u015fcarea Dacia\u201d<\/span> va combate astfel de ABERA\u0162II !!!<br \/>\nPostarea anterioar\u0103 se refer\u0103 la aceste \u201etendin\u0163e separatiste\u201d&#8230; cum pot fi mai accesibile<br \/>\nresursele umane \u015fi materiale din spa\u0163iul carpato-danubiano-pontic, dac\u0103 nu DIVIZATE ???<br \/>\nDIVIDE ET IMPERA \u00a0este practicat de 2000 de ani&#8230; a venit vremea s\u0103 ne trezim !<br \/>\n<\/strong><\/span><\/p>\n","protected":false},"excerpt":{"rendered":"<p>Daniela Lupascu Aceasta este traducerea unui raport german, care poart\u0103 data de 4 noiembrie 1940. Autorul acestui text stabile\u015fte strategia de ac\u0163iune a Germaniei naziste \u00een Rom\u00e2nia, la dou\u0103 luni de la alungarea regelui Carol al II lea \u015fi la pu\u0163in\u0103 vreme de la sosirea misiunii militare germane. Documentul se g\u0103se\u015fte la Arhivele Na\u0163ionale ale [&hellip;]<\/p>\n","protected":false},"author":2,"featured_media":0,"comment_status":"open","ping_status":"open","sticky":false,"template":"","format":"standard","meta":{"footnotes":""},"categories":[73],"tags":[312,210],"jetpack_featured_media_url":"","_links":{"self":[{"href":"https:\/\/bassdu.mine.bz\/index.php?rest_route=\/wp\/v2\/posts\/2421"}],"collection":[{"href":"https:\/\/bassdu.mine.bz\/index.php?rest_route=\/wp\/v2\/posts"}],"about":[{"href":"https:\/\/bassdu.mine.bz\/index.php?rest_route=\/wp\/v2\/types\/post"}],"author":[{"embeddable":true,"href":"https:\/\/bassdu.mine.bz\/index.php?rest_route=\/wp\/v2\/users\/2"}],"replies":[{"embeddable":true,"href":"https:\/\/bassdu.mine.bz\/index.php?rest_route=%2Fwp%2Fv2%2Fcomments&post=2421"}],"version-history":[{"count":4,"href":"https:\/\/bassdu.mine.bz\/index.php?rest_route=\/wp\/v2\/posts\/2421\/revisions"}],"predecessor-version":[{"id":2423,"href":"https:\/\/bassdu.mine.bz\/index.php?rest_route=\/wp\/v2\/posts\/2421\/revisions\/2423"}],"wp:attachment":[{"href":"https:\/\/bassdu.mine.bz\/index.php?rest_route=%2Fwp%2Fv2%2Fmedia&parent=2421"}],"wp:term":[{"taxonomy":"category","embeddable":true,"href":"https:\/\/bassdu.mine.bz\/index.php?rest_route=%2Fwp%2Fv2%2Fcategories&post=2421"},{"taxonomy":"post_tag","embeddable":true,"href":"https:\/\/bassdu.mine.bz\/index.php?rest_route=%2Fwp%2Fv2%2Ftags&post=2421"}],"curies":[{"name":"wp","href":"https:\/\/api.w.org\/{rel}","templated":true}]}}