{"id":2444,"date":"2012-10-20T18:14:24","date_gmt":"2012-10-20T17:14:24","guid":{"rendered":"http:\/\/bassdu.mine.nu\/?p=2444"},"modified":"2014-12-11T23:00:41","modified_gmt":"2014-12-11T22:00:41","slug":"%e2%80%9emiscarea-dacia-si-noua-lege-electorala","status":"publish","type":"post","link":"https:\/\/bassdu.mine.bz\/?p=2444","title":{"rendered":"\u201eMi\u015fcarea Dacia\u201d \u015fi&#8230; NOUA LEGE ELECTORAL\u0102"},"content":{"rendered":"<p>Nu se poate imagina o NOU\u0102 PARADIGM\u0102 SOCIO-ECONOMIC\u0102, f\u0103r\u0103 a se stabili o nou\u0103 modalitate de alegere a REPREZENTAN\u0162ILOR.<br \/>\n\u00cen primul r\u00e2nd trebuie schimbate CRITERIILE de alegere, iar noi am desemnat ca esen\u0163iale : COMPETEN\u0162A \u015fi TERITORIALITATEA.<br \/>\nSe observ\u0103 imediat c\u0103 APARTENEN\u0162A PARTIDIC\u0102 este exclus\u0103, consider\u00e2nd noi c\u0103 INTERESUL NA\u0162IONAL trebuie \u00eencredin\u0163at exclusiv unor buni&#8230; ADMINISTRATORI.<br \/>\nO noutate absolut\u0103 fa\u0163\u0103 de principiile \u015fi obiectivele celorlalte for\u0163e politice, aducem cu LARGILE AUTONOMII LOCALE \u00een concomitan\u0163\u0103 cu STATUL PUTERNIC !? Pare paradoxal, dar nu este !!!<br \/>\nTrebuie spus de la bun \u00eenceput c\u0103 actualul concept de ALEGERI va fi \u201edemolat\u201d, disp\u0103r\u00e2nd din practica socio-politic\u0103 at\u00e2t cele preziden\u0163iale, c\u00e2t \u015fi cele politice na\u0163ionale.<\/p>\n<p>Iat\u0103 \u00een linii mari, cum ne imagin\u0103m NOUL SISTEM ELECTORAL care s\u0103 fie consonant cu Principiile \u015fi Obiectivele \u201eMi\u015fc\u0103rii Dacia\u201d :<\/p>\n<p>Concret, \u201ealegerile\u201d se vor desf\u0103\u015fura pe plan local, \u00een cadrul unor comunit\u0103\u0163i de 10.000-30.000 de locuitori \u015fi vor avea ca scop ALEGEREA UNUI SFAT LOCAL, care va desemna DEMNITARII LOCALI (guvernul), alc\u0103tuit din SPECIALI\u015eTI pentru fiecare domeniu socio-economic, specific zonei respective (educa\u0163ie, s\u0103n\u0103tate, industrie, agricultur\u0103, logistic\u0103, ap\u0103rare, comer\u0163, turism, etc.). Pentru localit\u0103\u0163ile cu un num\u0103r mai mare de locuitori, se \u00eemparte teritoriul \u00een circumscrip\u0163ii, corespunz\u0103toare unei popula\u0163ii de 50.000-100.000.<br \/>\nUrm\u0103toarea faz\u0103 de desemnare a REPREZENTAN\u0162ILOR, se desf\u0103\u015foar\u0103 la nivel REGIONAL (8 Regiuni -vezi materiale anterioare-), cu participarea demnitarilor rezulta\u0163i de la alegerile locale, din r\u00e2ndul c\u0103rora se stabile\u015fte SFATUL REGIONAL, care va desemna DEMNITARII\/GUVERNUL REGIONAL. \u201e\u00cenving\u0103torii\u201d promova\u0163i \u00een Sfatul Regional, vor fi \u00eenlocui\u0163i la nivel local de urm\u0103torii clasifica\u0163i, \u00een ordine fireasc\u0103.<br \/>\nUltima faz\u0103 a procesului de desemnare a REPREZENTAN\u0162ILOR, este cea NA\u0162IONAL\u0102, care urmeaz\u0103 s\u0103 se desf\u0103\u015foare pe acela\u015fi \u201ecalapod\u201d.<br \/>\n\u00cen urma acestui proces, se va forma SFATUL \u0162\u0102RII, alc\u0103tuit din maxim 100 SFETNICI ce vor desemna dintre ei pe capul statului, precum \u015fi DREG\u0102TORII (Guvernul) \u00een num\u0103r de 12, defalca\u0163i pe DREG\u0102TORII corespunz\u0103toare tuturor domeniilor de INTERES NA\u0162IONAL, care se vor ocupa de ADMINISTRARE.<br \/>\n\u00cen mod concret, promovarea \u201epe vertical\u0103 \u00een sus\u201d pentru organele regionale, respectiv na\u0163ionale, se va face COMPUTERIZAT, pe baza unui PROGRAM TEST cu zeci de \u00eentreb\u0103ri cu caracter personal \u015fi profesional, a\u015fa cum deja procedeaz\u0103 anumite corpora\u0163ii.<br \/>\nAcest PROGRAM TEST, va fi elaborat de un colectiv multidisciplinar de EXPER\u0162I, pentru fiecare \u201eramur\u0103 de competen\u0163\u0103\u201d.<br \/>\n\u00cen SFATURI vor accede COMPETEN\u0162I din toate domeniile de interes.<br \/>\nEvident c\u0103 la alegerile locale, vor fi tot at\u00e2tea urne (max.12), c\u00e2te DOMENII DE COMPETEN\u0162\u0102 sunt prezente \u00een respectiva comunitate \u015fi c\u0103 fiecare va introduce un vot \u00eentr-o\u00a0 urn\u0103 conform propriei preg\u0103tiri\/profesiuni\/competen\u0163e (educa\u0163ie, s\u0103n\u0103tate, infrastructur\u0103, construc\u0163ii, industrie, agricultur\u0103, turism, etc.)<br \/>\n\u00cen aceast\u0103 perspectiv\u0103, se renun\u0163\u0103 la actualul concept de \u201e 3 puteri \u00een stat\u201d, urm\u00e2nd ca acestea s\u0103 corespund\u0103 domenilor de competen\u0163\u0103 : astfel vom avea \u201eputere juridic\u0103\u201d atribuit\u0103 juri\u015ftilor, \u201eputere educa\u0163ional\u0103\u201d atribuit\u0103 speciali\u015ftilor \u00een Educa\u0163ie, \u201eputere sanitar\u0103\u201d atribuit\u0103 speciali\u015ftilor din S\u0103n\u0103tate, etc. \u015ei asta deoarece azi, cele 3 puteri sunt de fapt&#8230; una : cea financiar\u0103 !?<br \/>\nCele trei niveluri de conducere vor \u201edialoga\u201d strict pe temele de COMPETEN\u0162\u0102 SPECIFIC\u0102 (de jos \u00een sus \u015fi invers).<br \/>\n\u00centrunirea fizic\u0103 a REPREZENTAN\u0162ILOR va fi calibrat\u0103 \u00een a\u015fa fel ca s\u0103 fie c\u00e2t mai rar\u0103, un rol important \u00een procesul de conducere, urm\u00e2nd a avea video-conferin\u0163a \u015fi alte mijloace IT.<br \/>\nMediatizarea ini\u0163iativelor administrative va fi \u00eencredin\u0163at\u0103 PURT\u0102TORILOR DE CUV\u00c2NT pentru fiecare form\u0103 organizatoric\u0103 \u015fi domeniu de interes, urm\u00e2nd ca \u201edialogului cet\u0103\u0163ean-reprezentant\u201d s\u0103-i fie atribuit spa\u0163iul mediatic necesar (audio-video-IT). Deci nu-\u015fi mai vor da cu presupusul TO\u0162I pe toate canalele mediatice, ci numai cei desemna\u0163i pentru acest rol !!!<br \/>\nAlegerea unui reprezentant nu este o garan\u0163ie de permanen\u0163\u0103 pe durata mandatului \u00eencredin\u0163at, cazurile de \u201eincompatibilitate\u201d fiind rezolvate pe loc prin substituire cu \u201eurm\u0103torul clasificat\u201d, prin decizia \u201eambientului specific\u201d \u00een care activeaz\u0103.<br \/>\nPentru \u201echestiuni de interes general\u201d se implementeaz\u0103 instrumentul REFERENDUMULUI, care urmeaz\u0103 s\u0103 fie electronic, pe baza DOCUMENTULUI UNIC ce \u201eMi\u015fcarea Dacia\u201d are \u00een vedere s\u0103-l introduc\u0103 c\u00e2t mai rapid posibil.<\/p>\n<p>Bine\u00een\u0163eles c\u0103 nu cifrele trebuiesc absolutizate, ci doar &#8230; conceptul !<br \/>\nAceast\u0103 form\u0103 de alegere a REPREZENTAN\u0162ILOR corespunde conceptului denumit de noi&#8230; TRIBAL.<br \/>\nModul de func\u0163ionare a institu\u0163iilor rezultate \u00een urma acestui proces, este determinat de coroborarea tuturor Principiilor \u015fi Obiectivelor : gril\u0103 de salarizare, transparen\u0163\u0103, internetizare, competen\u0163\u0103, responsabilitate, lege egal\u0103 pentru to\u0163i, etc. deja trasate generic \u00een alte materiale.<br \/>\nEsen\u0163ial, este s\u0103 se asigure \u201ealeg\u0103torii\u201d c\u0103 la conducere ajung COMPETEN\u0162II \u015fi c\u0103 ace\u015ftia ac\u0163ioneaz\u0103 TRANSPARENT \u015fi ETIC \u00een INTERESUL GENERAL !<\/p>\n<p>Cineva s-ar putea \u00eentreba : Ce sunt to\u0163i termenii \u0103\u015ftia arhaici ?<br \/>\nR\u0103spuns : P\u0103i de ce s\u0103 utiliz\u0103m noi \u201etermenii altora\u201d, c\u00e2nd \u00eei avem pe ai no\u015ftri ???<\/p>\n","protected":false},"excerpt":{"rendered":"<p>Nu se poate imagina o NOU\u0102 PARADIGM\u0102 SOCIO-ECONOMIC\u0102, f\u0103r\u0103 a se stabili o nou\u0103 modalitate de alegere a REPREZENTAN\u0162ILOR. \u00cen primul r\u00e2nd trebuie schimbate CRITERIILE de alegere, iar noi am desemnat ca esen\u0163iale : COMPETEN\u0162A \u015fi TERITORIALITATEA. Se observ\u0103 imediat c\u0103 APARTENEN\u0162A PARTIDIC\u0102 este exclus\u0103, consider\u00e2nd noi c\u0103 INTERESUL NA\u0162IONAL trebuie \u00eencredin\u0163at exclusiv unor buni&#8230; [&hellip;]<\/p>\n","protected":false},"author":2,"featured_media":0,"comment_status":"open","ping_status":"open","sticky":false,"template":"","format":"standard","meta":{"footnotes":""},"categories":[73],"tags":[263,817,448,1015,1012,1011,210,698,390,295,587,459,447,961,1014,1013],"jetpack_featured_media_url":"","_links":{"self":[{"href":"https:\/\/bassdu.mine.bz\/index.php?rest_route=\/wp\/v2\/posts\/2444"}],"collection":[{"href":"https:\/\/bassdu.mine.bz\/index.php?rest_route=\/wp\/v2\/posts"}],"about":[{"href":"https:\/\/bassdu.mine.bz\/index.php?rest_route=\/wp\/v2\/types\/post"}],"author":[{"embeddable":true,"href":"https:\/\/bassdu.mine.bz\/index.php?rest_route=\/wp\/v2\/users\/2"}],"replies":[{"embeddable":true,"href":"https:\/\/bassdu.mine.bz\/index.php?rest_route=%2Fwp%2Fv2%2Fcomments&post=2444"}],"version-history":[{"count":8,"href":"https:\/\/bassdu.mine.bz\/index.php?rest_route=\/wp\/v2\/posts\/2444\/revisions"}],"predecessor-version":[{"id":3748,"href":"https:\/\/bassdu.mine.bz\/index.php?rest_route=\/wp\/v2\/posts\/2444\/revisions\/3748"}],"wp:attachment":[{"href":"https:\/\/bassdu.mine.bz\/index.php?rest_route=%2Fwp%2Fv2%2Fmedia&parent=2444"}],"wp:term":[{"taxonomy":"category","embeddable":true,"href":"https:\/\/bassdu.mine.bz\/index.php?rest_route=%2Fwp%2Fv2%2Fcategories&post=2444"},{"taxonomy":"post_tag","embeddable":true,"href":"https:\/\/bassdu.mine.bz\/index.php?rest_route=%2Fwp%2Fv2%2Ftags&post=2444"}],"curies":[{"name":"wp","href":"https:\/\/api.w.org\/{rel}","templated":true}]}}