{"id":2463,"date":"2012-10-27T09:19:57","date_gmt":"2012-10-27T08:19:57","guid":{"rendered":"http:\/\/bassdu.mine.nu\/?p=2463"},"modified":"2012-10-27T09:19:57","modified_gmt":"2012-10-27T08:19:57","slug":"despre-%e2%80%9emanifestatiile-de-piata","status":"publish","type":"post","link":"https:\/\/bassdu.mine.bz\/?p=2463","title":{"rendered":"Despre \u201emanifesta\u0163iile de pia\u0163\u0103\u201d"},"content":{"rendered":"<p>Am fost solicitat s\u0103 r\u0103spund la o \u00eentrebare pertinent\u0103, ce merit\u0103 un r\u0103spuns detaliat, pentru c\u0103 e str\u00e2ns legat\u0103 de NOUA PARADIGM\u0102 SOCIO-ECONOMIC\u0102 ce proiect\u0103m.<\/p>\n<p><span style=\"color: #000080;\"><em>\u201eGilbert Dragos Dumitru : <\/em><\/span><br \/>\n<span style=\"color: #000080;\"><em>Intrebare mai clara: ce veti face ca autoritate in cazul in care reusiti sa preluati conducerea tarii in momentul in care vor apare proteste spontane neaprobate in strada? Veti lasa oamenii sa se exprime liber si altfel decat prin votul o data la 4 ani?\u201d<\/em><\/span><\/p>\n<p>R\u0102SPUNS :<br \/>\nConform ACTUALEI PARADIGME, \u201eprotestul \u00een pia\u0163\u0103\u201d este justificat, ba chiar reglementat (vezi OSCE ca exemplu) \u015fi asta datorit\u0103 RUPTURII \u00eentre societatea civil\u0103 \u015fi guvernan\u0163i, \u00eentre care nu exist\u0103 un \u201eDIALOG\u201d. Ast\u0103zi, guvernan\u0163ii impun ni\u015fte REGULI, care nu sunt rezultat al unei DEZBATERI DEMOCRATICE \u00ceN ADEV\u0102RATUL SENS AL CUV\u00c2NTULUI, astfel c\u0103 o parte a popula\u0163iei este \u00eendrept\u0103\u0163it\u0103 s\u0103 CONTESTE aceste REGULI, atunci c\u00e2nd \u00eei sunt afectate INTERESELE (generale, sau \u201ede parte\u201d).<br \/>\nAcestei ST\u0102RI CONFLICTUALE, Mi\u015fcarea Dacia \u00eei r\u0103spunde printre altele, dar \u00een primul r\u00e2nd, cu &#8230; LARGILE AUTONOMII LOCALE \u015fi cu expresia acestui concept, care este &#8230; NOUA LEGE ELECTORAL\u0102.<br \/>\n\u00cen urma INTRODUCERII TREPTATE a elementelor NOII PARADIGME, a\u015fa cum vrem noi, sau VIOLENT dac\u0103 nu se alege aceast\u0103 cale, se va ajunge la situa\u0163ia cu urm\u0103toarele caracteristici :<\/p>\n<p>Fiecare REPREZENTANT AL PUTERII ADMINISTRATIVE va ajunge astfel, pornind de la NIVEL LOCAL \u015fi \u201eav\u00e2nd \u00een spate\u201d o LEGITIMITATE, consemnat\u0103 de CONTRACTUL cu aleg\u0103torii. Altfel spus, FIECARE REPREZENTANT VA AVEA \u201e\u00ceN SPATE\u201d pe cineva care S\u0102-I CEAR\u0102 SOCOTEAL\u0102 la nivel personal, dar \u015fi AUTORITATEA dob\u00e2ndit\u0103 pe baza principiilor de COMPETEN\u0162\u0102 \u015fi TERITORIALITATE.<br \/>\nAceast\u0103 \u201eimpostare\u201d, face mai u\u015foar\u0103 \u201eimplicarea democratic\u0103\u201d a popula\u0163iei, care poate da SOLU\u0162II PE PLAN LOCAL, \u00een cuno\u015ftin\u0163\u0103 de cauz\u0103.<br \/>\nOdat\u0103 cu \u201etrecerea la niveluri superioare\u201d de REPREZENTARE, gama PROBLEMATICII DE GUVERNARE se l\u0103rge\u015fte considerabil, intervenind elemente de : ap\u0103rare, protec\u0163ie civil\u0103, strategii de dezvoltare regionale, respectiv na\u0163ionale, politic\u0103 extern\u0103, sistem sanitar, educa\u0163ional, etc. \u00een care MASA NU ARE COMPETEN\u0162E, deci nu se poate exprima, dec\u00e2t prin intermediul propriilor REPREZENTAN\u0162I trimi\u015fi acolo, deoarece MAI COMPETEN\u0162I.<br \/>\nDevine evident c\u0103 PROTESTUL este justificat numai pe PLAN LOCAL, iar \u00een cazul c\u0103 un REPREZENTANT nu mai este agreat, acesta poate fi schimbat de \u201ee\u015falonul inferior\u201d. Acesta este mecanismul prin care se poate \u201einfluen\u0163a \u00een sus\u201d actul guvern\u0103rii conform NOII PARADIGME, deoarece fiecare REPREZENTANT se sprijin\u0103 pe \u201ecineva\u201d.<br \/>\nTrimiterea \u201e\u00eenspre \u00een sus\u201d a reprezentan\u0163ilor, trebuie privit\u0103 ca un CONTRACT SOCIO-ECONOMIC, cu clauze clare, cu responsabilit\u0103\u0163i, cu termene \u015fi cu tot ce mai comport\u0103 un CONTRACT \u201esemnat\u201d la NIVEL LOCAL, deci \u00een urma unei cunoa\u015fteri a problematicii de c\u0103tre o p\u0103tur\u0103 c\u00e2t mai cuprinz\u0103toare !!!<\/p>\n<p>La E\u015eALOANELE SUPERIOARE, datorit\u0103 COMPLEXIT\u0102\u0162II SPORITE a problemelor de guvernare, MASA iese din \u201ejocul administrativ\u201d, interesele sale fiind preluate de proprii REPREZENTAN\u0162I ALE\u015eI DEMOCRATIC \u015fi mai ales , pe baz\u0103 de COMPETEN\u0162\u0102.<br \/>\nAcest \u201esistem electoral\u201d este prev\u0103zut de NOUA PARADIGM\u0102 s\u0103 fie aplicat \u00een toate DOMENIILE DE COMPETEN\u0162\u0102 (ap\u0103rare, justi\u0163ie, educa\u0163ie, s\u0103n\u0103tate, industrie, agricultur\u0103, politic\u0103 extern\u0103, comer\u0163, etc.), \u201edialogul\u201d dintre aceste domenii, urm\u00e2nd s\u0103 se realizeze la nivelurile SFATURILOR.<br \/>\nDesigur c\u0103 acestea sunt numai ni\u015fte PRINCIPII, ce urmeaz\u0103 a fi detaliate \u00een STRUCTURI DE COMPETEN\u0162\u0102, pentru a se ajunge la un SISTEM COERENT.<\/p>\n<p><span style=\"color: #800000;\"><em>Iat\u0103 c\u0103 \u00een acest sistem, nu va putea \u201e\u0163a\u0163a Veta\u201d s\u0103-\u015fi dea cu p\u0103rerea \u00een chestiuni legate de energia nuclear\u0103 (de exemplu) !?!?<\/em><\/span><br \/>\n<span style=\"color: #800000;\"><em>Iat\u0103 de ce \u201emanifest\u0103rile populare\u201d nu sunt justificate \u00een NOUA PARADIGM\u0102 SOCIO-ECONOMIC\u0102. <\/em><\/span><br \/>\n<span style=\"color: #800000;\"><em>Acestea sunt \u201etolerate\u201d \u00een actuala paradigm\u0103, fiind doar o \u201eabureal\u0103\u201d menit\u0103 s\u0103 creeze impresia de \u201eparticipare democratic\u0103\u201d, pe c\u00e2nd de fapt, REPREZENTAN\u0162II ale\u015fi pe alte principii dec\u00e2t cele contemplate de noi, fac ce vor de mii de ani, av\u00e2nd ca interes, exclusiv INTERESUL PERSONAL sau al p\u0103turii ce reprezint\u0103, care a fost \u015fi este MINORITAR\u0102, deci NEDEMOCRATIC\u0102 \u00een adev\u0103ratul sens al cuv\u00e2ntului !!!<\/em><\/span><br \/>\n<span style=\"color: #800000;\"><em>\u00cen momentul c\u00e2nd ace\u015fti REPREZENTAN\u0162I vor fi obliga\u0163i de REGULILE NOII PARADIGME SOCIO-ECONOMICE s\u0103 reprezinte INTERESUL GENERAL, pe principii de COMPETEN\u0162\u0102 \u015eI TERITORIALITATE, nu vor mai avea loc \u201emanifesta\u0163ii de protest\u201d !!!&#8230; este ceea ce dore\u015fte Mi\u015fcarea Dacia, deoarece DEZBINAREA, CONFRUNTAREA \u015fi tot ce mai caracterizeaz\u0103 actuala paradigm\u0103, nu este un FACTOR DE PROGRES SUSTENABIL, ci o modalitate de PERPETUARE A SISTEMULUI SCLAVAGIST.<\/em><\/span><br \/>\n<span style=\"color: #800000;\"><em>Desigur c\u0103 implementarea unei NOI PARADIGME nu e treab\u0103 u\u015foar\u0103, sau realizabil\u0103 \u00eentr-un \u201einterval electoral\u201d, ci vor fi necesari ani buni !!!&#8230; dar trebuie \u00eenceput de undeva !!!<\/em><\/span><\/p>\n","protected":false},"excerpt":{"rendered":"<p>Am fost solicitat s\u0103 r\u0103spund la o \u00eentrebare pertinent\u0103, ce merit\u0103 un r\u0103spuns detaliat, pentru c\u0103 e str\u00e2ns legat\u0103 de NOUA PARADIGM\u0102 SOCIO-ECONOMIC\u0102 ce proiect\u0103m. \u201eGilbert Dragos Dumitru : Intrebare mai clara: ce veti face ca autoritate in cazul in care reusiti sa preluati conducerea tarii in momentul in care vor apare proteste spontane neaprobate [&hellip;]<\/p>\n","protected":false},"author":2,"featured_media":0,"comment_status":"open","ping_status":"open","sticky":false,"template":"","format":"standard","meta":{"footnotes":""},"categories":[73],"tags":[263,209,1012,210,698,390,295,608,961],"jetpack_featured_media_url":"","_links":{"self":[{"href":"https:\/\/bassdu.mine.bz\/index.php?rest_route=\/wp\/v2\/posts\/2463"}],"collection":[{"href":"https:\/\/bassdu.mine.bz\/index.php?rest_route=\/wp\/v2\/posts"}],"about":[{"href":"https:\/\/bassdu.mine.bz\/index.php?rest_route=\/wp\/v2\/types\/post"}],"author":[{"embeddable":true,"href":"https:\/\/bassdu.mine.bz\/index.php?rest_route=\/wp\/v2\/users\/2"}],"replies":[{"embeddable":true,"href":"https:\/\/bassdu.mine.bz\/index.php?rest_route=%2Fwp%2Fv2%2Fcomments&post=2463"}],"version-history":[{"count":1,"href":"https:\/\/bassdu.mine.bz\/index.php?rest_route=\/wp\/v2\/posts\/2463\/revisions"}],"predecessor-version":[{"id":2464,"href":"https:\/\/bassdu.mine.bz\/index.php?rest_route=\/wp\/v2\/posts\/2463\/revisions\/2464"}],"wp:attachment":[{"href":"https:\/\/bassdu.mine.bz\/index.php?rest_route=%2Fwp%2Fv2%2Fmedia&parent=2463"}],"wp:term":[{"taxonomy":"category","embeddable":true,"href":"https:\/\/bassdu.mine.bz\/index.php?rest_route=%2Fwp%2Fv2%2Fcategories&post=2463"},{"taxonomy":"post_tag","embeddable":true,"href":"https:\/\/bassdu.mine.bz\/index.php?rest_route=%2Fwp%2Fv2%2Ftags&post=2463"}],"curies":[{"name":"wp","href":"https:\/\/api.w.org\/{rel}","templated":true}]}}