{"id":247,"date":"2009-05-30T08:59:59","date_gmt":"2009-05-30T07:59:59","guid":{"rendered":"http:\/\/bassdu.mine.nu\/?p=247"},"modified":"2009-05-30T10:58:40","modified_gmt":"2009-05-30T09:58:40","slug":"politica-romena","status":"publish","type":"post","link":"https:\/\/bassdu.mine.bz\/?p=247","title":{"rendered":"Politica romena"},"content":{"rendered":"<p class=\"MsoNormal\" style=\"margin: 0cm 0cm 10pt; text-align: center;\" align=\"center\"><span style=\"font-size: 18pt; line-height: 115%;\"><span style=\"font-family: Calibri;\">Politica di sudditanza<\/span><\/span><\/p>\n<p class=\"MsoNormal\" style=\"margin: 0cm 0cm 10pt; text-align: center;\" align=\"center\"><span style=\"font-size: 18pt; line-height: 115%;\"><span style=\"font-family: Calibri;\">\u00a0<\/span><\/span><\/p>\n<p class=\"MsoNormal\" style=\"margin: 0cm 0cm 10pt;\"><span style=\"font-size: 12pt; line-height: 115%;\"><span style=\"font-family: Calibri;\"><span style=\"mso-spacerun: yes;\">\u00a0\u00a0\u00a0\u00a0\u00a0 <\/span>Il Programma del Ministero degli Interni romeno, di spendere un mucchio di soldi in spot televisivi sulle reti italiane \u00e8 un esempio di sudditanza.<span style=\"mso-spacerun: yes;\">\u00a0\u00a0<\/span>Molto meglio sarebbe spendere in volantinaggio alle frontiere, per avvertire i turisti e migranti della responsabilit\u00e0 maggiore che si ha, come rappresentanti di un popolo e un paese.<span style=\"mso-spacerun: yes;\">\u00a0\u00a0<\/span>Il danno all\u2019immagine prodotto con comportamenti delinquenziali, deve essere punito con pene supplementari. Il Parlamento pu\u00f2 e deve emettere una legge in questo senso. Attuando il Programma, si porter\u00e0 acqua al mulino dei nostri detrattori, senza ripercussioni sulla sicurezza degli italiani, per non parlarne di quella dei romeni d\u2019Italia.<span style=\"mso-spacerun: yes;\">\u00a0 <\/span><\/span><\/span><\/p>\n<p class=\"MsoNormal\" style=\"margin: 0cm 0cm 10pt;\"><span style=\"font-size: 12pt; line-height: 115%;\"><span style=\"font-family: Calibri;\"><span style=\"mso-spacerun: yes;\">\u00a0\u00a0\u00a0\u00a0 <\/span>La sudditanza si manifesta anche a livello europeo.<\/span><\/span><span style=\"font-size: 12pt; line-height: 115%;\"><span style=\"font-family: Calibri;\">Il trattamento delle minoranze etniche in Romania \u00e8 sempre nel mirino della Comunit\u00e0 Europea, invece le nostre minoranze ( addirittura maggioranze) in altri paesi, non fanno oggetto di tali preoccupazioni.<\/span><\/span><\/p>\n<p class=\"MsoNormal\" style=\"margin: 0cm 0cm 10pt;\"><span style=\"font-size: 12pt; line-height: 115%;\"><span style=\"font-family: Calibri;\">L\u2019attenzione della Comunit\u00e0 Europea al problema \u201ccorruzione in Romania\u201d, mi pare almeno esagerata, visto che i provvedimenti dello stesso calibro non sono presi contro paesi dove il fenomeno \u00e8 molto pi\u00f9 presente, per non dire istituzionalizzato. L\u2019Italia sta scivolando verso xenofobia e razzismo e nessuno ( eccezione ONU e militanti per i diritti umani) se ne accorge!<\/span><\/span><\/p>\n<p class=\"MsoNormal\" style=\"margin: 0cm 0cm 10pt;\"><span style=\"font-size: 12pt; line-height: 115%;\"><span style=\"font-family: Calibri;\"><span style=\"mso-spacerun: yes;\">\u00a0\u00a0\u00a0\u00a0\u00a0 <\/span>La sudditanza si manifesta anche nel mondo politico e delle associazioni romene in Italia. Abbiamo visto delle Liste di persone che si mettono \u201ccenere in testa\u201d, spot visivi con lo stesso intento, partiti ed associazioni dei romeni \u201cguidati\u201d da persone di altre nazionalit\u00e0,che non capiscono un tubo delle reali esigenze della Romania e dei romeni, remando addirittura contro di esse.<\/span><\/span><\/p>\n<p class=\"MsoNormal\" style=\"margin: 0cm 0cm 10pt;\"><span style=\"font-size: 12pt; line-height: 115%;\"><span style=\"font-family: Calibri;\"><span style=\"mso-spacerun: yes;\">\u00a0\u00a0\u00a0\u00a0\u00a0 <\/span>Gli unici ad agire coerentemente per migliorare la nostra immagine, sono i rappresentanti dell\u2019arte e della cultura. Vorrei vedere per\u00f2 da parte loro, un impegno anche nella politica, vista la crisi profonda in qui versa. La nostra Storia \u00e8 piena di grandi nomi impegnati in politica. Adesso \u00e8 il momento di agire! <span style=\"mso-spacerun: yes;\">\u00a0<\/span><\/span><\/span><\/p>\n","protected":false},"excerpt":{"rendered":"<p>Politica di sudditanza \u00a0 \u00a0\u00a0\u00a0\u00a0\u00a0 Il Programma del Ministero degli Interni romeno, di spendere un mucchio di soldi in spot televisivi sulle reti italiane \u00e8 un esempio di sudditanza.\u00a0\u00a0Molto meglio sarebbe spendere in volantinaggio alle frontiere, per avvertire i turisti e migranti della responsabilit\u00e0 maggiore che si ha, come rappresentanti di un popolo e un [&hellip;]<\/p>\n","protected":false},"author":2,"featured_media":0,"comment_status":"open","ping_status":"open","sticky":false,"template":"","format":"standard","meta":{"footnotes":""},"categories":[73],"tags":[11,70,10,87],"jetpack_featured_media_url":"","_links":{"self":[{"href":"https:\/\/bassdu.mine.bz\/index.php?rest_route=\/wp\/v2\/posts\/247"}],"collection":[{"href":"https:\/\/bassdu.mine.bz\/index.php?rest_route=\/wp\/v2\/posts"}],"about":[{"href":"https:\/\/bassdu.mine.bz\/index.php?rest_route=\/wp\/v2\/types\/post"}],"author":[{"embeddable":true,"href":"https:\/\/bassdu.mine.bz\/index.php?rest_route=\/wp\/v2\/users\/2"}],"replies":[{"embeddable":true,"href":"https:\/\/bassdu.mine.bz\/index.php?rest_route=%2Fwp%2Fv2%2Fcomments&post=247"}],"version-history":[{"count":5,"href":"https:\/\/bassdu.mine.bz\/index.php?rest_route=\/wp\/v2\/posts\/247\/revisions"}],"predecessor-version":[{"id":250,"href":"https:\/\/bassdu.mine.bz\/index.php?rest_route=\/wp\/v2\/posts\/247\/revisions\/250"}],"wp:attachment":[{"href":"https:\/\/bassdu.mine.bz\/index.php?rest_route=%2Fwp%2Fv2%2Fmedia&parent=247"}],"wp:term":[{"taxonomy":"category","embeddable":true,"href":"https:\/\/bassdu.mine.bz\/index.php?rest_route=%2Fwp%2Fv2%2Fcategories&post=247"},{"taxonomy":"post_tag","embeddable":true,"href":"https:\/\/bassdu.mine.bz\/index.php?rest_route=%2Fwp%2Fv2%2Ftags&post=247"}],"curies":[{"name":"wp","href":"https:\/\/api.w.org\/{rel}","templated":true}]}}