{"id":2477,"date":"2012-11-07T20:33:07","date_gmt":"2012-11-07T19:33:07","guid":{"rendered":"http:\/\/bassdu.mine.nu\/?p=2477"},"modified":"2012-11-07T20:33:07","modified_gmt":"2012-11-07T19:33:07","slug":"despre-declaratia-de-la-budapesta","status":"publish","type":"post","link":"https:\/\/bassdu.mine.bz\/?p=2477","title":{"rendered":"Despre DECLARA\u0162IA DE LA BUDAPESTA"},"content":{"rendered":"<p>Am urm\u0103rit cu interes o dezbatere la<a href=\" http:\/\/www.facebook.com\/groups\/367470513272109\/permalink\/502646219754537\/\"> http:\/\/www.facebook.com\/groups\/367470513272109\/permalink\/502646219754537\/<\/a> apropos de DECLARA\u0162IA DE LA BUDAPESTA \u015fi despre prezen\u0163a printre semnatari, inclusiv a unor nume sonore din Diaspora acelor vremuri, \u00een frunte cu ex-regele Mihai.<br \/>\nTotul a pornit de la prezentarea unui material pe aceast\u0103 tem\u0103, de c\u0103tre un fost lucr\u0103tor din Securitate :<a href=\"http:\/\/ https:\/\/www.facebook.com\/notes\/teodor-b\u0103lan\/declara\u021bia-de-la-budapesta-un-document-antirom\u00e2nesc-semnat-\u015fi-de-ex-regele-mihai\/410210305667242\"> https:\/\/www.facebook.com\/notes\/teodor-b\u0103lan\/declara\u021bia-de-la-budapesta-un-document-antirom\u00e2nesc-semnat-\u015fi-de-ex-regele-mihai\/410210305667242<\/a><\/p>\n<p><strong>Iat\u0103 textul DECLARA\u0162IEI :<\/strong><br \/>\n&#8230;&#8230;&#8230;&#8230;&#8230;&#8230;&#8230;&#8230;&#8230;&#8230;&#8230;&#8230;&#8230;&#8230;&#8230;&#8230;&#8230;..<br \/>\n<span style=\"color: #800000;\"><strong>\u201eDECLARA\u0162IA DE LA BUDAPESTA<\/strong><\/span><\/p>\n<p><span style=\"color: #800000;\"><strong>Ast\u0103zi, 16 iunie 1989, odat\u0103 cu celebrarea funeraliilor victimelor represiunii revolu\u0163iei maghiare din 1956, eveniment de o deosebit\u0103 importan\u0163\u0103 pentru popoarele Europei \u015fi, \u00een special, pentru cele care tr\u0103iesc \u00eenc\u0103 sub dictaturi comuniste, a avut loc o \u00eent\u00eelnire \u00eentre membrii Forumului Democratic Maghiar \u015fi Rom\u00e2ni, semnatari ai urm\u0103toarei<\/strong><\/span><\/p>\n<p><span style=\"color: #800000;\"><strong>DECLARA\u0162II<\/strong><\/span><\/p>\n<p><span style=\"color: #800000;\"><strong>Noi, rom\u00e2ni \u015fi unguri,<\/strong><\/span><\/p>\n<p><span style=\"color: #800000;\"><strong>Consider\u0103m c\u0103 libertatea \u015fi prop\u0103\u015firea celor dou\u0103 popoare pot fi realizate \u015fi garantate numai \u00eentr-un cadru politic pluralist de respectare integral\u0103 a drepturilor \u015fi libert\u0103\u0163ilor fundamentale ale omului. O ac\u0163iune comun\u0103 a for\u0163elor democratice maghiare \u015fi rom\u00e2ne se impune pentru atingerea acestui scop. Regimurile comuniste \u015fi \u00een special politica dus\u0103 de dictatura ceau\u015fist\u0103 a creat o situa\u0163ie de criz\u0103 acut\u0103 care \u00eempiedic\u0103 comunicarea dintre rom\u00e2ni \u015fi maghiari. Dialogul \u00eenceput ast\u0103zi \u00eentre noi dore\u015fte s\u0103 \u00eenving\u0103 aceste piedici \u015fi s\u0103 stabileasc\u0103 bazele unor rela\u0163ii normale \u00eentre cele dou\u0103 na\u0163iuni care s-au format \u00een acela\u015fi spa\u0163iu geografic.<\/strong><\/span><\/p>\n<p><span style=\"color: #800000;\"><strong>Dat\u0103 fiind configura\u0163ia h\u0103r\u0163ii etnice, solu\u0163ionarea conflictelor nu poate veni \u00een nici un caz din revizuirea frontierelor, ci din schimbarea rolului lor \u00een sensul liberei circula\u0163ii a persoanelor, a informa\u0163iei \u015fi a ideilor, \u00een conformitate cu acordurile de la Helsinki. Situ\u0103m deci \u00eembun\u0103t\u0103\u0163irea rela\u0163iilor rom\u00e2no-maghiare \u00een perspectiva procesului de restructurare democratic\u0103 general-european\u0103, care singur va fi in stare s\u0103 rezolve problemele acumulate de-a lungul istoriei \u00eentre popoarele continentului \u00eentr-un mod care s\u0103 satisfac\u0103 interesele legitime ale fiec\u0103ruia \u00een parte.<\/strong><\/span><\/p>\n<p><span style=\"color: #800000;\"><strong>Transilvania a fost \u015fi este un spa\u0163iu de complementaritate \u015fi trebuie s\u0103 devin\u0103 un model de pluralism cultural \u015fi religios. Este \u00een folosul popoarelor noastre ca diversitatea cultural\u0103, religioas\u0103 \u015fi de tradi\u0163ii care a f\u0103cut specificul Transilvaniei s\u0103 fie prezervat\u0103.<\/strong><\/span><\/p>\n<p><span style=\"color: #800000;\"><strong>Dreptul la o reprezentare politic\u0103 autonom\u0103 \u015fi la autonomie cultural\u0103 a fiec\u0103rei na\u0163iuni trebuie garantat. Realizarea sa implic\u0103, printre altele, asigurarea unei \u015fcolarit\u0103\u0163i de toate gradele \u00een limba maghiar\u0103, inclusiv re\u00eenfiin\u0163area universit\u0103\u0163ii maghiare din Cluj.<\/strong><\/span><\/p>\n<p><span style=\"color: #800000;\"><strong>Principiile enun\u0163ate mai sus vor sta la baza tuturor ac\u0163iunilor comune pe care semnatarii \u00een\u0163eleg s\u0103 le duc\u0103 \u00een viitor. Apel\u0103m la organiza\u0163iile democratice precum \u015fi la acele persoane care \u00eemp\u0103rt\u0103\u015fesc aceste principii s\u0103 se al\u0103ture acestei ac\u0163iuni.<\/strong><\/span><\/p>\n<p><span style=\"color: #800000;\"><strong>Budapesta, 16 iunie 1989\u201d<\/strong><\/span><br \/>\n&#8230;&#8230;&#8230;&#8230;&#8230;&#8230;&#8230;&#8230;&#8230;&#8230;&#8230;&#8230;&#8230;&#8230;&#8230;.<\/p>\n<p>\u00cen cadrul dezbaterii, s-a luat \u201erazna pe c\u00e2mpuri\u201d, deviindu-se discu\u0163ia pe alte planuri, ignor\u00e2ndu-se ca de obicei FONDUL PROBLEMEI !?<br \/>\nNu o s\u0103 intru \u00een detalii, ci doar o s\u0103-mi exprim c\u00e2teva<span style=\"color: #003300;\"><strong> opinii ON TOPIC :<\/strong><\/span><\/p>\n<p>Se \u201esemneaz\u0103\u201d :<br \/>\n<span style=\"color: #800000;\"><strong>\u201eRegimurile comuniste \u015fi \u00een special politica dus\u0103 de dictatura ceau\u015fist\u0103 a creat o situa\u0163ie de criz\u0103 acut\u0103 care \u00eempiedic\u0103 comunicarea dintre rom\u00e2ni \u015fi maghiari\u201d<\/strong><\/span><\/p>\n<p><span style=\"color: #000080;\">&#8230; se are \u00een vedere c\u0103 aceast\u0103 \u201ecomunicare \u00eempiedicat\u0103\u201d a fost timp de 1000 de ani practicat\u0103 de maghiari, cu consecin\u0163e dramatice p\u00e2n\u0103 acum 74 de ani ?&#8230; de ce se face referire numai la comunism ? &#8230; \u00eenainte, care era situa\u0163ia ?&#8230; asta-i \u201ebub\u0103 veche\u201d domnilor \u015fi nu noi am produs-o ! <\/span><br \/>\n<span style=\"color: #000080;\">&#8230; se are \u00een vedere c\u0103 poporul maghiar nu s-a format \u00een Ardeal, ci a venit acolo deja format \u00een alte p\u0103r\u0163i ? Se admite de c\u0103tre maghiari c\u0103 Transilvania era locuit\u0103 c\u00e2nd au venit ei, de c\u0103tre oameni care vorbeau aceea\u015fi limb\u0103 ce o vorbesc \u015fi azi urma\u015fii lor ? &#8230; pentru c\u0103 dac\u0103 nu recunosc acest adev\u0103r fundamental pentru noi, \u00eenseamn\u0103 c\u0103 NEAG\u0102 CONTINUITATEA POPORULUI ROM\u00c2N \u00ceN ACEST AREAL !?&#8230; \u015fi asta nu e o bun\u0103 baz\u0103 de pornire, pentru a-\u0163i cere Drepturi !? De ce oare \u201epatrio\u0163ii rom\u00e2ni semnatari\u201d nu au inclus a\u015fa ceva \u00een Declara\u0163ie ???<\/span><br \/>\n<span style=\"color: #000080;\">&#8230; se au \u00een vedere documentele puse la dispozi\u0163ie de CIA \u00een leg\u0103tur\u0103 cu \u201eaten\u0163iile fr\u0103\u0163e\u015fti\u201d de care se bucura Rom\u00e2nia din partea conducerii comuniste maghiare ? (vezi Lary Watts &#8211; Fere\u015fte-m\u0103 Doamne de prieteni) ? &#8230; ca s\u0103 nu mai vorbim de trecutul mai \u00eendep\u0103rtat !?<\/span><br \/>\n<span style=\"color: #000080;\">&#8230; se are \u00een vedere c\u0103 rom\u00e2nii din afara Rom\u00e2niei, nu beneficiaz\u0103 de acela\u015fi tratament \u00een Serbia, Bulgaria, Grecia, Ucraina, Ungaria, unde sunt supu\u015fi \u201eintegr\u0103rii for\u0163ate\u201d ?<\/span><br \/>\n<span style=\"color: #000080;\">&#8230; se are \u00een vedere c\u0103 nu numai maghiarii au suferit \u00een comunism (at\u00e2t \u00een Ungaria, c\u00e2t \u015fi \u00een Rom\u00e2nia), ci \u00een aceea\u015fi m\u0103sur\u0103 \u015fi rom\u00e2nii ?<\/span><br \/>\n<span style=\"color: #000080;\">&#8230; se are \u00een vedere c\u0103 mul\u0163i etnici maghiari, nu vorbesc o boab\u0103 de rom\u00e2ne\u015fte ?&#8230; cum \u00een\u0163eleg ei CONVIE\u0162UIREA ?<\/span><\/p>\n<p>Se con\u201esemneaz\u0103\u201d :<br \/>\n<span style=\"color: #800000;\"><strong>\u201eConsider\u0103m c\u0103 libertatea \u015fi prop\u0103\u015firea celor dou\u0103 popoare pot fi realizate \u015fi garantate numai \u00eentr-un cadru politic pluralist de respectare integral\u0103 a drepturilor \u015fi libert\u0103\u0163ilor fundamentale ale omului. O ac\u0163iune comun\u0103 a for\u0163elor democratice maghiare \u015fi rom\u00e2ne se impune pentru atingerea acestui scop\u201d<\/strong><\/span><\/p>\n<p><span style=\"color: #000080;\">Nu am cuno\u015ftin\u0163\u0103 despre \u201eac\u0163iuni comune\u201d ale minorit\u0103\u0163ii maghiare \u015fi ale majorit\u0103\u0163ii rom\u00e2ne pe plan european sau mondial, pentru afirmarea acestor principii \u015fi&#8230; rom\u00e2nilor din afara Rom\u00e2niei !? Deci : \u201evrem ceva numai pentru noi , nu \u015fi pentru al\u0163ii\u201d !?!?&#8230; \u015fi \u201eal\u0163ii\u201d semneaz\u0103 ca primarul !?<\/span><\/p>\n<p>Se con\u201esemneaz\u0103\u201d :<br \/>\n<span style=\"color: #800000;\"><strong>\u201eTransilvania a fost \u015fi este un spa\u0163iu de complementaritate \u015fi trebuie s\u0103 devin\u0103 un model de pluralism cultural \u015fi religios. Este \u00een folosul popoarelor noastre ca diversitatea cultural\u0103, religioas\u0103 \u015fi de tradi\u0163ii care a f\u0103cut specificul Transilvaniei s\u0103 fie prezervat\u0103.\u201d<\/strong><\/span><\/p>\n<p><span style=\"color: #000080;\">&#8230; pot afirma cu t\u0103rie c\u0103 Transilvania A FOST \u015eI ESTE UN MODEL (inclusiv pe vremea comunismului) &#8230; m\u0103car de ar fi \u015fi TIMOCUL sau BUCOVINA de nord a\u015fa !!!<\/span><\/p>\n<p><strong>Dar nu Declara\u0163ia \u00een sine m\u0103 preocup\u0103, c\u0103 nu are nicio valoare, ci evolu\u0163iile de la acea dat\u0103 p\u00e2n\u0103 azi :<\/strong><br \/>\n<em><span style=\"color: #000080;\">1. Maghiarii particip\u0103 \u201eDECISIV\u201d prin UDMR la guvernarea Rom\u00e2niei, av\u00e2nd deci \u015fi RESPONSABILIT\u0102\u0162I pentru DEZASTRUL actual. Aduc la cuno\u015ftin\u0163a celor ce nu \u015ftiu, c\u0103 procentul de rom\u00e2ni din Serbia este acela\u015fi cu al maghiarilor din Rom\u00e2nia, dar nu au nici \u015fcoli, nici biserici, nici jurnale, nici teatre, iar de Universit\u0103\u0163i nici nu mai vorbim, c\u0103 nu au nici m\u0103car gr\u0103dini\u0163e \u00een limba matern\u0103 \u015fi nu am auzit niciun politician maghiar care s\u0103 se sesizeze !?<\/span><\/em><br \/>\n<em><span style=\"color: #000080;\">2. Prolifereaz\u0103 MANIFEST\u0102RILE ANTI-ROM\u00c2NE\u015eTI, \u00een Ungaria, dar chiar \u015fi \u00een inima Rom\u00e2niei. Am semnalat grupul fb \u201eTRANSILVANIA STAT INDEPENDENT\u201d sponsorizat de un pop\u0103 catolic, mul\u0163i etnici maghiari \u015fi c\u00e2\u0163iva dobitoci rom\u00e2ni(cu dubiul de rigoare c\u0103 ar fi rom\u00e2ni)&#8230; v\u0103 este clar cine e \u00een spatele acestui grup ???<\/span><\/em><br \/>\n<em><span style=\"color: #000080;\">3. Este negat\u0103 \u00een manualele \u015fcolare maghiare CONTINUITATEA POPORULUI ROM\u00c2N.<\/span><\/em><\/p>\n<p><span style=\"color: #000080;\"><strong>Asta \u00een vreme ce Rom\u00e2nia este un MODEL (a\u015fa cum doreau semnatarii) \u00een ceea ce prive\u015fte DREPTURILE MINORIT\u0102\u0162ILOR.<\/strong><\/span><br \/>\nPersonal nu am nimic \u00eempotriv\u0103 s\u0103 se \u00eenfiin\u0163eze Universitatea Maghiar\u0103, de\u015fi ar fi o form\u0103 de ghetizare, care ar \u00eempiedica absolven\u0163ii acesteia s\u0103 slujeasc\u0103 pe tot teritoriul na\u0163ional. Mi se pare mult mai indicat, ca statul maghiar s\u0103 instruiasc\u0103 proprii etnici din Rom\u00e2nia, \u00een universit\u0103\u0163i din Ungaria, a\u015fa cum face Rom\u00e2nia cu rom\u00e2nii din jur&#8230; dac\u0103 vor s\u0103-\u015fi p\u0103streze identitatea na\u0163ional\u0103 \u015fi&#8230; dac\u0103 pot !?<\/p>\n<p><span style=\"color: #000080;\"><strong>Este evident c\u0103 cei ce nu respect\u0103 prevederile Declara\u0163iei, nu sunt rom\u00e2nii !!!<\/strong><\/span><\/p>\n<p>\u015ei pe urm\u0103, to\u0163i acei rom\u00e2ni, nu sunt \u00eentotdeauna rom\u00e2ni, unii sunt fraieri, al\u0163ii nici nu mai \u015ftiau s\u0103 citeasc\u0103 ce semneaz\u0103, al\u0163ii semnau c\u0103 a\u015fa li se cerea, etc. Cert este c\u0103 \u015fi-au ales r\u0103u \u201eloca\u0163ia\u201d, deoarece m\u0103rturiile lui Larry Watts arat\u0103 c\u0103 Ungaria, e ultimul loc \u00een care trebuie s\u0103 cau\u0163i INTERESUL ROM\u00c2NESC ! \u015ei asta o spune unul care vrea o NOU\u0102 POLITIC\u0102 REGIONAL\u0102 de pace \u015fi prietenie cu to\u0163i&#8230; numai s\u0103 vrea \u015fi ei !?<br \/>\nDespre ex-rege nici nu m\u0103 obosesc s\u0103 comentez, deoarece dac\u0103 are suporteri precum porumbacul, nu mai e nevoie s\u0103 revin, c\u0103 l-am f\u0103cut deja cu ou \u015fi o\u0163et ! O fi pentru c\u0103 mo\u015fnenii mei \u00eenc\u0103 se lupt\u0103 prin tribunale pentru p\u0103durile str\u0103mo\u015fe\u015fti, date spre pierzanie \u201erevolu\u0163ionarilor\u201d \u015fi altor hahalere, pe c\u00e2nd un rege care a l\u0103sat ru\u015filor 130.000 de o\u015fteni rom\u00e2ni pentru Siberia, a rec\u0103p\u0103tat ceea ce nu i se mai cuvenea, prin propria dorin\u0163\u0103 exprimat\u0103 \u015fi semnat\u0103 !<\/p>\n<p>Apropos de Securitate, nu cred c\u0103 trebuie f\u0103cut din toat\u0103 iarba un smoc, deoarece politica extern\u0103 a Rom\u00e2niei comuniste, a fost EXEMPLAR\u0102, fa\u0163\u0103 de ceea ce se produce azi ! Dac\u0103 ar fi dup\u0103 unii \u201eanti\u201d, ar trebui s\u0103-i omor\u00e2m pe to\u0163i, c\u0103 tot st\u0103teau \u00een aceea\u015fi oal\u0103 !&#8230; nu domnilor, mai erau \u015fi oameni utili, care au fost \u00eenl\u0103tura\u0163i, cu un scop precis, a\u015fa cum arat\u0103 \u015fi lucr\u0103torul din Securitate amintit mai sus !<br \/>\nDac\u0103 cineva crede c\u0103 f\u0103r\u0103 servicii secrete Rom\u00e2nia are un viitor mai bun, ori e dobitoc, ori e \u201ecoad\u0103 de topor\u201d ! Eu sunt convins c\u0103 \u015fi acum, ca \u015fi atunci, \u00een cadrul serviciilor, sunt oameni care \u201eproiecteaz\u0103\u201d&#8230; s\u0103 sper\u0103m c\u0103 nu vor mai avea v\u00e2nt \u00een pup\u0103, cei ce proiecteaz\u0103 pe placul altora, c\u0103 azi Rom\u00e2nia a devenit \u201eloc de promenad\u0103\u201d pentru toate serviciile secrete ale lumii \u015fi asta deoarece \u201ea\u015fa vrea Sistemul\u201d !&#8230; \u015fi bine\u00een\u0163eles c\u0103 numai dobitocii \u015fi cozile de topor pot crede c\u0103 ne vor binele !!! Mi\u015fcarea Dacia are chestia asta foarte clar\u0103, ca \u015fi situa\u0163ia minorit\u0103\u0163ilor \u015fi are solu\u0163ii pe m\u0103sur\u0103 : AUTONOMII LOCALE, STAT PUTERNIC \u015fi tot restul Principiilor \u015fi Obiectivelor !<\/p>\n<p><span style=\"color: #000080;\"><strong>SISTEMUL e pe moarte \u015fi o dat\u0103 cu el, tot ce \u00eel caracterizeaz\u0103 !!!<\/strong><\/span><br \/>\n<span style=\"color: #000080;\"><em>Aceast\u0103 CRIZ\u0102 poate fi \u015fansa Rom\u00e2niei !<\/em><\/span><br \/>\n<span style=\"color: #000080;\"><em>Aten\u0163ie domnilor, c\u0103 de data asta nu vor mai fi \u201eprizonieri\u201d !<\/em><\/span><\/p>\n","protected":false},"excerpt":{"rendered":"<p>Am urm\u0103rit cu interes o dezbatere la http:\/\/www.facebook.com\/groups\/367470513272109\/permalink\/502646219754537\/ apropos de DECLARA\u0162IA DE LA BUDAPESTA \u015fi despre prezen\u0163a printre semnatari, inclusiv a unor nume sonore din Diaspora acelor vremuri, \u00een frunte cu ex-regele Mihai. Totul a pornit de la prezentarea unui material pe aceast\u0103 tem\u0103, de c\u0103tre un fost lucr\u0103tor din Securitate : https:\/\/www.facebook.com\/notes\/teodor-b\u0103lan\/declara\u021bia-de-la-budapesta-un-document-antirom\u00e2nesc-semnat-\u015fi-de-ex-regele-mihai\/410210305667242 Iat\u0103 textul [&hellip;]<\/p>\n","protected":false},"author":2,"featured_media":0,"comment_status":"open","ping_status":"open","sticky":false,"template":"","format":"standard","meta":{"footnotes":""},"categories":[73],"tags":[1032,210,390,295,462],"jetpack_featured_media_url":"","_links":{"self":[{"href":"https:\/\/bassdu.mine.bz\/index.php?rest_route=\/wp\/v2\/posts\/2477"}],"collection":[{"href":"https:\/\/bassdu.mine.bz\/index.php?rest_route=\/wp\/v2\/posts"}],"about":[{"href":"https:\/\/bassdu.mine.bz\/index.php?rest_route=\/wp\/v2\/types\/post"}],"author":[{"embeddable":true,"href":"https:\/\/bassdu.mine.bz\/index.php?rest_route=\/wp\/v2\/users\/2"}],"replies":[{"embeddable":true,"href":"https:\/\/bassdu.mine.bz\/index.php?rest_route=%2Fwp%2Fv2%2Fcomments&post=2477"}],"version-history":[{"count":1,"href":"https:\/\/bassdu.mine.bz\/index.php?rest_route=\/wp\/v2\/posts\/2477\/revisions"}],"predecessor-version":[{"id":2478,"href":"https:\/\/bassdu.mine.bz\/index.php?rest_route=\/wp\/v2\/posts\/2477\/revisions\/2478"}],"wp:attachment":[{"href":"https:\/\/bassdu.mine.bz\/index.php?rest_route=%2Fwp%2Fv2%2Fmedia&parent=2477"}],"wp:term":[{"taxonomy":"category","embeddable":true,"href":"https:\/\/bassdu.mine.bz\/index.php?rest_route=%2Fwp%2Fv2%2Fcategories&post=2477"},{"taxonomy":"post_tag","embeddable":true,"href":"https:\/\/bassdu.mine.bz\/index.php?rest_route=%2Fwp%2Fv2%2Ftags&post=2477"}],"curies":[{"name":"wp","href":"https:\/\/api.w.org\/{rel}","templated":true}]}}