{"id":2538,"date":"2012-12-09T15:09:00","date_gmt":"2012-12-09T14:09:00","guid":{"rendered":"http:\/\/bassdu.mine.nu\/?p=2538"},"modified":"2014-02-25T00:58:43","modified_gmt":"2014-02-24T23:58:43","slug":"alegeri-parlamentare-09-12-2012","status":"publish","type":"post","link":"https:\/\/bassdu.mine.bz\/?p=2538","title":{"rendered":"Alegeri Parlamentare 09.12.2012"},"content":{"rendered":"<p>Cu o zi \u00eenainte de Alegeri, iat\u0103 cum era vremea la Rimini :<\/p>\n<div id=\"attachment_2539\" style=\"width: 310px\" class=\"wp-caption aligncenter\"><a href=\"http:\/\/bassdu.mine.nu\/images\/2012\/12\/SNC01066.jpg\"><img loading=\"lazy\" decoding=\"async\" aria-describedby=\"caption-attachment-2539\" class=\"size-medium wp-image-2539\" title=\"SNC01066\" alt=\"\" src=\"http:\/\/bassdu.mine.nu\/images\/2012\/12\/SNC01066-300x225.jpg\" width=\"300\" height=\"225\" srcset=\"https:\/\/bassdu.mine.bz\/images\/2012\/12\/SNC01066-300x225.jpg 300w, https:\/\/bassdu.mine.bz\/images\/2012\/12\/SNC01066-1024x768.jpg 1024w\" sizes=\"(max-width: 300px) 100vw, 300px\" \/><\/a><p id=\"caption-attachment-2539\" class=\"wp-caption-text\">08.12.2012<\/p><\/div>\n<p>Dac\u0103 ar fi \u0163inut-o tot a\u015fa, \u201ecol cavolo\u201d c\u0103 ajungeam cu familionul la Bologna !?<br \/>\nDe\u015fi\u00a0 \u00een toat\u0103 regiunea Emilia-Romagna sunt peste 200.000 de rom\u00e2ni (numai \u00een provincia Rimini sunt peste 8.000 !!!), USL-ul a avut grij\u0103 s\u0103 fac\u0103 doar dou\u0103 sec\u0163ii de votare, la Parma \u015fi Bologna !?!? &#8230; de ce oare le era fric\u0103 ???<br \/>\nEu personal am cheltuit peste 50 de euroi, ca s\u0103 pot s\u0103-mi exercit DREPTUL DE VOT !?!?&#8230; asta \u00een timp ce al\u0163ii, sunt pl\u0103ti\u0163i pentru a\u015fa ceva , ba cu o pung\u0103 cu zah\u0103r, ba cu un kil de ulei, ba cu un tricou, etc., de c\u0103tre unii care se propun s\u0103 road\u0103 un os pe spinarea lor !?!?<br \/>\nAce\u015fti \u201eroz\u0103tori de oase\u201d, nu preget\u0103 s\u0103 le explice ghiolbanilor \u015fi maneli\u015ftilor, c\u0103 Diaspora nu are drept de vot ca tot rum\u00e2nu, c\u0103 nu m\u0103n\u00e2nc\u0103 salam de soia cu ei !?&#8230; \u015fi fraierii \u00eei cred !?&#8230; ia s\u0103 vede\u0163i ce de voturi vor avea VINOVA\u0162II DE CATASTROFA ROM\u00c2NIEI !?<br \/>\nEu personal, am cerut Comisiei (textual) s\u0103 \u00eemmoaie bine cu tu\u015f \u015ftampila, deoarece nu vreau s\u0103 sup\u0103r pe nimeni, mai ales c\u0103 nu-i cunosc \u015fi mai ales, deoarece NU-I RECUNOSC !!!&#8230; unii r\u00e2deau m\u00e2nze\u015fte, iar al\u0163ii \u201epe bune\u201d !<br \/>\nCa urmare, AM VOTAT NUL \u00eempreun\u0103 cu toat\u0103 familia mea, f\u0103c\u00e2nd s\u0103 se cutremure cabina de vot!<\/p>\n<div id=\"attachment_2540\" style=\"width: 310px\" class=\"wp-caption aligncenter\"><a href=\"http:\/\/bassdu.mine.nu\/images\/2012\/12\/SNC01070.jpg\"><img loading=\"lazy\" decoding=\"async\" aria-describedby=\"caption-attachment-2540\" class=\"size-medium wp-image-2540\" title=\"SNC01070\" alt=\"\" src=\"http:\/\/bassdu.mine.nu\/images\/2012\/12\/SNC01070-300x225.jpg\" width=\"300\" height=\"225\" srcset=\"https:\/\/bassdu.mine.bz\/images\/2012\/12\/SNC01070-300x225.jpg 300w, https:\/\/bassdu.mine.bz\/images\/2012\/12\/SNC01070-1024x768.jpg 1024w\" sizes=\"(max-width: 300px) 100vw, 300px\" \/><\/a><p id=\"caption-attachment-2540\" class=\"wp-caption-text\">Sec\u0163ia de votare de la Consulatul rom\u00e2n din Bologna<\/p><\/div>\n<p><a href=\"http:\/\/bassdu.mine.nu\/images\/2012\/12\/SNC01069.jpg\"><img loading=\"lazy\" decoding=\"async\" class=\"aligncenter size-medium wp-image-2541\" title=\"SNC01069\" alt=\"\" src=\"http:\/\/bassdu.mine.nu\/images\/2012\/12\/SNC01069-300x225.jpg\" width=\"300\" height=\"225\" srcset=\"https:\/\/bassdu.mine.bz\/images\/2012\/12\/SNC01069-300x225.jpg 300w, https:\/\/bassdu.mine.bz\/images\/2012\/12\/SNC01069-1024x768.jpg 1024w\" sizes=\"(max-width: 300px) 100vw, 300px\" \/><\/a><\/p>\n<p>VOTUL NUL este singura manifestare ANTI-SISTEM, din motivele pe care le-am explicat deja.<br \/>\nAu fost unii, care m-au acuzat c\u0103 \u201eavantajez\u201d UDMR !?<br \/>\nAu fost al\u0163ii, care au promovat BOICOTUL !?<br \/>\nTuturor acestora le punctualizez :<\/p>\n<p>1. Dac\u0103 tot rum\u00e2nu nemul\u0163umit de guvernarea ultimilor 23 de ani, ar fi votat NUL, ar fi demonstrat c\u0103 exist\u0103 o FOR\u0162\u0102 POLITIC\u0102 ALTERNATIV\u0102 celor responsabile de actuala stare jalnic\u0103 !<\/p>\n<p>2. Dac\u0103 prezen\u0163a la vor ar fi fost masiv\u0103, UDMR ar fi intrat sub limita de 5 % din VOTURILE TOTALE EXPRIMATE \u015fi ar fi trimis \u00een Parlament, STRICT candida\u0163ii care ar fi ob\u0163inut peste 50% din voturi, ceea ce ar fi reprezentat corect ponderea acestei minorit\u0103\u0163i \u00een Parlament, deci \u00een actul guvern\u0103rii !<\/p>\n<p>S\u0103 fie foarte clar, c\u0103 eu nu doresc eliminarea reprezentan\u0163ilor minorit\u0103\u0163ilor din Parlament, ci doar vreau ca aceast\u0103 reprezentare s\u0103 reflecte ponderea real\u0103 \u015fi s\u0103 nu constituie o \u201efor\u0163\u0103 decisiv\u0103 de guvernare\u201d.<br \/>\nDac\u0103 nu s-ar fi pledat pentru BOICOT, ci pentru VOTUL NUL, participarea ar fi fost mai numeroas\u0103 \u015fi altele ar fi fost rezultatele ! Uita\u0163i-v\u0103 c\u00e2\u0163i reprezentan\u0163i au rom\u00e2nii din Serbia \u00een Parlamentul S\u00e2rbesc de\u015fi \u00een procente, ace\u015ftia sunt la egalitate cu maghiarii din Rom\u00e2nia !!!<br \/>\nC\u00e2nd Mi\u015fcarea Dacia vorbe\u015fte despre o NOU\u0102 POLITIC\u0102 REGIONAL\u0102, are \u00een vedere \u015fi o POLITIC\u0102 COMUN\u0102 A \u0162\u0102RILOR DIN CENTRUL EUROPEI, \u00ceN MATERIE DE MINORIT\u0102\u0162I !!!<br \/>\nEste evident, c\u0103 rom\u00e2nii din afara Rom\u00e2niei nu au acelea\u015fi DREPTURI pe care le au minoritarii de la noi, drept care, \u00een cadrul acestei NOI POLITICI REGIONALE, trebuie g\u0103site CRITERII EGALE aplicabile TUTUROR \u0162\u0102RILOR, DE COMUN ACORD !<br \/>\nNiciodat\u0103 nu am sesizat vreun ajutor din partea comunit\u0103\u0163ii maghiare, \u00een chestiunea drepturilor rom\u00e2nilor din afara Rom\u00e2niei, deoarece<br \/>\nTimocenii nu au \u00een limba matern\u0103 nici \u015fcoli, nici biserici, nici teatre, nici televiziuni, etc. !?!?<br \/>\nBa am sesizat \u201etendin\u0163e centrifuge\u201d ale acesteia !?!?\u2026 vezi :<\/p>\n<p>http:\/\/bassdu.mine.nu\/?p=2415 (Transilvania Stat Independent)<br \/>\n\u015fi<br \/>\nhttp:\/\/bassdu.mine.nu\/?p=2477 (Declara\u0163ia de la Budapesta)<\/p>\n<p>Mi\u015fcarea Dacia are SOLU\u0162II pentru problemele minorit\u0103\u0163ilor, diferite de toate for\u0163ele a\u015fa-zis na\u0163ionaliste, care mai mult r\u0103u fac, dec\u00e2t bine pentru rom\u00e2nime !!!<\/p>\n<p>\u00cenchei declar\u00e2nd MOARTE DPDV POLITIC toate forma\u0163iunile a\u015fa-zise ANTI-SISTEM, care NU AU PRICEPUT , au promovat BOICOTUL, sau au fost din principiu COZI DE TOPOR ALE SISTEMULUI POLITICO-SOCIO-ECONOMIC \u2026 M A F I O T !!!<\/p>\n<p>Unde e PP-LC cu invita\u0163ia sa la BOICOT ? Unde e Dreapta extrem\u0103 ?&#8230; jocul cui l-au f\u0103cut ? &#8230; sunte\u0163i cu pluta domnilor !<\/p>\n<p>S-a demonstrat \u00eenc\u0103 o dat\u0103, c\u0103 MI\u015eCAREA DACIA nu are cu cine colabora, fiind singura mi\u015fcare, a\u015fa \u201es\u0103rac\u0103 numerice\u015fte\u201d cum e, capabil\u0103 s\u0103 aib\u0103 Principii clare, Obiective corespunz\u0103toare acestora, ba chiar \u015fi IDEI TACTICE \u015eI STRATEGICE, pe care al\u0163ii nu sunt capabili s\u0103 le aib\u0103 !<br \/>\nNoi suntem OBSCURA\u0162I SISTEMATIC de SISTEM, dar c\u00e2nd vom \u201eie\u015fi la Lumin\u0103\u201d, \u00eei vom da LOVITURA DE GRA\u0162IE !\u2026 o vom face f\u0103r\u0103 VIOLEN\u0162\u0102, \u00eentr-un SPIRIT REG\u0102SIT DE UNITATE NA\u0162IONAL\u0102, f\u0103r\u0103 R\u0102ZBUN\u0102RI \u015fi f\u0103r\u0103 PROCESE SUMARE !<br \/>\nBine\u00een\u0163eles c\u0103 MODUL DE VIA\u0162\u0102 va fi REVOLU\u0162IONAT, prin implementarea unei NOI PARADIGME SOCIO-ECONOMICE, \u015fi asta va comporta ANI BUNI DE IMPLEMENTARE, dar efectele vor fi binef\u0103c\u0103toare pentru Na\u0163ie !<\/p>\n","protected":false},"excerpt":{"rendered":"<p>Cu o zi \u00eenainte de Alegeri, iat\u0103 cum era vremea la Rimini : Dac\u0103 ar fi \u0163inut-o tot a\u015fa, \u201ecol cavolo\u201d c\u0103 ajungeam cu familionul la Bologna !? De\u015fi\u00a0 \u00een toat\u0103 regiunea Emilia-Romagna sunt peste 200.000 de rom\u00e2ni (numai \u00een provincia Rimini sunt peste 8.000 !!!), USL-ul a avut grij\u0103 s\u0103 fac\u0103 doar dou\u0103 sec\u0163ii [&hellip;]<\/p>\n","protected":false},"author":2,"featured_media":0,"comment_status":"open","ping_status":"open","sticky":false,"template":"","format":"standard","meta":{"footnotes":""},"categories":[73],"tags":[1059,1029,1060,210,390,70,295,116,115,1057],"jetpack_featured_media_url":"","_links":{"self":[{"href":"https:\/\/bassdu.mine.bz\/index.php?rest_route=\/wp\/v2\/posts\/2538"}],"collection":[{"href":"https:\/\/bassdu.mine.bz\/index.php?rest_route=\/wp\/v2\/posts"}],"about":[{"href":"https:\/\/bassdu.mine.bz\/index.php?rest_route=\/wp\/v2\/types\/post"}],"author":[{"embeddable":true,"href":"https:\/\/bassdu.mine.bz\/index.php?rest_route=\/wp\/v2\/users\/2"}],"replies":[{"embeddable":true,"href":"https:\/\/bassdu.mine.bz\/index.php?rest_route=%2Fwp%2Fv2%2Fcomments&post=2538"}],"version-history":[{"count":8,"href":"https:\/\/bassdu.mine.bz\/index.php?rest_route=\/wp\/v2\/posts\/2538\/revisions"}],"predecessor-version":[{"id":3488,"href":"https:\/\/bassdu.mine.bz\/index.php?rest_route=\/wp\/v2\/posts\/2538\/revisions\/3488"}],"wp:attachment":[{"href":"https:\/\/bassdu.mine.bz\/index.php?rest_route=%2Fwp%2Fv2%2Fmedia&parent=2538"}],"wp:term":[{"taxonomy":"category","embeddable":true,"href":"https:\/\/bassdu.mine.bz\/index.php?rest_route=%2Fwp%2Fv2%2Fcategories&post=2538"},{"taxonomy":"post_tag","embeddable":true,"href":"https:\/\/bassdu.mine.bz\/index.php?rest_route=%2Fwp%2Fv2%2Ftags&post=2538"}],"curies":[{"name":"wp","href":"https:\/\/api.w.org\/{rel}","templated":true}]}}