{"id":2578,"date":"2012-12-21T09:48:55","date_gmt":"2012-12-21T08:48:55","guid":{"rendered":"http:\/\/bassdu.mine.nu\/?p=2578"},"modified":"2013-01-01T13:02:27","modified_gmt":"2013-01-01T12:02:27","slug":"addenda-la-%e2%80%9esfarsitul-lumii","status":"publish","type":"post","link":"https:\/\/bassdu.mine.bz\/?p=2578","title":{"rendered":"Addenda la Baba Vanga \u015fi \u201eSf\u00e2r\u015fitul Lumii\u201d"},"content":{"rendered":"<p>Am r\u0103mas surprins, c\u00e2nd un aderent cu importante capacit\u0103\u0163i scriitorice\u015fti, m-a declarat \u201eafar\u0103 din norme\u201d, odat\u0103 cu publicarea mesajului \u201eBaba Vanga \u015fi&#8230; Mi\u015fcarea Dacia\u201d.<br \/>\nEste adev\u0103rat c\u0103 a fi un bun scriitor, nu \u00eenseamn\u0103 a fi \u015fi un bun politician, dar asta constituie cel pu\u0163in o bun\u0103 premis\u0103 pentru a deveni !?<br \/>\nAvusesem ocazia s\u0103-i remarc \u201econfuzia ideologic\u0103\u201d, citindu-i propunerile de statut ale \u201ePartidului Rom\u00e2nilor de Pretutindeni\u201d, pe care-l imagina, dar care avea ca aderen\u0163i numai pe el \u015fi probabil cineva din familie. Am considerat totu\u015fi c\u0103 merit\u0103 aten\u0163ie, sper\u00e2nd c\u0103 e un \u201eteren fertil\u201d pentru noi.<br \/>\nCert este c\u0103 nu s-a str\u0103duit s\u0103 citeasc\u0103 nimic pe la mi\u015fcare, pentru c\u0103 altfel ar fi priceput, ca orice om inteligent, c\u0103 se trata de o PROVOCARE !&#8230; c\u0103 al\u0163ii ar fi tratat subiectul ca MISTIC, cu at\u00e2t mai bine, fiind scontat c\u0103 cine nu e capabil s\u0103 fac\u0103 diferen\u0163a, cel pu\u0163in, poate fi \u201edisciplinat\u201d, sau &#8230; \u201emanipulat\u201d !<br \/>\nDa doamnelor \u015fi domnilor, \u015fi noi vrem s\u0103 MANIPUL\u0102M acolo unde nu se poate altfel, c\u0103 doar nu suntem mai pro\u015fti ca VANGHELIE, PORUMBACUL, MARINERU, ILIEVICI, sau PLAGIATORII, pentru c\u0103 altfel cum s\u0103 \u201eexplici maselor\u201d c\u0103 \u00een vreme ce SISTEMUL vrea una, Mi\u015fcarea Dacia vrea alta ???<br \/>\nSistemul vrea CRE\u015eTERE, noi NU !<br \/>\nSistemul vrea AUTOSTR\u0102ZI, noi NU !<br \/>\nSistemul vrea MAI MULT\u0102 MUNC\u0102, noi MAI PU\u0162IN\u0102 !<br \/>\nSistemul vrea INVESTI\u0162II EXTERNE, noi NU !<br \/>\nSistemul vrea s\u0103 facem DATORII, noi NU !<br \/>\nSistemul vrea mai multe AUTOMOBILE, noi NU !<br \/>\nSistemul vrea DEZBINARE\/PARTIDISM\/IDEOLOGII, noi NU, fiind singurii care propunem o MARE UNITATE NA\u0162IONAL\u0102 !<br \/>\nSistemul vrea ONG-uri, noi NU !<br \/>\nSistemul vorbe\u015fte \u201ef\u0103r\u0103 sens\u201d de DEMOCRA\u0162IE, iar noi NU !<br \/>\nSistemul vorbe\u015fte \u201ef\u0103r\u0103 sens\u201d de LIBERTATE, noi NU !<br \/>\nSistemul vrea PRIVATIZ\u0102RI, noi NU !<br \/>\nSistemul vrea IMPORT, noi NU !<br \/>\nSistemul vrea EDUCA\u0162IE \u015eI S\u0102N\u0102TATE PRIVAT\u0102, iar noi NU !<br \/>\nSistemul vrea COMPETI\u0162IE, noi NU !<br \/>\nSistemul vrea FUTILIT\u0102\u0162I, noi NU !<br \/>\nSistemul vrea GLOBALIZARE, iar noi NU !<\/p>\n<p>\u015ei a\u015f putea s\u0103 continui, dar v\u0103 las pe voi s\u0103 \u201etermina\u0163i\u201d !<br \/>\nDesigur c\u0103 era mai de\u015fteapt\u0103 Baba Vanga, dec\u00e2t marea majoritate o omenirii, deoarece pricepuse c\u0103 a venit vremea ca LUMEA S\u0102 SE ODIHNEASC\u0102, deoarece a luat-o razna !!!<\/p>\n","protected":false},"excerpt":{"rendered":"<p>Am r\u0103mas surprins, c\u00e2nd un aderent cu importante capacit\u0103\u0163i scriitorice\u015fti, m-a declarat \u201eafar\u0103 din norme\u201d, odat\u0103 cu publicarea mesajului \u201eBaba Vanga \u015fi&#8230; Mi\u015fcarea Dacia\u201d. Este adev\u0103rat c\u0103 a fi un bun scriitor, nu \u00eenseamn\u0103 a fi \u015fi un bun politician, dar asta constituie cel pu\u0163in o bun\u0103 premis\u0103 pentru a deveni !? Avusesem ocazia s\u0103-i [&hellip;]<\/p>\n","protected":false},"author":2,"featured_media":0,"comment_status":"open","ping_status":"open","sticky":false,"template":"","format":"standard","meta":{"footnotes":""},"categories":[73],"tags":[152,210],"jetpack_featured_media_url":"","_links":{"self":[{"href":"https:\/\/bassdu.mine.bz\/index.php?rest_route=\/wp\/v2\/posts\/2578"}],"collection":[{"href":"https:\/\/bassdu.mine.bz\/index.php?rest_route=\/wp\/v2\/posts"}],"about":[{"href":"https:\/\/bassdu.mine.bz\/index.php?rest_route=\/wp\/v2\/types\/post"}],"author":[{"embeddable":true,"href":"https:\/\/bassdu.mine.bz\/index.php?rest_route=\/wp\/v2\/users\/2"}],"replies":[{"embeddable":true,"href":"https:\/\/bassdu.mine.bz\/index.php?rest_route=%2Fwp%2Fv2%2Fcomments&post=2578"}],"version-history":[{"count":2,"href":"https:\/\/bassdu.mine.bz\/index.php?rest_route=\/wp\/v2\/posts\/2578\/revisions"}],"predecessor-version":[{"id":2642,"href":"https:\/\/bassdu.mine.bz\/index.php?rest_route=\/wp\/v2\/posts\/2578\/revisions\/2642"}],"wp:attachment":[{"href":"https:\/\/bassdu.mine.bz\/index.php?rest_route=%2Fwp%2Fv2%2Fmedia&parent=2578"}],"wp:term":[{"taxonomy":"category","embeddable":true,"href":"https:\/\/bassdu.mine.bz\/index.php?rest_route=%2Fwp%2Fv2%2Fcategories&post=2578"},{"taxonomy":"post_tag","embeddable":true,"href":"https:\/\/bassdu.mine.bz\/index.php?rest_route=%2Fwp%2Fv2%2Ftags&post=2578"}],"curies":[{"name":"wp","href":"https:\/\/api.w.org\/{rel}","templated":true}]}}