{"id":2693,"date":"2013-02-09T22:52:59","date_gmt":"2013-02-09T21:52:59","guid":{"rendered":"http:\/\/bassdu.mine.nu\/?p=2693"},"modified":"2013-02-10T13:02:41","modified_gmt":"2013-02-10T12:02:41","slug":"%e2%80%9emiscarea-dacia-si-problema-minoritatilor-nationale","status":"publish","type":"post","link":"https:\/\/bassdu.mine.bz\/?p=2693","title":{"rendered":"\u201eMI\u015eCAREA DACIA\u201d \u015fi PROBLEMA MINORIT\u0102\u0162ILOR NA\u0162IONALE"},"content":{"rendered":"<p>O s\u0103 \u00eencerc s\u0103 tratez aceast\u0103 chestiune prin prisma <strong>Principiilor \u015fi Obiectivelor Mi\u015fc\u0103rii Dacia<\/strong>, ca urmare a \u201evalurilor de indignare\u201d produse de <strong>arborarea steagului secuiesc \u00een localit\u0103\u0163i cu popula\u0163ie majoritar\u0103 secuiasc\u0103\/maghiar\u0103<\/strong> (<em>c\u0103 nu e acela\u015fi lucru &#8211; o s-o spun \u015fi o s-o repet, p\u00e2n\u0103 o s\u0103 explic DE CE !?)<\/em>.<br \/>\nUn exemplu de CUM NU TREBUIE abordat\u0103 aceast\u0103 chestiune, \u00eel avem \u00een aceast\u0103 \u201edezbatere antenist\u0103\u201d :<br \/>\n<span style=\"color: #000080;\">http:\/\/www.antena3.ro\/inregistrari\/sinteza-zilei-cu-mihai-gadea-45-29-01-2013.html<\/span><br \/>\nNu o s\u0103 detaliez prostia tuturor participan\u0163ilor la \u201eshow\u201d, ci o s\u0103 punctez asupra unor chestiuni esen\u0163iale, nepropuse \u00een dezbatere.<\/p>\n<p><span style=\"color: #800000;\"><strong>A reie\u015fit clar inten\u0163ia reprezentan\u0163ilor minoritari de a urm\u0103ri \u00een viitor &#8230; AUTONOMIA TERITORIAL\u0102.<\/strong><\/span><br \/>\nBine\u00een\u0163eles c\u0103 aceast\u0103 autonomie, ar \u00eensemna un teritoriu secuiesc sau maghiar (c\u0103 nu e acela\u015fi lucru) \u00een inima Rom\u00e2niei, fapt de neg\u00e2ndit \u00een condi\u0163iile \u00een care a\u015fa ceva a fost deja impus \u00een trecut prin <strong>Dictatul de la Viena<\/strong> \u015fi a avut deja <strong>JUDECATA ISTORIEI !<\/strong>&#8230; dac\u0103 cineva este nostalgic dup\u0103 acele vremuri, \u00eenseamn\u0103 c\u0103 nu cunoa\u015fte aceast\u0103 Istorie, sau c\u0103 o cunoa\u015fte \u015fi totu\u015fi o ignor\u0103 ! A\u015fa cum sunt condamnate de Istorie, dar \u015fi de LEGILE STATULUI, <strong>negarea holocaustul evreilor \u015fi propagarea ideilor fasciste \u015fi hitleriste<\/strong>, tot a\u015fa trebuiesc condamnate \u015fi <strong>tendin\u0163ele secesioniste \u015fi antirom\u00e2ne\u015fti<\/strong> !!!<br \/>\nPur \u015fi simplu, trebuie aplicat CADRUL LEGAL, iar dac\u0103 acesta este incomplet, trebuie&#8230; completat, iar oamenii care vor s\u0103 tr\u0103iasc\u0103 \u00een alt\u0103 \u0163ar\u0103 dec\u00e2t Rom\u00e2nia, s\u0103 fie \u201eajuta\u0163i\u201d s\u0103-\u015fi g\u0103seasc\u0103 fericirea \u00een alte p\u0103r\u0163i ! \u00cen acet sens, se poate recurge la modalit\u0103\u0163i cunoscute, cum ar fi &#8230; <strong>EXILUL<\/strong>.<br \/>\nPreten\u0163ia de autonomie teritorial\u0103, este imposibil de acceptat din punctul nostru de vedere, deoarece popula\u0163ia secuiasc\u0103 \u015fi maghiar\u0103, este venit\u0103 \u00eentr-un teritoriu care nu era matca lor proprie, ci a acelora c\u0103rora azi le neag\u0103 <strong>SUVERANITATEA TERITORIAL\u0102 !<\/strong><br \/>\nDe voie, sau de nevoie, aceste popula\u0163ii au venit \u00een Transilvania \u015fi au deposedat autohtonii de p\u0103m\u00e2nturile str\u0103mo\u015fe\u015fti, dar de-a lungul a peste 1000 de ani nu au reu\u015fit s\u0103 devin\u0103 majoritari, cu toate eforturile de <strong>DEZNA\u0162IONALIZARE FOR\u0162AT\u0102<\/strong> care continu\u0103 \u015fi azi, c\u00e2nd se cunosc EXEMPLE CONCRETE de sate de rom\u00e2ni, chiar ortodoc\u015fi, care vorbesc ungure\u015fte, pentru a se \u00een\u0163elege cu majoritarii din zon\u0103, \u0163in\u00e2nd cont c\u0103 ace\u015ftia nu au capacitatea, sau nu vor s\u0103 vorbeasc\u0103 rom\u00e2ne\u015fte. \u00a0Culmea este c\u0103 Tamas s-a pl\u00e2ns \u00een emisiune c\u0103 rom\u00e2nii ar dezna\u0163ionaliza secuii !?!?<strong>&#8230; dac\u0103 i s-ar fi cerut un exemplu, nu ar fi putut da, spre deosebire de noi !!!<\/strong><br \/>\nAceast\u0103 respingere a rom\u00e2nismului, se datoreaz\u0103 secolelor de domina\u0163ie maghiar\u0103 \u00een Transilvania, \u00een urma c\u0103rora RESURSELE TERITORIULUI au fost sustrase de\u0163in\u0103torilor de drept, asigur\u00e2nd invadatorilor puterea politico-militar\u0103, puterea lingvistic\u0103 \u015fi religioas\u0103 \u015fi o dezvoltare socio-economic\u0103 superioar\u0103, creindu-le acestora iluzia c\u0103 sunt un \u201epopor superior\u201d !? Aceast\u0103 \u201eiluzie\u201d a fost hr\u0103nit\u0103 de Occidentul catolic\/reformat, la care toate popoarele migratoare au g\u0103sit sprijin \u00eempotriva ortodoxiei autohtone (vezi pecenegii \u015fi cumanii). Acest fenomen se poate considera ca fiind efect al <strong>\u201econtradic\u0163iei istorice \u00eentre r\u0103m\u0103\u015fi\u0163ele vestice ale Imperiului Roman \u015fi Imperiul Bizantin\u201d, <\/strong>imperii care ne-au d\u0103unat deopotriv\u0103 nou\u0103 rom\u00e2nilor !<br \/>\n\u00cen conformitate cu preten\u0163ia secuilor\/maghiarilor, trebuie s\u0103 ne a\u015ftept\u0103m ca \u015fi minorit\u0103\u0163i venite ulterior, s\u0103 solicite autonomie teritorial\u0103 \u00een anumite zone !?&#8230; deci treaba devine serioas\u0103 \u015fi merit\u0103 o ATEN\u0162IE SPORIT\u0102, dac\u0103 nu vrem s\u0103 devenim TOLERA\u0162I \u00ceN CASA NOASTR\u0102 !!!<br \/>\n<span style=\"color: #000080;\"><strong>Tot ce am scris mai sus, este ISTORIE &#8230; \u015fi este ISTORIE ADEV\u0102RAT\u0102 !!!<\/strong><\/span><br \/>\n<strong>Din nefericire, aceast\u0103 ISTORIE nu se mai pred\u0103 azi, inclusiv minoritarilor, fiind o \u201emarf\u0103\u201d la \u00eendem\u00e2na oricui vrea \u201es\u0103 pun\u0103 de o \u015ecoal\u0103\u201d !?!?<\/strong><\/p>\n<p><span style=\"color: #003300;\"><strong>\u00ceNTREBAREA<\/strong> care nu i s-a pus reprezentantului secui, sau maghiar (c\u0103 nu-i acela\u015fi lucru, dup\u0103 cum spun ei, nu noi !?), este :<\/span><br \/>\n<span style=\"color: #003300;\"><strong> &#8211; CARE ESTE POZI\u0162IA DUMNEAVOASTR\u0102 ASUPRA CONTINUIT\u0102\u0162II POPORULUI ROM\u00c2N \u00ceN ACEST AREAL ?<\/strong><\/span><br \/>\n<span style=\"color: #003300;\">\u00a0&#8230; pentru c\u0103 dac\u0103 se neag\u0103 CONTINUITATEA, este \u201ede condamnat\u201d, deoarece<strong> Istoria Oficial\u0103 , Simbolurile \u015fi chiar \u015fi Imnul<\/strong>, l\u0103muresc aceast\u0103 chestiune, iar o p\u0103rere contrar\u0103 se define\u015fte ca fiind&#8230; <strong>ANTI-ROM\u00c2NEASC\u0102 !<\/strong>\u00a0<em>Dac\u0103 nu se define\u015fte astfel, e momentul ca s\u0103 se remedieze urrrgent cadrul legislativ !<\/em><\/span><\/p>\n<p><span style=\"color: #800000;\">O alt\u0103 \u00ceNTREBARE ce nu i s-a pus reprezentantului secuilor, este :<\/span><br \/>\n<span style=\"color: #800000;\"> &#8211; VOI SUNTE\u0162I SECUI, SAU MAGHIARI ?<\/span><br \/>\n<span style=\"color: #800000;\"> Nu prea se pricepe bine din Istorie !?&#8230; ba rezult\u0103 chiar, c\u0103 secuii NU au avut niciodat\u0103 AUTONOMIE TERITORIAL\u0102 nic\u0103ieri, nici sub unguri \u015fi nici sub austrieci !? &#8230; ba chiar au fost adeseori VICTIME ale celor sub al c\u0103ror steag se a\u015feaz\u0103 azi (vezi Ghiuri Doja \u015fi mul\u0163i al\u0163ii) !?<\/span><br \/>\n<span style=\"color: #800000;\"> P\u0103i dac\u0103 sunt SECUI, de ce voteaz\u0103 UDMR \u015fi nu-\u015fi fac UDSR-ul lor ?<\/span><br \/>\n<span style=\"color: #800000;\"> S\u0103 se hot\u0103rasc\u0103 dac\u0103 poart\u0103 steaguri secuie\u015fti, sau ungure\u015fti, c\u0103 NU E ACELA\u015eI LUCRU !&#8230; sunt dou\u0103 popoare diferite !<\/span><br \/>\n<span style=\"color: #800000;\"> &#8230; citi\u0163i aici \u201epe scurt\u201d despre secui :<\/span><br \/>\n<span style=\"color: #800000;\"> <a href=\"http:\/\/ro.wikipedia.org\/wiki\/Secui\">http:\/\/ro.wikipedia.org\/wiki\/Secui<\/a><\/span><\/p>\n<p><span style=\"color: #000080;\"><strong>O ALT\u0102 CHESTIUNE<\/strong> ce nu a fost ridicat\u0103 \u00een \u201eshow\u201d, este legat\u0103 de <strong>UNIVERSALITATEA principiilor AUTONOMIEI.<\/strong><\/span><br \/>\n<em><strong><span style=\"color: #000080;\"> Adic\u0103, NOI ROM\u00c2NII NU PUTEM ACORDA, CEEA CE ROM\u00c2NILOR NU LI SE ACORD\u0102 !!!<\/span><\/strong><\/em><br \/>\n<span style=\"color: #000080;\"> Iat\u0103 de ce,<strong> Mi\u015fcarea Dacia<\/strong> are \u00eentre <strong>OBIECTIVE<\/strong> , ceea ce numim <strong>O NOU\u0102 POLITIC\u0102 REGIONAL\u0102<\/strong>.<\/span><br \/>\n<span style=\"color: #000080;\">\u00a0Pe scurt, dac\u0103 \u00een Europa \u015fi \u00een special \u00een arealul carpato-balcanic-pontic, se GENERALIZEAZ\u0102 \u015eI SE ADMIT SOLICIT\u0102RILE DE AUTONOMIE TERITORIAL\u0102, noi nu ne opunem, mai ales c\u0103 \u201e\u0162inutul Secuiesc\u201d este o regiune lipsit\u0103 de resurse esen\u0163iale \u015fi nesemnificativ\u0103 economic, deci o povar\u0103 pentru restul Rom\u00e2niei !? Dac\u0103 secuii \u00ee\u015fi pun speran\u0163e \u00een ajutorul din \u201epatria mam\u0103\u201d, fac o mare gre\u015feal\u0103, Ungaria fiind de asemenea lipsit\u0103 de resurse esen\u0163iale, \u00eentr-o profund\u0103 criz\u0103 politic\u0103, economic\u0103 \u015fi social\u0103, ca s\u0103 nu mai spun, c\u0103 e la c\u00e2teva sute de km dep\u0103rtare.<\/span><br \/>\n<span style=\"color: #000080;\"> Pentru a l\u0103muri odat\u0103 pentru totdeauna chestiunea AUTONOMIILOR TERITORIALE, <span style=\"text-decoration: underline;\"><strong>maghiarii, secuii, ucrainienii, polonezii, bulgarii, grecii, s\u00e2rbii, croa\u0163ii, cehii, slovacii, etc.<\/strong><\/span> trebuie s\u0103 se reuneasc\u0103 \u015fi s\u0103 stabileasc\u0103 <strong>REGULI GENERAL VALABILE \u00ceN CHESTIUNEA MINORIT\u0102\u0162ILOR !!!<\/strong><\/span><br \/>\n<span style=\"color: #000080;\"> Am dubii serioase c\u0103 secuii \u015fi maghiarii vor g\u0103si \u00een aceast\u0103 zon\u0103 \u201e\u00een\u0163elegerea\u201d dorit\u0103, preten\u0163iile revan\u015farde ale Ungariei fiind stigmatizate deja \u00een toate \u0163\u0103rile rezultate \u00een urma<strong> Tratatului de la Trianon<\/strong> !!!<\/span><br \/>\n<em><span style=\"color: #000080;\"> Iat\u0103 de ce e important Obiectivul nostru referitor la o <strong>NOU\u0102 POLITIC\u0102 REGIONAL\u0102 !!!<\/strong><\/span><\/em><br \/>\n<span style=\"color: #000080;\"> Nu ni se poate cere nou\u0103 \u00een contextul actual, , ceea ce rom\u00e2nii din afara Rom\u00e2niei, nu au nici pe departe \u00een compara\u0163ie cu minorit\u0103\u0163ile noastre !&#8230; <strong>suntem buni, dar nu mai suntem pro\u015fti !!!<\/strong><br \/>\nRom\u00e2nii sunt \u00een <strong>Serbia<\/strong> \u00een aceea\u015fi propor\u0163ie ca maghiarii \u015fi secuii din Rom\u00e2nia, dar nu au niciun fel de drepturi , mai ales \u00een <strong>Timoc<\/strong>, ce s\u0103 mai vorbim de <strong>AUTONOMIE !?!?<\/strong>&#8230; imagina\u0163i-v\u0103 reac\u0163ia s\u00e2rbilor la o cerere de autonomie a Timocului !?!?<\/span><br \/>\n<span style=\"color: #000080;\"> \u00cen vreme ce rom\u00e2nii din Ungaria nu beneficiaz\u0103 nici m\u0103car de un ajutor ANUAL de 20.000 Euro pentru a-\u015fi publica jurnalul, nici de la guvernan\u0163ii rom\u00e2ni \u015fi nici de la cei maghiari, se trage urm\u0103toarea concluzie :<em><strong> CLASA POLITIC\u0102 DIN AMBELE \u0162\u0102RI este IRESPONSABIL\u0102, iar noi de la MD avem SOLU\u0162IA : DELEGITIMAREA !<\/strong><\/em>&#8230; degeaba vin pesedeii \u00een televiziune s\u0103-\u015fi scoat\u0103 ochii cu reprezentan\u0163ii maghiarilor \u015fi secuilor, deoarece sunt tot at\u00e2t de NOCIVI pentru interesele propriilor popoare ! To\u0163i cei prezen\u0163i \u00een emisiunea lui G\u00e2dea au f\u0103cut mai mult r\u0103u cauzei rom\u00e2nismului, ax\u00e2ndu-\u015fi pledoariile pe elemente neesen\u0163iale, ba chiar de prost gust, cum a fost cazul lui Mircea Badea !<\/span><\/p>\n<p><strong>\u201eMi\u015fcarea Dacia\u201d are \u00een vedere \u201eproblema minorit\u0103\u0163ilor\u201d, iar Principiile \u015fi Obiectivele sunt proba : noi dorim pace cu to\u0163i vecinii \u015fi cu\u00a0 minorit\u0103\u0163ile c\u0103rora le acord\u0103m drepturi egale alor noastre, dorim \u015ecoal\u0103 \u015fi S\u0103n\u0103tate GRATIS \u015fi de STAT, inclusiv \u00een limba minorit\u0103\u0163ilor, o nou\u0103 LEGE A FAMILIEI care s\u0103 responsabilizeze p\u0103rin\u0163ii, \u00een sensul de a-i face r\u0103spunz\u0103tori de educa\u0163ia \u015fi s\u0103n\u0103tatea corespunz\u0103toare a prolei, LARGI AUTONOMII LOCALE, o REGIONALIZARE nu pe criterii etnice, ci pe baza RESURSELOR \u015eI SPECIFICULUI ECONOMIC \u015fi multe alte Principii \u015fi Obiective, care ar elimina din discu\u0163ie CHESTIUNEA MINORIT\u0102\u0162ILOR !<\/strong><\/p>\n","protected":false},"excerpt":{"rendered":"<p>O s\u0103 \u00eencerc s\u0103 tratez aceast\u0103 chestiune prin prisma Principiilor \u015fi Obiectivelor Mi\u015fc\u0103rii Dacia, ca urmare a \u201evalurilor de indignare\u201d produse de arborarea steagului secuiesc \u00een localit\u0103\u0163i cu popula\u0163ie majoritar\u0103 secuiasc\u0103\/maghiar\u0103 (c\u0103 nu e acela\u015fi lucru &#8211; o s-o spun \u015fi o s-o repet, p\u00e2n\u0103 o s\u0103 explic DE CE !?). Un exemplu de CUM [&hellip;]<\/p>\n","protected":false},"author":2,"featured_media":0,"comment_status":"open","ping_status":"open","sticky":false,"template":"","format":"standard","meta":{"footnotes":""},"categories":[73],"tags":[1085,1058,878,1083,210,809,390,295,492,1084,1086],"jetpack_featured_media_url":"","_links":{"self":[{"href":"https:\/\/bassdu.mine.bz\/index.php?rest_route=\/wp\/v2\/posts\/2693"}],"collection":[{"href":"https:\/\/bassdu.mine.bz\/index.php?rest_route=\/wp\/v2\/posts"}],"about":[{"href":"https:\/\/bassdu.mine.bz\/index.php?rest_route=\/wp\/v2\/types\/post"}],"author":[{"embeddable":true,"href":"https:\/\/bassdu.mine.bz\/index.php?rest_route=\/wp\/v2\/users\/2"}],"replies":[{"embeddable":true,"href":"https:\/\/bassdu.mine.bz\/index.php?rest_route=%2Fwp%2Fv2%2Fcomments&post=2693"}],"version-history":[{"count":5,"href":"https:\/\/bassdu.mine.bz\/index.php?rest_route=\/wp\/v2\/posts\/2693\/revisions"}],"predecessor-version":[{"id":2698,"href":"https:\/\/bassdu.mine.bz\/index.php?rest_route=\/wp\/v2\/posts\/2693\/revisions\/2698"}],"wp:attachment":[{"href":"https:\/\/bassdu.mine.bz\/index.php?rest_route=%2Fwp%2Fv2%2Fmedia&parent=2693"}],"wp:term":[{"taxonomy":"category","embeddable":true,"href":"https:\/\/bassdu.mine.bz\/index.php?rest_route=%2Fwp%2Fv2%2Fcategories&post=2693"},{"taxonomy":"post_tag","embeddable":true,"href":"https:\/\/bassdu.mine.bz\/index.php?rest_route=%2Fwp%2Fv2%2Ftags&post=2693"}],"curies":[{"name":"wp","href":"https:\/\/api.w.org\/{rel}","templated":true}]}}