{"id":2716,"date":"2013-02-17T13:58:05","date_gmt":"2013-02-17T12:58:05","guid":{"rendered":"http:\/\/bassdu.mine.nu\/?p=2716"},"modified":"2013-03-13T00:41:37","modified_gmt":"2013-03-12T23:41:37","slug":"latinomania-forma-de-manifestare-a-antiromanismului","status":"publish","type":"post","link":"https:\/\/bassdu.mine.bz\/?p=2716","title":{"rendered":"\u201eLATINOMANIA\u201d &#8230; form\u0103 de manifestare a antirom\u00e2nismului"},"content":{"rendered":"<p>Mi\u015fcarea Dacia a militat \u00eenc\u0103 de la \u00eenceputuri, de mai bine de patru ani, pentru RESCRIEREA ISTORIEI ROM\u00c2NILOR, deoarece continu\u0103m s\u0103 studiem ISTORIA SCRIS\u0102 DE AL\u0162II, iar \u00een sprijinul acestei convingeri, am prezentat de-a lungul anilor numeroase dovezi.<br \/>\nDesigur c\u0103 s-au strecurat \u015fi inexactit\u0103\u0163i \u00een materialele noastre, de cele mai multe ori preluate de la al\u0163ii, dar asta se datoreaz\u0103 \u201eexcesului de zel\u201d, ci nu inten\u0163iei premeditate de a face din cal, arm\u0103sar !<br \/>\nTrebuie men\u0163ionat, c\u0103 aceaste \u201eexager\u0103ri\u201d se datoreaz\u0103 cadrului generalizat pe plan mondial, de mitizare a Istoriei, aceast\u0103 Mitizare fiind reg\u0103sit\u0103 \u00een TOATE manualele de istorie na\u0163ional\u0103, ale tuturor popoarelor !&#8230; deci nu suntem noi \u201emai catolici dec\u00e2t Papa\u201d !?!?<br \/>\nAsaltul LATINOMANILOR asupra DACOMANILOR a fost \u00eencredin\u0163at unor istorici precum Pisso, Zoe Petre, Neagu Djuvara, etc., la care s-au aliniat diver\u015fi \u201eling\u0103tori de blide\u201d ale acestora.<br \/>\nAceast\u0103 \u201eofensiv\u0103\u201d, care dup\u0103 min\u0163ile r\u0103t\u0103cite ale unora ar fi trebuit s\u0103 se termine cu privarea de libertate pentru \u201edacomaniaci\u201d, ca s\u0103 nu mai zic de terapii psihoterapeutice, a\u015fa cum putem demonstra cu nume \u015fi prenume !?!?<br \/>\nNu o s\u0103 revin asupra argumenta\u0163iei \u015ftiin\u0163ifice, deoarece am f\u0103cut-o din plin, ulterior cre\u00e2ndu-se \u015fi alte \u201espa\u0163ii dacomanice\u201d de mare audien\u0163\u0103 \u015fi calitate.<br \/>\nO s\u0103 accentuez CARACTERUL PROFUND ANTIROM\u00c2NESC al acestei ofensive.<\/p>\n<p>Prin ac\u0163iunile lor, ace\u015fti pseudo-istorici, pe care i-am denumit \u201eistoricii lui pe\u015fte\u201d, neag\u0103 \u00een mod fundamental CONTINUITATEA POPORULUI ROM\u00c2N, c\u0103z\u00e2nd victime, sau fiind chiar artizani ai unor teorii, care ne \u00eendep\u0103rteaz\u0103, dac\u0103 nu chiar separ\u0103 de R\u0102D\u0102CINILE noastre DACICE !?!?<br \/>\nS-a ajuns p\u00e2n\u0103 acolo, ca s\u0103 se spun\u0103 despre dacii de pe Column\u0103, c\u0103 nu ar fi o reprezentare fidel\u0103 a dacilor, ci una \u201egeneric\u0103 a barbarilor\u201d !?!?&#8230; \u015fi a\u015f putea s\u0103 mai dau zeci de exemple, legate de cumani, pecenegi, gepizi, avari, etc. toate \u201ede r\u00e2sul lumii\u201d, numai dac\u0103 ne g\u00e2ndim la faptul c\u0103 noi nu vorbim azi niciuna din aceste limbi, influen\u0163ele acestora fiind total nesemnificative, chiar dac\u0103 nu respingem ideea DICTATURII MILITARE, c\u0103reia AUTOHTONII au fost supu\u015fi de dou\u0103 mileanii. Este adev\u0103rat c\u0103 migra\u0163ia slav\u0103 \u015fi maghiar\u0103 au culminat cu SLAVIZAREA \u015eI MAGHIARIZAREA FOR\u0162AT\u0102, fenomene care sunt prezente \u015fi azi, \u00een Timocul s\u00e2besc \u015fi bulg\u0103resc precum \u015fi \u00een satele de rom\u00e2ni din HARCOV.<br \/>\nAten\u0163ie \u00eens\u0103, c\u0103 aceste apuc\u0103turi, ne pot justifica teoria potrivit c\u0103reia ungurii \u015fi slavii, nu sunt altceva, dec\u00e2t traco-geto-daci \u201easimila\u0163i for\u0163at\u201d, exist\u00e2nd suficiente dovezi genetice \u00een acest sens !!!&#8230; luat \u00een considera\u0163ie numai \u201efactorul numeric\u201d, care ne este net favorabil \u015fi aceast\u0103 ipotez\u0103 devine &#8230; realitate !&#8230; c\u0103 doar majoritatea ungurilor \u015fi bulgarilor de azi, nu au caracteristici fizionomice, care s\u0103 ne trimit\u0103 cu g\u00e2ndul spre ugro-finici, sau turcici !? Cine are no\u0163iuni elementare de GENETIC\u0102,\u00a0 \u015ftie ce \u00eenseamn\u0103 \u201efactorul timp \u015fi num\u0103r\u201d !!!<br \/>\nAceste DICTATURI LINGVISTICE au fost favorizate de Catolicismul Vatican \u015fi de Ortodoxia greco-bizantino-slav\u0103, \u00een concomiten\u0163\u0103 cu DICTATURILE POLITICO-ECONOMICE.<br \/>\nPentru c\u0103 veni vorba de LIMB\u0102, milit\u0103m inclusiv pentru RESCRIEREA DIC\u0162IONARELOR ROM\u00c2NE\u015eTI, deoarece ni\u015fte alogeni \u015fi dobitoci care le-au \u0163inut isonul, le-au scris \u201ec\u0103ut\u00e2nd \u00een dic\u0163ionarele altora\u201d, iar noi am exemplificat destul abera\u0163iile actualelor dic\u0163ionare, inclusiv cu studii ale lingvi\u015ftilor maghiari, dar \u015fi germani, englezi, francezi, americani, polonezi, bulgari, etc.,\u00a0 ignorate de \u201eai no\u015ftri ca brazii, cu mucii pe piept\u201d !<br \/>\nO foarte grav\u0103 HIB\u0102 MORAL\u0102 a \u201elatinopa\u0163ilor\u201d, \u00eei face s\u0103 r\u0103m\u00e2n\u0103 cu gura c\u0103scat\u0103 \u00een fa\u0163a \u201eciviliza\u0163iei Romei\u201d, preferat\u0103 BARBARIEI TRACO-GETO-DACICE !?!?<br \/>\nDomnilor \u201elatinopa\u0163i\u201d, aceast\u0103 atitudine v\u0103 declaseaz\u0103 dpdv UMAN, deoarece cuceritorii romani nu au fost altceva, dec\u00e2t ni\u015fte DISTRUG\u0102TORI ai civiliza\u0163iei \u00eenainta\u015filor no\u015ftri \u015fi ni\u015fte JEFUITORI ai resurselor noastre umane \u015fi materiale !!! Este ca \u015fi cum cineva ar fi nostalgic dup\u0103 cuceririle hitleriste, turce\u015fti, muscale, sau UE-iste de azi !?!? Reamintesc tuturor, c\u0103 distrugerea vechii civiliza\u0163ii a traco-geto-dacilor, ne-a l\u0103sat descoperi\u0163i \u00een fa\u0163a viitoarelor migra\u0163ii ale unor popoare cu adev\u0103rat s\u0103lbatice, dedicate jafului, ci nu PURT\u0102TOARE A UNOR CULTURI SUPERIOARE !!!<br \/>\nNu avem absolut niciun motiv s\u0103 fim \u201erecunosc\u0103tori\u201d, sau s\u0103 ne asum\u0103m o identitate legat\u0103 de Imperiul Roman, deoarece ne-ar ajunge \u201eBlestemul lui Decebal\u201d !!! Cineva ne acuza c\u0103 \u201efacem jocul ru\u015filor\u201d, deoarece \u015fi ei neag\u0103 romanitatea noastr\u0103 ! Ei \u015fi ??? &#8230;poate aducem Tezaurul \u00eenapoi !?&#8230; poate ob\u0163inem REUNIFICAREA !?&#8230; poate ne dau lucr\u0103rile lui Cantemir !? etc&#8230;. c\u0103 nem\u0163ii se fac c\u0103 plou\u0103 c\u00e2nd le cerem ceea ce ne datoreaz\u0103, iar occidentul ne trateaz\u0103 ca pe ni\u015fte gunoaie\u00a0 !?<br \/>\nMi\u015fcarea Dacia este o mi\u015fcare politic\u0103 \u015fi nu o s\u0103 mai revin asupra motivului pentru care ne numim a\u015fa. Nu ne numim \u201emi\u015fcarea dacilor\u201d, deoarece noi ne deschidem tuturor, indiferent de etnie, pornind de la ADEV\u0102RUL INDUBITABIL c\u0103 acest areal carpato-dun\u0103reano-pontic, s-a chemat a\u015fa acum numai c\u00e2teva sute de ani, \u00een care CONTINUITATEA \u015fi PREPONDEREN\u0162A noastr\u0103 nu pot fi contestate. Un principiu de baz\u0103 al nostru este RESPECTUL RECIPROC \u015fi dac\u0103 nu \u00eel putem avea de bun\u0103 voie \u015fi \u00een limitele BUNULUI SIM\u0162, noi inten\u0163ion\u0103m s\u0103-l aplic\u0103m \u00een mod democratic, propun\u00e2nd urm\u0103toarele m\u0103suri :<br \/>\nOdat\u0103 cu ob\u0163inerea PUTERII DE GUVERNARE, vom milita pentru :<br \/>\n<strong>1. Schimbarea numelui \u0163\u0103rii \u00een DACIA.<\/strong><br \/>\n<strong>2. Schimbarea Imnului \u015fi Simbologiei na\u0163ionale.<\/strong><br \/>\n<strong>3. Adoptarea la nivel na\u0163ional a unui MANUAL UNIC DE ISTORIE A ROM\u00c2NILOR, elaborat de ACADEMIA ROM\u00c2N\u0102, eliberat\u0103 de latinopa\u0163ii actuali.<\/strong><br \/>\n<strong>4. Trecerea exclusiv \u00een responsabilitatea Statului a sistemului de \u00eenv\u0103\u0163\u0103m\u00e2nt.<\/strong><br \/>\n<strong>5. Legiferarea unui JUR\u0102M\u00c2NT DE CREDIN\u0162\u0102 PENTRU PATRIE, \u00een care s\u0103 fie bine precizat\u0103 referirea la CONTINUITATEA POPORULUI ROM\u00c2N.<\/strong><br \/>\n<strong>6. Eliminarea DUBLEI CET\u0102\u0162ENII, \u00een lipsa unui acord specific \u00eentre statele implicate.<\/strong><br \/>\n<strong>7. Referendum \u00een \u0162inutul Secuiesc \u015fi oriunde sunt cet\u0103\u0163eni maghiari, \u00een urma c\u0103ruia ace\u015ftia s\u0103 hot\u0103rasc\u00e2 ce sunt : maghiari, sau secui.<\/strong><br \/>\n<strong>8. Consemnarea \u00een Cartea de Identitate a ETNIEI.<\/strong><br \/>\n<strong>9. Stabilirea de comun acord \u00eentre statele din regiunea centro-european\u0103, a standardului de tratament pentru MINORIT\u0102\u0162I.<\/strong><br \/>\n<strong>10. Introducerea \u00een cadrul Reformei Sistemului Judiciar, a unor prevederi specifice legate de \u201eofeze la Identitatea Na\u0163ional\u0103 a tuturor cet\u0103\u0163enilor, de orice etnie\u201d, \u00eencep\u00e2nd de la lipsirea de cet\u0103\u0163enie rom\u00e2n\u0103 \u015fi acordarea de statut de \u201eapatrid\u201d, sau \u201ecet\u0103\u0163ean al unui alt stat\u201d, merg\u00e2nd p\u00e2n\u0103 la EXIL pentru cazurile evidente de ANTI-ROM\u00c2NISM.<\/strong><\/p>\n<p>Bine\u00een\u0163eles c\u0103 aceste m\u0103suri vor fi luate democratic, \u00een urma unui REFERENDUM NA\u0162IONAL.<br \/>\nCineva de la \u201eopen society\u201d, s-ar putea s\u0103 sar\u0103 \u00een sus la a\u015fa propuneri (c\u0103 sunt numai ni\u015fte propuneri !), dar o s\u0103 explic de ce \u00een dou\u0103 cuvinte :<\/p>\n<p>\u00cen ultimii 23 de ani, suntem martorii p\u00e2n\u0103 acum iner\u0163i, ai unei OFENSIVE DE DEZNA\u0162IONALIZARE c\u0103reia trebuie s\u0103-i d\u0103m un r\u0103spuns pe m\u0103sur\u0103, dac\u0103 nu vrem s\u0103 devenim \u201eoaspe\u0163i\u201d la noi acas\u0103 !!!<\/p>\n<p><span style=\"color: #800000;\">Am asistat la \u201erecunoa\u015fterea unui fals istoric\u201d \u00een leg\u0103tur\u0103 cu Holocaustul Evreilor. Noi nu neg\u0103m Persecu\u0163iile Evreilor \u015fi ni le asum\u0103m, dar respingem termenul de Holocaust pentru Rom\u00e2nia, deoarece are alte dimensiuni !!! <\/span><br \/>\n<span style=\"color: #800000;\">S\u0103 nu uit\u0103m c\u0103 spa\u0163iul carpato-dun\u0103reano-pontic a fost supus unui intens proces de emigra\u0163ie iudaic\u0103 sub presiunea imperiilor \u00eenconjur\u0103toare, care se voiau eliberate de prezen\u0163a acestora. Acest fenomen a declan\u015fat ostilitatea autohtonilor din toat\u0103 zona central\u0103 a Europei, ci nu numai \u00een Rom\u00e2nia. Reac\u0163ia de respingere din partea rom\u00e2nilor a fost totu\u015fi mult mai bl\u00e2nd\u0103, \u00een compara\u0163ie cu cea a altor popoare \u015fi asta \u201eface diferen\u0163a\u201d. Mi\u015fcarea Dacia recunoa\u015fte multor evrei contribu\u0163ii importante \u00een toate domeniile de activitate \u015fi crea\u0163ie, precum \u015fi ata\u015famentul la interesul na\u0163ional \u015fi nu ne trece prin cap s\u0103 re\u00eenviem ostilit\u0103\u0163i apuse !&#8230; asta nu \u00eenseamn\u0103 c\u0103 vom t\u0103cea \u00een cazul \u00een care unii dintre ei se vor b\u0103ga unde nu le fierbe oala \u015fi c\u0103 vom \u00eenceta s\u0103 demasc\u0103m ABUZURILE STATULUI ISRAEL, dac\u0103 acestea sunt \u00een contradic\u0163ie cu Principiile \u015fi Obiectivele noastre !!!<\/span><\/p>\n<p><span style=\"color: #000080;\">Asist\u0103m la reapari\u0163ia revendic\u0103rilor teritoriale ale minorit\u0103\u0163ii secuie\u015fti \u015fi maghiare (c\u0103 nu e totuna, cum se b\u0103lm\u0103je\u015fte azi!?). C\u00e2nd se cere Autonomie, suntem de acord, mai ales c\u0103 o au deja ADMINISTRATIV\u0102 \u015fi POLITIC\u0102, particip\u00e2nd activ la guvernarea dezastruas\u0103 a Rom\u00e2niei, dar nu suntem de acord cu AUTONOMIA TERITORIAL\u0102, deoarece migratorii sunt azi majoritari, dar sunt veni\u0163i \u00eentr-un teritoriu ce apar\u0163inea la venirea lor&#8230; altora !&#8230; dpdv JURIDIC chestiunea e clar\u0103 !!!<\/span><br \/>\n<span style=\"color: #000080;\">Suntem de acord cu abordarea steagurilor etnice, cu condi\u0163ia s\u0103 nu fie dou\u0103 : ori secuie\u015fti, ori maghiare, deoarece nu e acela\u015fi lucru, iar abordarea s\u0103 se fac\u0103 \u201ela un nvel inferior celui na\u0163ional\u201d, ca \u015fi cel european. Bine\u00een\u0163eles c\u0103 \u00een cadrul punctului (9) de mai sus, vor trebui stabilite REGULI GENERAL VALABILE \u015fi \u00een acest sens, pentru TOATE \u0162\u0102RILE implicate !<\/span><\/p>\n<p>Foarte interesant de remarcat, este faptul c\u0103 majoritatea LATINOPA\u0162ILOR se reg\u0103sesc \u015fi \u00een grupuri care cer independen\u0163a Transilvaniei, care neag\u0103 nou\u0103 rom\u00e2nilor ajutorul comunit\u0103\u0163ilor rom\u00e2ne\u015fti din afara Rom\u00e2niei, care obstacoleaz\u0103 REUNIREA Basarabiei cu Patria \u015fi alte ac\u0163iuni ANTI-ROM\u00c2NE\u015eTI, pe care dac\u0103 le-am \u201enotat\u201d eu, sper c\u0103 au fost \u201enotate\u201d \u015fi de Organele de Securitate Na\u0163ional\u0103 !?<br \/>\nvezi <a href=\"http:\/\/bassdu.mine.nu\/?p=2415\">http:\/\/bassdu.mine.nu\/?p=2415<\/a><br \/>\nReamintesc tuturor acestor \u201edu\u015fi cu mintea pe pustiuri\u201d, c\u0103 nu mai suntem dispu\u015fi s\u0103 fim f\u0103r\u00e2mi\u0163a\u0163i \u015fi pu\u015fi unul \u00eempotriva celuilalt, de INTERESE STR\u0102INE, a\u015fa cum se petrece de sute de ani !!!&#8230; avertiz\u0103m ace\u015fti descreiera\u0163i, s\u0103 nu ne ia drept ceea ce nu suntem \u015fi s\u0103 \u0163in\u0103 cont c\u0103 dac\u0103 mai suntem \u00eenc\u0103 pe aici, o fi o explica\u0163ie !?<\/p>\n<p>P.S.<br \/>\nNu vi se pare ciudat c\u0103 LATINOPA\u0162II nu particip\u0103 la manifest\u0103ri trecute, prezente \u015fi viitoare, legate de REUNIREA BASARABIEI CU ROM\u00c2NIA ???&#8230; or fi sup\u0103ra\u0163i pe DACII LIBERI ??? Ar putea participa la manifesta\u0163ia din 24 Martie de la Ia\u015fi, organizat\u0103 cu prilejul rememor\u0103rii Unirii din 27 Martie 1918 !<br \/>\nDac\u0103 cineva se \u00eentreab\u0103 cum de \u015ftiu acest \u201edetaliu\u201d, r\u0103spund c\u0103 \u201e\u00eei observ\u201d cu aten\u0163ie !<\/p>\n","protected":false},"excerpt":{"rendered":"<p>Mi\u015fcarea Dacia a militat \u00eenc\u0103 de la \u00eenceputuri, de mai bine de patru ani, pentru RESCRIEREA ISTORIEI ROM\u00c2NILOR, deoarece continu\u0103m s\u0103 studiem ISTORIA SCRIS\u0102 DE AL\u0162II, iar \u00een sprijinul acestei convingeri, am prezentat de-a lungul anilor numeroase dovezi. Desigur c\u0103 s-au strecurat \u015fi inexactit\u0103\u0163i \u00een materialele noastre, de cele mai multe ori preluate de la [&hellip;]<\/p>\n","protected":false},"author":2,"featured_media":0,"comment_status":"open","ping_status":"open","sticky":false,"template":"","format":"standard","meta":{"footnotes":""},"categories":[73],"tags":[878,1054,421,1089,409,1083,1091,210,492,1090],"jetpack_featured_media_url":"","_links":{"self":[{"href":"https:\/\/bassdu.mine.bz\/index.php?rest_route=\/wp\/v2\/posts\/2716"}],"collection":[{"href":"https:\/\/bassdu.mine.bz\/index.php?rest_route=\/wp\/v2\/posts"}],"about":[{"href":"https:\/\/bassdu.mine.bz\/index.php?rest_route=\/wp\/v2\/types\/post"}],"author":[{"embeddable":true,"href":"https:\/\/bassdu.mine.bz\/index.php?rest_route=\/wp\/v2\/users\/2"}],"replies":[{"embeddable":true,"href":"https:\/\/bassdu.mine.bz\/index.php?rest_route=%2Fwp%2Fv2%2Fcomments&post=2716"}],"version-history":[{"count":4,"href":"https:\/\/bassdu.mine.bz\/index.php?rest_route=\/wp\/v2\/posts\/2716\/revisions"}],"predecessor-version":[{"id":2718,"href":"https:\/\/bassdu.mine.bz\/index.php?rest_route=\/wp\/v2\/posts\/2716\/revisions\/2718"}],"wp:attachment":[{"href":"https:\/\/bassdu.mine.bz\/index.php?rest_route=%2Fwp%2Fv2%2Fmedia&parent=2716"}],"wp:term":[{"taxonomy":"category","embeddable":true,"href":"https:\/\/bassdu.mine.bz\/index.php?rest_route=%2Fwp%2Fv2%2Fcategories&post=2716"},{"taxonomy":"post_tag","embeddable":true,"href":"https:\/\/bassdu.mine.bz\/index.php?rest_route=%2Fwp%2Fv2%2Ftags&post=2716"}],"curies":[{"name":"wp","href":"https:\/\/api.w.org\/{rel}","templated":true}]}}