{"id":2744,"date":"2013-02-28T00:10:56","date_gmt":"2013-02-27T23:10:56","guid":{"rendered":"http:\/\/bassdu.mine.nu\/?p=2744"},"modified":"2013-02-28T01:15:14","modified_gmt":"2013-02-28T00:15:14","slug":"evolutii-post-electorale-socante-in-italia","status":"publish","type":"post","link":"https:\/\/bassdu.mine.bz\/?p=2744","title":{"rendered":"EVOLU\u0162II POST-ELECTORALE \u015eOCANTE \u00ceN ITALIA !!!"},"content":{"rendered":"<p>Trei sunt chestiunile ce au constituit \u201eprima pagin\u0103\u201d \u00een organele mediatice italiene \u015fi str\u0103ine, dar care pot fi trecute la aceea\u015fi categorie \u201erevolu\u0163ie \u00een curs\u201d, iar <strong>Mi\u015fcarea Dacia<\/strong> le urm\u0103re\u015fte cu&#8230; interes\u00a0 :<\/p>\n<p><span style=\"color: #000080;\">1. Vizita Pre\u015fedintelui italian Giorgio Napolitano \u00een Germania, marcat\u0103 de declara\u0163ia lui Steinbrueck, lider SPD candidat la Pre\u015fedin\u0163ia Germaniei , ce caracteriza pe Grillo \u015fi Berlusconi , drept &#8230; clowni.<\/span><br \/>\n<span style=\"color: #000080;\"> Napolitano a reac\u0163ionat violent, afirm\u00e2nd c\u0103 Italia \u015fi italienii trebuiesc respecta\u0163i pentru alegerile f\u0103cute \u015fi anul\u00e2nd \u00eent\u00e2lnirea prev\u0103zut\u0103 cu acesta, de\u015fi era \u00een program !?<\/span><br \/>\n<span style=\"color: #000080;\">\u00a0Dac\u0103 ad\u0103ug\u0103m \u015fi afirma\u0163ia lui Schaeuble, ministru german al FINAN\u0162ELOR (cum altfel !?), cum c\u0103 \u201eITALIA E DEJA UN CAZ GRAV, CARE POATE INFECTA TOAT\u0102 EUROPA\u201d, putem trage o prim\u0103 concluzie : LE \u0162\u00c2\u0162\u00c2IE FUNDUL LA TO\u0162I !!!<\/span><\/p>\n<p><span style=\"color: #800000;\">2. Beppe Grillo a afirmat c\u0103 NU VA FACE NICIO ALIAN\u0162\u0102 cu nimeni, spun\u00e2nd de Bersani, liderul PD, c\u0103 e \u201eun mort care merge\u201d (un morto che camina) \u015fi c\u0103 ar face mai bine s\u0103 DEMISIONEZE.<\/span><br \/>\n<span style=\"color: #800000;\"> \u00cen urma acestei \u201epreciz\u0103ri\u201d, care de fapt se reg\u0103se\u015fte \u00een \u201eatitudinea programatic\u0103 a M5S fa\u0163\u0103 de PARTIDELE ACTUALE\u201d, se contureaz\u0103 urm\u0103toarele scenarii :<\/span><br \/>\n<span style=\"color: #800000;\"> A. PD face un guvern cu PDL, ambele av\u00e2nd platforme politice total divergente, urm\u00e2nd deci a nemul\u0163umi pe cei ce le-au dat voturile, datorit\u0103 acestei \u201ealian\u0163e nefire\u015fti\u201d. Aceast\u0103 ipotez\u0103, recomandat\u0103 de Berlusconi, a fost deja respins\u0103 cu \u201ejuma de gur\u0103\u201d de Bersani.<\/span><br \/>\n<span style=\"color: #800000;\"> B. PD face un \u201eguvern monocolor\u201d, c\u0103ut\u00e2nd sprijin legislativ \u00een Senat, deoarece la Camer\u0103 are o majoritate rezultat\u0103 \u00een urma PREMIULUI prev\u0103zut de legea electoral\u0103, care favorizeaz\u0103 ALIAN\u0162A cu cele mai multe voturi (M5S nu s-a aliat cu nimeni spre deosebire de PD \u015fi de\u015fi PRIMA FOR\u0162\u0102 POLITIC\u0102, nu beneficiaz\u0103 de a\u015fa ceva). Asta ar conduce la \u201etrecerea de Senat\u201d numai a unor legi conforme PROGRAMULUI M5S, sau a unor pu\u0163ine legi ce ar pune de acord st\u00e2nga \u015fi dreapta, fapt tradus prin&#8230; INGUVERNABILITATE. \u00cen acest caz se va apela din nou la Alegeri, iar PD \u015fi PDL ar suferi o nou\u0103 \u201ehemoragie c\u0103tre M5S\u201d.<\/span><br \/>\n<span style=\"color: #800000;\">\u00a0Mul\u0163i acuz\u0103 M5S c\u0103 refuz\u0103 guvernarea, dar nu este adev\u0103rat, deoarece ei sunt dispu\u015fi s\u0103 sprijine orice INI\u0162IATIV\u0102 LEGISLATIV\u0102 a oric\u0103rui partid, consonant\u0103 cu Programul lor, refuz\u00e2nd pe de alt\u0103 parte orice alian\u0163\u0103 \u00een adev\u0103ratul sens al cuv\u00e2ntului, cu vechile partide. Grillo a spus : \u201eguverna\u0163i dac\u0103 pute\u0163i, iar dac\u0103 nu&#8230; ACAS\u0102 !\u201d<\/span><\/p>\n<p><span style=\"color: #003300;\">3. Papa a avut ultima apari\u0163ie la Vatican, urm\u00e2nd ca m\u00e2ine s\u0103-l p\u0103r\u0103seasc\u0103 definitiv, l\u0103s\u00e2nd \u00een urm\u0103 o \u201ed\u00e2r\u0103 a profundei crize a catolicismului\u201d, care f\u0103c\u00e2nd parte din SISTEM, se pare c\u0103 va avea soarta acestuia !<\/span><\/p>\n<p><strong>Bine\u00een\u0163eles c\u0103 \u201emesajul forte\u201d al zilei este PERICOLUL EFECTULUI DOMINO ce se poate declan\u015fa dintr-un moment \u00eentr-altul, deoarece \u201enebunii de italieni, au pus dinamit\u0103 la bazele SISTEMULUI\u201d\u00a0<\/strong><\/p>\n","protected":false},"excerpt":{"rendered":"<p>Trei sunt chestiunile ce au constituit \u201eprima pagin\u0103\u201d \u00een organele mediatice italiene \u015fi str\u0103ine, dar care pot fi trecute la aceea\u015fi categorie \u201erevolu\u0163ie \u00een curs\u201d, iar Mi\u015fcarea Dacia le urm\u0103re\u015fte cu&#8230; interes\u00a0 : 1. Vizita Pre\u015fedintelui italian Giorgio Napolitano \u00een Germania, marcat\u0103 de declara\u0163ia lui Steinbrueck, lider SPD candidat la Pre\u015fedin\u0163ia Germaniei , ce caracteriza [&hellip;]<\/p>\n","protected":false},"author":2,"featured_media":0,"comment_status":"open","ping_status":"open","sticky":false,"template":"","format":"standard","meta":{"footnotes":""},"categories":[69,73],"tags":[532,11,1100,210,736,1099,1098],"jetpack_featured_media_url":"","_links":{"self":[{"href":"https:\/\/bassdu.mine.bz\/index.php?rest_route=\/wp\/v2\/posts\/2744"}],"collection":[{"href":"https:\/\/bassdu.mine.bz\/index.php?rest_route=\/wp\/v2\/posts"}],"about":[{"href":"https:\/\/bassdu.mine.bz\/index.php?rest_route=\/wp\/v2\/types\/post"}],"author":[{"embeddable":true,"href":"https:\/\/bassdu.mine.bz\/index.php?rest_route=\/wp\/v2\/users\/2"}],"replies":[{"embeddable":true,"href":"https:\/\/bassdu.mine.bz\/index.php?rest_route=%2Fwp%2Fv2%2Fcomments&post=2744"}],"version-history":[{"count":7,"href":"https:\/\/bassdu.mine.bz\/index.php?rest_route=\/wp\/v2\/posts\/2744\/revisions"}],"predecessor-version":[{"id":2751,"href":"https:\/\/bassdu.mine.bz\/index.php?rest_route=\/wp\/v2\/posts\/2744\/revisions\/2751"}],"wp:attachment":[{"href":"https:\/\/bassdu.mine.bz\/index.php?rest_route=%2Fwp%2Fv2%2Fmedia&parent=2744"}],"wp:term":[{"taxonomy":"category","embeddable":true,"href":"https:\/\/bassdu.mine.bz\/index.php?rest_route=%2Fwp%2Fv2%2Fcategories&post=2744"},{"taxonomy":"post_tag","embeddable":true,"href":"https:\/\/bassdu.mine.bz\/index.php?rest_route=%2Fwp%2Fv2%2Ftags&post=2744"}],"curies":[{"name":"wp","href":"https:\/\/api.w.org\/{rel}","templated":true}]}}