{"id":2758,"date":"2013-03-06T23:07:04","date_gmt":"2013-03-06T22:07:04","guid":{"rendered":"http:\/\/bassdu.mine.nu\/?p=2758"},"modified":"2013-03-06T23:08:59","modified_gmt":"2013-03-06T22:08:59","slug":"despre-aroganta-occidentului","status":"publish","type":"post","link":"https:\/\/bassdu.mine.bz\/?p=2758","title":{"rendered":"DESPRE AROGAN\u0162A OCCIDENTULUI"},"content":{"rendered":"<p>Ascultam la radio un important personaj italian, spun\u00e2nd c\u0103 300.000 de italieni cu preg\u0103tire universitar\u0103 au emigrat \u00een nordul Europei, deoarece \u00een Italia nu sunt valoriza\u0163i, produc\u00e2nd daune \u00een valoare de 40 de miliarde de euro, cifr\u0103 rezultat\u0103 din cheltuielile statale pentru \u015fcolarizarea lor !!! Mi-a venit \u00een minte, c\u0103 din Rom\u00e2nia a ajuns \u00een Italia, aproximativ acela\u015fi num\u0103r de \u201ecreiere\u201d, iar restul p\u00e2n\u0103 la circa 1 milion, au fost \u201eprimi\u0163i\u201d (a se citi RACOLA\u0162I) tot de acest nord al Europei !?<br \/>\nPute\u0163i cuantifica DAUNELE pentru Rom\u00e2nia ???&#8230; pentru c\u0103 Italia, iese la paritate din acest fenomen migratoriu !<br \/>\nRezult\u0103 c\u0103 beneficiarii \u201eajutorului rom\u00e2nesc\u201d, sunt tocmai aceia care nu ne accept\u0103 \u00een Schengen, de\u015fi suntem o Pia\u0163\u0103 Nou\u0103 pentru ei \u015fi de\u015fi au fa\u0163\u0103 de noi, datorii de miliarde de euro din vremea celui de al doilea r\u0103zboi mondial !&#8230; ba ei au avut \u201epermisiunea\u201d s\u0103 se reuneasc\u0103, pe c\u00e2nd noi NU, chiar dac\u0103 Pactul Ribbentrop-Molotov a fost dezavuat \u00een unanimitate !?<br \/>\nM\u0103 \u00eentreb : \u201eoare euroscepticii sunt pro\u015fti, sau ceilal\u0163i ?\u201d<br \/>\n\u00cen aceste condi\u0163ii, eu m\u0103 declar EUROSCEPTIC \u015fi m\u0103 rog la Dumnezeu ca aceast\u0103 \u201euniune sovietic\u0103 a Europei\u201d s\u0103 se duc\u0103 de r\u00e2p\u0103 !&#8230; ba nici cu alian\u0163a atlantic\u0103 nu sunt mai optimist, deoarece noi d\u0103m totul tuturor \u015fi nici m\u0103car o intrare f\u0103r\u0103 viz\u0103 nu avem dincolo de ocean !?!? Cred c\u0103 a venit vremea \u201es\u0103 juc\u0103m \u015fi alte c\u0103r\u0163i\u201d, c\u0103 \u0103\u015ftia ne-au luat de fraieri, beneficiind de sprijinul \u201ealor no\u015ftri cu mucii pe piept\u201d din TOATE PARTIDELE ACTUALE\u201d !!!<br \/>\n\u015ei eu vreau o Europ\u0103 Unit\u0103, dar \u00een care s\u0103 nu mai avem \u201eatitudini arogante\u201d ale \u201enordicilor\u201d \u015fi s\u0103 nu mai fie numai \u00een beneficiul unora, ci al tuturor, deoarece dac\u0103 suntem \u201e\u00eenapoia\u0163i\u201d, lor o dator\u0103m, ca fiind ei, promotorii VECHI PARADIGME SOCIO-ECONOMICE !<br \/>\nSentimentul antieuropean cre\u015fte v\u0103z\u00e2nd cu ochii \u00een estul Europei, dar \u015fi \u00een vest, deoarece \u201egradientul de welfare\u201d se l\u0103rge\u015fte \u00een favoarea Nordului \u015fi \u00een defavoarea Sudului \u015fi Estului, fiind o consecin\u0163\u0103 a SISTEMULUI SCLAVAGIST MULTIMILENAR bazat pe PROFIT, unde \u201ecine poate oase roade, cine nu, nici carne moale\u201d !<br \/>\nNu a\u015f vrea s\u0103 se \u00een\u0163eleag\u0103 c\u0103 sunt FUNDAMENTAL EUROSCEPTIC, ci doar c\u0103 UE a\u015fa cum e acum, nu-mi place \u015fi o spun ca \u015fi un p\u0103rinte, care-\u015fi \u201eceart\u0103\u201d copilul.<br \/>\nRom\u00e2nia trebuie s\u0103 deschid\u0103 o DEZBATERE DIALECTIC\u0102 \u00een UE, \u00een urma c\u0103reia se va constata c\u0103 \u201eam primit\u201d, dar mai ales c\u0103 \u201eam dat\u201d !!!&#8230; \u015fi asta de mii de ani !<br \/>\nNu accept\u0103m arogan\u0163a nim\u0103nui, pe motiv c\u0103 \u201ene-au primit la ei\u201d, c\u00e2nd de fapt \u201enoi i-am primit la noi\u201d, iar ei \u201eau pus piciorul \u00een chiar pragul nostru\u201d !<br \/>\nBine\u00een\u0163eles c\u0103 aceast\u0103 \u201e\u00eentoarcere de pagin\u0103\u201d nu o vor face actualii \u201eai no\u015ftri cu mucii pe piept\u201d, ci o vom face noi, cei de la <strong>Mi\u015fcarea Dacia<\/strong>, imediat ce vom avea prilejul \u015fi pe baza unei NOI PARADIGME SOCIO-ECONOMICE care se afirm\u0103 tot mai pregnant la nivel mondial !!!<\/p>\n","protected":false},"excerpt":{"rendered":"<p>Ascultam la radio un important personaj italian, spun\u00e2nd c\u0103 300.000 de italieni cu preg\u0103tire universitar\u0103 au emigrat \u00een nordul Europei, deoarece \u00een Italia nu sunt valoriza\u0163i, produc\u00e2nd daune \u00een valoare de 40 de miliarde de euro, cifr\u0103 rezultat\u0103 din cheltuielile statale pentru \u015fcolarizarea lor !!! Mi-a venit \u00een minte, c\u0103 din Rom\u00e2nia a ajuns \u00een [&hellip;]<\/p>\n","protected":false},"author":2,"featured_media":0,"comment_status":"open","ping_status":"open","sticky":false,"template":"","format":"standard","meta":{"footnotes":""},"categories":[73],"tags":[1107,1106,210,698,1105,442,52],"jetpack_featured_media_url":"","_links":{"self":[{"href":"https:\/\/bassdu.mine.bz\/index.php?rest_route=\/wp\/v2\/posts\/2758"}],"collection":[{"href":"https:\/\/bassdu.mine.bz\/index.php?rest_route=\/wp\/v2\/posts"}],"about":[{"href":"https:\/\/bassdu.mine.bz\/index.php?rest_route=\/wp\/v2\/types\/post"}],"author":[{"embeddable":true,"href":"https:\/\/bassdu.mine.bz\/index.php?rest_route=\/wp\/v2\/users\/2"}],"replies":[{"embeddable":true,"href":"https:\/\/bassdu.mine.bz\/index.php?rest_route=%2Fwp%2Fv2%2Fcomments&post=2758"}],"version-history":[{"count":3,"href":"https:\/\/bassdu.mine.bz\/index.php?rest_route=\/wp\/v2\/posts\/2758\/revisions"}],"predecessor-version":[{"id":2760,"href":"https:\/\/bassdu.mine.bz\/index.php?rest_route=\/wp\/v2\/posts\/2758\/revisions\/2760"}],"wp:attachment":[{"href":"https:\/\/bassdu.mine.bz\/index.php?rest_route=%2Fwp%2Fv2%2Fmedia&parent=2758"}],"wp:term":[{"taxonomy":"category","embeddable":true,"href":"https:\/\/bassdu.mine.bz\/index.php?rest_route=%2Fwp%2Fv2%2Fcategories&post=2758"},{"taxonomy":"post_tag","embeddable":true,"href":"https:\/\/bassdu.mine.bz\/index.php?rest_route=%2Fwp%2Fv2%2Ftags&post=2758"}],"curies":[{"name":"wp","href":"https:\/\/api.w.org\/{rel}","templated":true}]}}