{"id":276,"date":"2009-06-06T14:32:02","date_gmt":"2009-06-06T13:32:02","guid":{"rendered":"http:\/\/bassdu.mine.nu\/?p=276"},"modified":"2009-06-06T21:23:48","modified_gmt":"2009-06-06T20:23:48","slug":"sviluppo-sostenibile","status":"publish","type":"post","link":"https:\/\/bassdu.mine.bz\/?p=276","title":{"rendered":"Sviluppo sostenibile"},"content":{"rendered":"<p class=\"MsoNormal\" style=\"margin: 0cm 0cm 10pt; text-align: center;\" align=\"center\"><strong style=\"mso-bidi-font-weight: normal;\"><span style=\"font-size: 18pt; line-height: 115%;\"><span style=\"font-family: Calibri;\">Lo sviluppo sostenibile<\/span><\/span><\/strong><\/p>\n<p class=\"MsoNormal\" style=\"margin: 0cm 0cm 10pt;\"><span style=\"font-size: 18pt; line-height: 115%;\"><span style=\"font-family: Calibri;\"> <\/span><\/span><\/p>\n<p class=\"MsoNormal\" style=\"margin: 0cm 0cm 10pt;\"><span style=\"font-size: 12pt; line-height: 115%;\"><span style=\"font-family: Calibri;\"><span style=\"mso-spacerun: yes;\"> <\/span>La causa principale del <strong style=\"mso-bidi-font-weight: normal;\">Grande Cambiamento<\/strong> che verr\u00e0, \u00e8 l\u2019impossibilit\u00e0 della Madre Terra di star dietro alle nostre esigenze, dettate del <strong style=\"mso-bidi-font-weight: normal;\">consumismo<\/strong> come motore dell\u2019economia.<\/span><\/span><\/p>\n<p class=\"MsoNormal\" style=\"margin: 0cm 0cm 10pt;\"><span style=\"font-size: 12pt; line-height: 115%;\"><span style=\"font-family: Calibri;\"><span style=\"mso-spacerun: yes;\"> <\/span>L\u2019urgenza di agire in una nuova direzione, \u00e8 bene presentata da Yann Arthus-Bertrand, con il suo <strong style=\"mso-bidi-font-weight: normal;\">HOME<\/strong>, che pu\u00f2 essere visto sul Blog GRAPHEINA.<\/span><\/span><\/p>\n<p class=\"MsoNormal\" style=\"margin: 0cm 0cm 10pt;\"><span style=\"font-size: 12pt; line-height: 115%;\"><span style=\"font-family: Calibri;\"><span style=\"mso-spacerun: yes;\"> <\/span><strong>The Venus Project<span style=\"mso-spacerun: yes;\"> <\/span>&amp; The Zeitgeist Movement<\/strong>, prospettano il <em style=\"mso-bidi-font-style: normal;\">futuro<\/em> nell\u2019intento di assettare un nuovo modello di <em style=\"mso-bidi-font-style: normal;\">architettura sociale<\/em>. Le idee del sig. Fresco possono essere <strong style=\"mso-bidi-font-weight: normal;\">pi\u00f9 o meno condivise<\/strong>, ma aprono di sicuro un dibattito necessario in questi tempi di reale emergenza.<\/span><\/span><\/p>\n<p class=\"MsoNormal\" style=\"margin: 0cm 0cm 10pt;\"><span style=\"font-size: 12pt; line-height: 115%;\"><span style=\"font-family: Calibri;\"><span style=\"mso-spacerun: yes;\"> <\/span>Vorrei vedere i <strong style=\"mso-bidi-font-weight: normal;\">romeni in prima fila<\/strong> nel promuovere delle <strong style=\"mso-bidi-font-weight: normal;\">nuove idee<\/strong> ed incamminarsi <span style=\"mso-spacerun: yes;\"> <\/span>in anticipo verso questo traguardo del Grande Cambiamento. La mia proposta di <em style=\"mso-bidi-font-style: normal;\">aggregazione<\/em> attorno a dei valori nuovi, ha questo <em style=\"mso-bidi-font-style: normal;\">indirizzo<\/em>. Potete dare alla mia iniziativa un altro nome, un\u2019altra ragione sociale, ma l\u2019idea deve rimanere pi\u00f9 o meno, come da me suggerita. Dico <em style=\"mso-bidi-font-style: normal;\">suggerita<\/em> e non <em style=\"mso-bidi-font-style: normal;\">ideata<\/em>,perch\u00e8 sono tanti quelli che mi hanno <strong style=\"mso-bidi-font-weight: normal;\">aperto la mente.<\/strong><\/span><\/span><\/p>\n<p class=\"MsoNormal\" style=\"margin: 0cm 0cm 10pt;\"><span style=\"font-family: Calibri;\"><strong style=\"mso-bidi-font-weight: normal;\"><span style=\"font-size: 12pt; line-height: 115%;\"><span style=\"mso-spacerun: yes;\"> <\/span><\/span><\/strong><span style=\"font-size: 12pt; line-height: 115%;\">Molti sono in ritardo per questo incontro, e far\u00f2 un esempio per farmi capire meglio:<\/span><\/span><\/p>\n<p class=\"MsoNormal\" style=\"margin: 0cm 0cm 10pt;\"><span style=\"font-size: 12pt; line-height: 115%;\"><span style=\"font-family: Calibri;\"><span style=\"mso-spacerun: yes;\"> <\/span><span style=\"mso-spacerun: yes;\"> <\/span>Se la FIAT, comprando la Chrysler intende sviluppare delle <strong style=\"mso-bidi-font-weight: normal;\">nuove tecnologie<\/strong>, oppure ancora meglio, diversificher\u00e0 <span style=\"mso-spacerun: yes;\"> <\/span>la produzione dei mezzi di trasporto in comune <strong style=\"mso-bidi-font-weight: normal;\">ecologici<\/strong>, lasciando in secondo piano il <em style=\"mso-bidi-font-style: normal;\">profitto<\/em>, avr\u00e0 successo; <span style=\"mso-spacerun: yes;\"> <\/span>se no, fallir\u00e0!<\/span><\/span><\/p>\n<p class=\"MsoNormal\" style=\"margin: 0cm 0cm 10pt;\"><span style=\"font-size: 12pt; line-height: 115%;\"><span style=\"font-family: Calibri;\"><span style=\"mso-spacerun: yes;\"> <\/span>Se non si capisce l\u2019imminenza del Cambiamento e non si attuano dei provvedimenti per facilitarlo, questo avverr\u00e0 lo stesso, per\u00f2 in maniera violenta e saranno in pochi a \u201cgodersi\u201d il nuovo mondo! Perch\u00e8 anche i <em style=\"mso-bidi-font-style: normal;\">cinesi<\/em> vogliono oggi un automobile a testa, senza che la <em style=\"mso-bidi-font-style: normal;\">Madre Terra<\/em> possa loro soddisfare questo desiderio!<\/span><\/span><\/p>\n<p class=\"MsoNormal\" style=\"margin: 0cm 0cm 10pt;\"><span style=\"font-size: 12pt; line-height: 115%;\"><span style=\"font-family: Calibri;\"><span style=\"mso-spacerun: yes;\"> <\/span>Un idea \u201c<strong style=\"mso-bidi-font-weight: normal;\">nuova<\/strong>\u201ddi come si pu\u00f2 eliminare la delinquenza, la migrazione incontrollata, il lavoro in nero, le bustarelle, ecc., io la suggerirei:<span style=\"mso-spacerun: yes;\"> <\/span><strong style=\"mso-bidi-font-weight: normal;\"><em style=\"mso-bidi-font-style: normal;\">ELIMINARE I SOLDI DI CARTA E METALLO!<\/em><\/strong><span style=\"mso-spacerun: yes;\"> <\/span><span style=\"mso-spacerun: yes;\"> <\/span><span style=\"mso-spacerun: yes;\"> <\/span>Immaginatevi quanti problemi troverebbero la <em style=\"mso-bidi-font-style: normal;\">soluzione<\/em>. Per\u00f2 non basterebbe, perch\u00e8 questa azione deve essere seguita a catena da altre misure, che sommate porterebbero al <strong style=\"mso-bidi-font-weight: normal;\">Grande Cambiamento!<\/strong><\/span><\/span><\/p>\n<p class=\"MsoNormal\" style=\"margin: 0cm 0cm 10pt;\"><span style=\"font-size: 12pt; line-height: 115%;\"><span style=\"font-family: Calibri;\"><span style=\"mso-spacerun: yes;\"> <\/span>Tutti noi <em style=\"mso-bidi-font-style: normal;\">dovremo cambiare<\/em> stile di vita: meno automobili ( e quelle rimaste non inquinanti!), meno aerei, meno carne, meno lusso, senza guerre, pi\u00f9 trasporto ecologico in comune, pi\u00f9 ortaggi e frutta di casa nostra, o dalle vicinanze, pi\u00f9 agricoltura biologica, pi\u00f9 costruzioni eco-compatibili, pi\u00f9 risparmio energetico, meno consumi superflui, pi\u00f9 educazione, pi\u00f9 aiuto ai poveri, pi\u00f9 \u2026<\/span><\/span><\/p>\n<p class=\"MsoNormal\" style=\"margin: 0cm 0cm 10pt;\"><span style=\"font-size: 12pt; line-height: 115%;\"><span style=\"font-family: Calibri;\">Alla prossima !<\/span><\/span><\/p>\n","protected":false},"excerpt":{"rendered":"<p>Lo sviluppo sostenibile La causa principale del Grande Cambiamento che verr\u00e0, \u00e8 l\u2019impossibilit\u00e0 della Madre Terra di star dietro alle nostre esigenze, dettate del consumismo come motore dell\u2019economia. L\u2019urgenza di agire in una nuova direzione, \u00e8 bene presentata da Yann Arthus-Bertrand, con il suo HOME, che pu\u00f2 essere visto sul Blog GRAPHEINA. The Venus Project [&hellip;]<\/p>\n","protected":false},"author":2,"featured_media":0,"comment_status":"open","ping_status":"open","sticky":false,"template":"","format":"standard","meta":{"footnotes":""},"categories":[88],"tags":[10,91,62,92],"jetpack_featured_media_url":"","_links":{"self":[{"href":"https:\/\/bassdu.mine.bz\/index.php?rest_route=\/wp\/v2\/posts\/276"}],"collection":[{"href":"https:\/\/bassdu.mine.bz\/index.php?rest_route=\/wp\/v2\/posts"}],"about":[{"href":"https:\/\/bassdu.mine.bz\/index.php?rest_route=\/wp\/v2\/types\/post"}],"author":[{"embeddable":true,"href":"https:\/\/bassdu.mine.bz\/index.php?rest_route=\/wp\/v2\/users\/2"}],"replies":[{"embeddable":true,"href":"https:\/\/bassdu.mine.bz\/index.php?rest_route=%2Fwp%2Fv2%2Fcomments&post=276"}],"version-history":[{"count":4,"href":"https:\/\/bassdu.mine.bz\/index.php?rest_route=\/wp\/v2\/posts\/276\/revisions"}],"predecessor-version":[{"id":278,"href":"https:\/\/bassdu.mine.bz\/index.php?rest_route=\/wp\/v2\/posts\/276\/revisions\/278"}],"wp:attachment":[{"href":"https:\/\/bassdu.mine.bz\/index.php?rest_route=%2Fwp%2Fv2%2Fmedia&parent=276"}],"wp:term":[{"taxonomy":"category","embeddable":true,"href":"https:\/\/bassdu.mine.bz\/index.php?rest_route=%2Fwp%2Fv2%2Fcategories&post=276"},{"taxonomy":"post_tag","embeddable":true,"href":"https:\/\/bassdu.mine.bz\/index.php?rest_route=%2Fwp%2Fv2%2Ftags&post=276"}],"curies":[{"name":"wp","href":"https:\/\/api.w.org\/{rel}","templated":true}]}}