{"id":2793,"date":"2013-03-13T23:21:42","date_gmt":"2013-03-13T22:21:42","guid":{"rendered":"http:\/\/bassdu.mine.nu\/?p=2793"},"modified":"2013-03-14T00:59:15","modified_gmt":"2013-03-13T23:59:15","slug":"13-martie-2013-doua-stiri-senzationale-din-italia","status":"publish","type":"post","link":"https:\/\/bassdu.mine.bz\/?p=2793","title":{"rendered":"13  Martie 2013 &#8211; Dou\u0103 \u015ftiri senza\u0163ionale din Italia"},"content":{"rendered":"<p><span style=\"text-decoration: underline;\"><strong>1. HABEMUS PAPAM !<\/strong><\/span><\/p>\n<p>La numai a cincea votare \u00een Conclav, cic\u0103 Duhul Sf\u00e2nt a decis :<br \/>\nNoul Pap\u0103 este <strong>JORGE MARIO BERGOGLIO<\/strong>&#8230; episcop argentinian ce va conduce Episcopia Romei cu numale de <strong>FRANCISC I<\/strong>.<br \/>\nEste iezuit \u015fi primul pap\u0103 ce se inspir\u0103 din numele lui Francisc de la Asisi&#8230; s\u0103 sper\u0103m c\u0103 va cultiva \u015fi Spiritul s\u0103u !<br \/>\n\u00cen mod sigur, cu acest nume, ar trebui s\u0103 fie adeptul unei BISERICI S\u0102RACE, care are nevoie urgent\u0103 de CUR\u0102\u0162ENIE pe toate planurile, \u0163in\u00e2nd cont de ultimile scandaluri financiare, de pedofilie \u015fi de lobbistic\u0103 gay, ca s\u0103 nu mai vorbim de deconsacrarea a tot mai multe l\u0103ca\u015furi de cult din Europa\u00a0 !?<br \/>\nIat\u0103 c\u0103 noul pap\u0103 este din America Latin\u0103, unde se concentreaz\u0103 majoritatea catolicilor \u015fi este un iezuit cu \u00eenclina\u0163ii francescane.<br \/>\nAici avem de-a face cu un mic paradox, dac\u0103 \u0163inem cont c\u0103 iezui\u0163ii nu-l iubeau pe Francisc din Asisi la vremea sa !?<br \/>\nAcum c\u00e2teva zile, ziceam eu ceva de <strong>PAPA NEGRU<\/strong> \u00a0!?&#8230; dar nu m\u0103 g\u00e2ndisem la <strong>IEZUI\u0162I<\/strong> , de\u015fi ipotizam un <strong>pap\u0103 sud-american<\/strong>, din mai multe motive, pe care o s\u0103 le detaliez cur\u00e2nd !&#8230; \u0163ine\u0163i aproape, c\u0103 ne prive\u015fte ca &#8230;<strong> mi\u015fcare<\/strong> !!<br \/>\nDespre noul pap\u0103 se vor avea mai multe detalii cu trecerea timpului \u015fi vom putea trage ceva concluzii mai ra\u0163ionale&#8230; deocamdat\u0103 iat\u0103 c\u00e2teva (in english) :<\/p>\n<p><span style=\"color: #800000;\">\u201eAs Cardinal, Bergoglio became known for personal humility, doctrinal conservatism and a commitment to social justice. A simple lifestyle contributed to his reputation for humility. He lived in a small apartment, rather than in the palatial bishop&#8217;s residence. He gave up his chauffeured limousine in favor of public transportation,[3] and he reportedly cooked his own meals.\u201d<\/span><br \/>\n<span style=\"color: #800000;\"> During a 48-hour public servant strike in Buenos Aires, Argentina, Bergoglio observed the differences between, &#8220;poor people who are persecuted for demanding work, and rich people who are applauded for fleeing from justice&#8221;<\/span><\/p>\n<p><span style=\"color: #000000;\"><strong>DAR SUNT \u015eI \u201eUMBRE\u201d :<\/strong><\/span><\/p>\n<p><span style=\"color: #800000;\">\u201eOn April 15, 2005, a human rights lawyer filed a criminal complaint against Bergoglio, as superior in the Society of Jesus of Argentina, accusing him of involvement in the kidnapping by the Navy in May 1976 (during the military dictatorship) of two Jesuit priests, whom he, as superior of the Society of Jesus of Argentina in 1976, had asked to leave their pastoral work following conflict within the Society over how to respond to the new military dictatorship, with some priests advocating a violent overthrow. The priests, Orlando Yorio and Francisco Jalics, were found alive five months later, drugged and seminude\u201d<\/span><\/p>\n<p><span style=\"color: #000000;\">sursa : wikipedia<\/span><\/p>\n<p><span style=\"text-decoration: underline;\"><strong>2. UN MEMBRU \u201eSKULL &amp; BONES\u201d ELOGIAZ\u0102 \u201eMOVIMENTO CINQUE STELLE\u201d \u00a0!?!?<\/strong><\/span><\/p>\n<p>O \u015ftire uluitoare !<br \/>\nNu m-a\u015f fi a\u015fteptat de la DAVID THORNE, ambasadorul american \u00een Italia , ca \u00een cadrul unei vizite la Liceul Visconti din Roma, s\u0103-i invite pe tineri \u201ds\u0103 urmeze calea reformelor, a\u015fa cum o face Mi\u015fcarea 5 Stele\u201d !?!?<br \/>\nsursa : <a href=\"http:\/\/www.ilfattoquotidiano.it\/2013\/03\/13\/ambasciatore-usa-a-giovani-agite-per-cambiamento-come-m5s\/528692\/\">http:\/\/www.ilfattoquotidiano.it\/2013\/03\/13\/ambasciatore-usa-a-giovani-agite-per-cambiamento-come-m5s\/528692\/<\/a><br \/>\nLa pu\u0163in timp dup\u0103 ce secretarul de stat american declarase c\u0103 \u201eAmerica nu mai poate face pe jandarmul mondial\u201d, iat\u0103 o nou\u0103 declara\u0163ie a unui \u00eenalt oficial american, care surprinde !?<br \/>\nMen\u0163ionez c\u0103 \u00a0David Thorne este membru al organiza\u0163iei SKULL&amp;BONES, iar tat\u0103l s\u0103u a fost \u00a0administrator al Planului Marshall pentru Italia, dup\u0103 WW 2 !&#8230; deci nu e un ciuruc !!!<br \/>\nImediat ne vine \u00een minte, c\u0103 \u201eceva se mi\u015fc\u0103 \u00een lume\u201d \u015fi c\u0103 vechi \u201etipare\u201d sunt pe cale s\u0103 dispar\u0103 !!!<br \/>\nBine\u00een\u0163eles c\u0103 reac\u0163ia celorlalte partide a fost negativ\u0103, acuz\u00e2nd ambasadorul de \u201eamestec \u00een treburile interne ale Italiei\u201d !<br \/>\nEu zic : poate le-a dat Domnul G\u00e2ndul cel Bun, deoarece \u00een aceea\u015fi barc\u0103 cu M5S este \u015fi&#8230; MI\u015eCAREA DACIA !?&#8230; ar fi culmea \u201es\u0103 sar\u0103 un iepure\u201d tocmai de acolo !?!?<br \/>\nIat\u0103 din aceea\u015fi surs\u0103 wikipedia \u201ebune \u015fi rele\u201d despre David Thorne :<\/p>\n<p><span style=\"color: #000080;\">\u201e<strong>David Thorne<\/strong> (born September 16, 1944[1]) is an American businessman and diplomat who serves as United States Ambassador to Italy and Ambassador to San Marino. He was nominated by President Barack Obama and sworn in August 17, 2009.[2]<\/span><br \/>\n<span style=\"color: #000080;\"> Son of Alice Smith (Barry) and Landon K. Thorne Jr., David lived in Italy for a decade while his father helped administer the Marshall Plan.[2] He is the twin brother of Julia Thorne, the first wife of John Kerry.[1] Thorne graduated from Yale University in 1966, where he roomed with Kerry and both were members of Skull and Bones[3]:85 , served in the United States Navy during the Vietnam War, and worked in political consulting, real estate development, and publishing. He is married and has two grown children.[2]\u201d<\/span><br \/>\n<span style=\"color: #000080;\"> &#8230;&#8230;&#8230;&#8230;&#8230;&#8230;&#8230;&#8230;&#8230;&#8230;&#8230;&#8230;&#8230;&#8230;&#8230;&#8230;&#8230;&#8230;&#8230;..<\/span><br \/>\n<span style=\"color: #000080;\"> Conspiracy theories<\/span><\/p>\n<p><span style=\"color: #000080;\">The group Skull &amp; Bones is virtually unmentioned in mainstream media though it may feature in some conspiracy theories, which claim that the society plays a role in a global conspiracy for world domination. It is true that some prominent families had one or more members as Bonesmen. Theorists such as Alexandra Robbins suggest that Skull &amp; Bones is a branch of the Illuminati,[24] or that Skull &amp; Bones itself controls the Central Intelligence Agency.[36] Others who have written about Skull &amp; Bones were economist Antony C. Sutton, who wrote a book on the group titled America&#8217;s Secret Establishment: An Introduction to the Order of Skull &amp; Bones.[37] and Kris Millegan, who wrote a book on the society in 2003.\u201d<\/span><\/p>\n<p><span style=\"color: #000000;\"><strong>OM TR\u0102I \u015eI OM VEDEA !<\/strong><\/span><\/p>\n","protected":false},"excerpt":{"rendered":"<p>1. HABEMUS PAPAM ! La numai a cincea votare \u00een Conclav, cic\u0103 Duhul Sf\u00e2nt a decis : Noul Pap\u0103 este JORGE MARIO BERGOGLIO&#8230; episcop argentinian ce va conduce Episcopia Romei cu numale de FRANCISC I. Este iezuit \u015fi primul pap\u0103 ce se inspir\u0103 din numele lui Francisc de la Asisi&#8230; s\u0103 sper\u0103m c\u0103 va cultiva [&hellip;]<\/p>\n","protected":false},"author":2,"featured_media":0,"comment_status":"open","ping_status":"open","sticky":false,"template":"","format":"standard","meta":{"footnotes":""},"categories":[3],"tags":[1125,11,1126,210,408,1127,598],"jetpack_featured_media_url":"","_links":{"self":[{"href":"https:\/\/bassdu.mine.bz\/index.php?rest_route=\/wp\/v2\/posts\/2793"}],"collection":[{"href":"https:\/\/bassdu.mine.bz\/index.php?rest_route=\/wp\/v2\/posts"}],"about":[{"href":"https:\/\/bassdu.mine.bz\/index.php?rest_route=\/wp\/v2\/types\/post"}],"author":[{"embeddable":true,"href":"https:\/\/bassdu.mine.bz\/index.php?rest_route=\/wp\/v2\/users\/2"}],"replies":[{"embeddable":true,"href":"https:\/\/bassdu.mine.bz\/index.php?rest_route=%2Fwp%2Fv2%2Fcomments&post=2793"}],"version-history":[{"count":6,"href":"https:\/\/bassdu.mine.bz\/index.php?rest_route=\/wp\/v2\/posts\/2793\/revisions"}],"predecessor-version":[{"id":2795,"href":"https:\/\/bassdu.mine.bz\/index.php?rest_route=\/wp\/v2\/posts\/2793\/revisions\/2795"}],"wp:attachment":[{"href":"https:\/\/bassdu.mine.bz\/index.php?rest_route=%2Fwp%2Fv2%2Fmedia&parent=2793"}],"wp:term":[{"taxonomy":"category","embeddable":true,"href":"https:\/\/bassdu.mine.bz\/index.php?rest_route=%2Fwp%2Fv2%2Fcategories&post=2793"},{"taxonomy":"post_tag","embeddable":true,"href":"https:\/\/bassdu.mine.bz\/index.php?rest_route=%2Fwp%2Fv2%2Ftags&post=2793"}],"curies":[{"name":"wp","href":"https:\/\/api.w.org\/{rel}","templated":true}]}}