{"id":2801,"date":"2013-03-16T00:44:31","date_gmt":"2013-03-15T23:44:31","guid":{"rendered":"http:\/\/bassdu.mine.nu\/?p=2801"},"modified":"2013-03-17T21:17:36","modified_gmt":"2013-03-17T20:17:36","slug":"papa-negru","status":"publish","type":"post","link":"https:\/\/bassdu.mine.bz\/?p=2801","title":{"rendered":"\u201ePAPA NEGRU\u201d"},"content":{"rendered":"<p><strong>Jorge Mario Bergoglio<\/strong> este de ieri, <strong>Papa Francisc I<\/strong>, primul pap\u0103 iezuit din Istoria Catolicismului.<br \/>\n<em>NEGRU din titlu, provine de la ve\u015fmintele negre ale iezui\u0163ilor<\/em>.<br \/>\nDac\u0103 mai dori\u0163i detalii \u201ede parte\u201d despre IEZUI\u0162I, ave\u0163i aici ceva :<br \/>\n<a href=\"http:\/\/proortodox.wordpress.com\/2009\/11\/07\/papa-si-a-trimis-trupele-de-iezuiti-sub-acoperire-in-toate-cultele-religioase-ca-sa-invete-si-sa-predice-de-la-amvoane\/\">http:\/\/proortodox.wordpress.com\/2009\/11\/07\/papa-si-a-trimis-trupele-de-iezuiti-sub-acoperire-in-toate-cultele-religioase-ca-sa-invete-si-sa-predice-de-la-amvoane\/<\/a><br \/>\nNu \u015ftiu dac\u0103 e totul adev\u0103rat, dar se vorbe\u015fte&#8230;<br \/>\nO s\u0103 v\u0103 dau ceva detalii mai \u201everificate\u201d :<br \/>\n<em>&#8211; Papa are un singur pl\u0103m\u00e2n de mai bine de 50 de ani \u015fi ceva probleme la un picior&#8230; sper\u0103m s\u0103 nu i se trag\u0103 vreodat\u0103 de acolo<\/em> !?<br \/>\n&#8211; Se spune c\u0103 ar fi avut un mare \u201eamor\u201d \u00een tinere\u0163e&#8230; s\u0103 sper\u0103m c\u0103 nu a devenit preot \u00een urma vreunei deziluzii amoroase !?<br \/>\n&#8211; <em>Nu se \u015ftie cum de s-a fabricat Inelul lui Petru pentru Papa Francisc, \u00een jum\u0103tatea de or\u0103 dintre \u201efum\u201d \u015fi \u201eapari\u0163ie\u201d, \u0163in\u00e2nd cont c\u0103 e pentru prima dat\u0103 din AUR ALB \u015fi inedit \u00een elaborare&#8230; s\u0103-l fi adus Duhul Sf\u00e2nt<\/em> ???<br \/>\n&#8211; Roma a fost martora celui mai impun\u0103tor REALITY SHOW din istoria televiziunii \u015fi al unor \u201eafaceri de aur\u201d pentru comercian\u0163i, hoteluri, restaurante, etc&#8230; poate ar trebui organizate mai des astfel de manifest\u0103ri, pentru a combate &#8230; Criza !?<br \/>\nDesigur c\u0103 alegerea papei, a demonstrat c\u0103 se cultiv\u0103 ceva ce noi cunoa\u015ftem de pe vremea \u201e\u00eempu\u015fcatului\u201d \u015fi anume un fastuos &#8230; CULT AL PERSONALIT\u0102\u0162II !?<br \/>\n&#8211; <em>Cert e c\u0103 avem doi papi : unul numai emerit \u015fi fost \u00eenrolat \u00een \u201ehitlerian junge\u201d \u015fi un altul care se fotografa cu gen. Vileda, dictator argentinian ajuns azi la \u00eenchisoare pe via\u0163\u0103 pentru 10.000 de \u201edesaparecidos\u201d. Exist\u0103 acuza\u0163ii, cum c\u0103 doi preo\u0163i opozitori ai regimului dictatorial argentinian, care ar fi fost invita\u0163i de Jorge Mario Bergoglio s\u0103 lase preo\u0163ia, datorit\u0103 opozi\u0163iei lor la Dictatura Generalilor, au disp\u0103rut pentru cinci luni \u00een urma refuzului de a se supune&#8230; poate de aceea Cristina Fern\u00e1ndez de Kirchner, pre\u015fedinta Argentinei de azi, nu a f\u0103cut salturi de bucurie la \u201efumat\u0103\u201d !?&#8230; ca de altfel mai to\u0163i liderii sud-americani, \u201efranciscani\u201d de-adev\u0103ratelea pentru popoarele lor !<\/em><br \/>\n<em>\u00centr-o Americ\u0103 Latin\u0103 \u00een plin\u0103 fermenta\u0163ie social\u0103 \u00eempotriva SISTEMULUI, se crede c\u0103 Papa Francisc este D\u0102UN\u0102TOR, a\u015fa cum a fost Ioan-Paul al II-lea pentru COMUNISM ! Asta rezult\u0103 \u015fi din interviul de mai jos, luat acuzatorului principal al noului Pap\u0103 , scriitorul \u00a0Horacio Verbitsky, care \u00eel acuz\u0103 de COLABORA\u0162IONISM CU VILEDA, generalisimul ce arunca adversarii din avioane&#8230;\u00een zbor<\/em> !?<br \/>\n<a href=\"http:\/\/www.ilfattoquotidiano.it\/2013\/03\/15\/papa-francesco-laccusa-di-verbitsky-documenti-e-testimoni-collaboro-con-dittatori\/531362\/\">http:\/\/www.ilfattoquotidiano.it\/2013\/03\/15\/papa-francesco-laccusa-di-verbitsky-documenti-e-testimoni-collaboro-con-dittatori\/531362\/<\/a><br \/>\n<em>\u015ei rezultatele anchetei cardinalilor Julian Herranz, Jozef Tomko \u015fi Salvatore De Giorgi privitoare la un Lobby Gay, pedofilie, afaceri murdare ale B\u0103ncii Vaticane (IOR) \u015fi altele, vor r\u0103m\u00e2ne secrete \u00eentre cei doi papi, primul refuz\u00e2nd s\u0103 le dea publicit\u0103\u0163ii, pas\u00e2nd \u201episica moart\u0103\u201d noului venit. <\/em><br \/>\n<em>Dac\u0103 cineva vrea s\u0103 aprofundeze SCANDALURILE VATICANE \u015fi cunoa\u015fte italiana, iat\u0103 detalii aici<\/em> :<br \/>\n<a href=\"http:\/\/www.tuttigliscandalidelvaticano.com\/\">http:\/\/www.tuttigliscandalidelvaticano.com\/<\/a><br \/>\n&#8211; Marele perdent al Conclavului este cardinalul de Milano Angelo Scola, victim\u0103 a scandalul finan\u0163\u0103rilor suspecte la Spitalului San Raffaele, \u00een care congrega\u0163ia sa \u201eComunione e Liberazione\u201d, e b\u0103gat\u0103 p\u00e2n\u0103 peste cap&#8230; se pare c\u0103 Italia nu mai reprezint\u0103 nimic serios \u00een Lumea Catolic\u0103 !?<br \/>\n&#8211; <em>America de Nord a criticat alegerea lui Jorge Mario Bergoglio, un doctrinar de fier, prea conservator pentru ei. Nu \u00eent\u00e2mpl\u0103tor, Michael Moore a prezentat o fotografie cu actualul Francisc I al\u0103turi de generalul Vileda<\/em> !?<br \/>\n&#8211; De c\u00e2teva zile a pornit o Peti\u0163ie la \u201eMi\u015fcarea 5 Stele\u201d, care deja a dep\u0103\u015fit azi 40.000 de semn\u0103turi (asta da, DEMOCRA\u0162IE PARTICIPATIV\u0102 !) , privitor la ANULAREA PACTULUI ITALIA-VATICAN semnat pe vremea lui Mussolini, care face din statul Vaticanului un adev\u0103rat PARADIS FISCAL. Numai \u00een Roma, Biserica Apostolic\u0103 are un patrimoniu de 10 miliarde de euro, dar asta nu \u00eempiedic\u0103 atribuirea de la Bugetul Italian a un miliard de euro pe an !?!?<\/p>\n<p><span style=\"color: #000080;\"><strong>Concluzia<\/strong> mea deocamdat\u0103, este c\u0103 <strong>Jorge Mario Bergoglio<\/strong> a fost ales de <strong>SISTEM<\/strong>, pentru a vanifica aspira\u0163iile de autodeterminare ale latino-americanilor, fiind \u00een ciuda populismului afi\u015fat, un <strong>dogmatic de dreapta extrem\u0103<\/strong>.<\/span><br \/>\n<span style=\"color: #000080;\">Vreau s\u0103 specfic faptul c\u0103 atitudinea anti-papalin\u0103, nu este una anti-catolic\u0103 !<\/span><br \/>\n<span style=\"color: #000080;\">Eu respect credin\u0163ele tuturor, chiar dac\u0103 nu m\u0103 recunosc deplin \u00een niciuna. <\/span><br \/>\n<span style=\"color: #000080;\">La <strong>\u201eMi\u015fcarea Dacia\u201d<\/strong> avem \u015fi catolici \u015fi ortodoc\u015fi \u015fi mozaici \u015fi musulmani, etc, iar faptul de a critica LIDERII, nu este sinonim cu a ataca APARTENEN\u0162II !<\/span><br \/>\n<span style=\"color: #000080;\">Eu atac chiar \u015fi <strong>LIDERII<\/strong> unor na\u0163iuni, f\u0103r\u0103 ca asta s\u0103 \u00eensemne c\u0103 atac popoarele respective !&#8230; deoarece SISTEMUL este controlat de LIDERI \u015fi suportat de APARTENEN\u0162I&#8230; asta nu \u00eenseamn\u0103 c\u0103 ace\u015ftia din urm\u0103 nu au RESPONSABILIT\u0102\u0162I \u00een men\u0163inerea SISTEMULUI, dar acestea nu sunt &#8230; PRIMARE !!!<\/span><br \/>\n<span style=\"color: #000080;\">Faptul de a s\u0103ri \u00een ap\u0103rarea statelor sud-americane, nu se datoreaz\u0103 unor \u201eidei marxiste\u201d, cum ar putea crede unii, sau cum se str\u0103duiesc unii s\u0103 difuzeze, ci simplului fapt, c\u0103 \u015fi ei \u015fi Mi\u015fcarea Dacia, vor s\u0103 <strong>IE\u015eIM DIN ACTUALUL SISTEM<\/strong>, pentru motivele expuse pe larg \u015fi concretizate \u00een Principiile \u015fi Obiectivele noastre, care nu au CULOARE POLITIC\u0102 !<\/span><br \/>\n<span style=\"color: #000080;\">Faptul c\u0103 Papa Ioan Paul al II-lea a comb\u0103tut societ\u0103\u0163ile totalitare comuniste, se demonstreaz\u0103 negativ azi, \u00een condi\u0163iile \u00een care \u201enoua ordine socio-economic\u0103\u201d nu se demonstreaz\u0103 nici pe departe favorabil\u0103 popoarelor, care, se poate zice cu t\u0103rie mai ales \u00een cazul Rom\u00e2niei, <strong>\u201eau c\u0103zut din lac \u00een pu\u0163\u201d<\/strong> !!!<\/span><\/p>\n<p><span style=\"color: #000000;\"><strong>P.S.<\/strong><\/span> <span style=\"color: #000000;\">chestia cu \u201edecep\u0163ia amoroas\u0103\u201d se verific\u0103<\/span> :<br \/>\n<a href=\"http:\/\/http:\/\/www.ziare.com\/international\/papa\/femeia-care-i-a-frant-inima-papei-francisc-i-rupe-tacerea-video-1224752\">http:\/\/www.ziare.com\/international\/papa\/femeia-care-i-a-frant-inima-papei-francisc-i-rupe-tacerea-video-1224752<\/a><\/p>\n","protected":false},"excerpt":{"rendered":"<p>Jorge Mario Bergoglio este de ieri, Papa Francisc I, primul pap\u0103 iezuit din Istoria Catolicismului. NEGRU din titlu, provine de la ve\u015fmintele negre ale iezui\u0163ilor. Dac\u0103 mai dori\u0163i detalii \u201ede parte\u201d despre IEZUI\u0162I, ave\u0163i aici ceva : http:\/\/proortodox.wordpress.com\/2009\/11\/07\/papa-si-a-trimis-trupele-de-iezuiti-sub-acoperire-in-toate-cultele-religioase-ca-sa-invete-si-sa-predice-de-la-amvoane\/ Nu \u015ftiu dac\u0103 e totul adev\u0103rat, dar se vorbe\u015fte&#8230; O s\u0103 v\u0103 dau ceva detalii mai \u201everificate\u201d [&hellip;]<\/p>\n","protected":false},"author":2,"featured_media":0,"comment_status":"open","ping_status":"open","sticky":false,"template":"","format":"standard","meta":{"footnotes":""},"categories":[3],"tags":[1130,1125,1128,290,210,390,295,1131,457,598,1129],"jetpack_featured_media_url":"","_links":{"self":[{"href":"https:\/\/bassdu.mine.bz\/index.php?rest_route=\/wp\/v2\/posts\/2801"}],"collection":[{"href":"https:\/\/bassdu.mine.bz\/index.php?rest_route=\/wp\/v2\/posts"}],"about":[{"href":"https:\/\/bassdu.mine.bz\/index.php?rest_route=\/wp\/v2\/types\/post"}],"author":[{"embeddable":true,"href":"https:\/\/bassdu.mine.bz\/index.php?rest_route=\/wp\/v2\/users\/2"}],"replies":[{"embeddable":true,"href":"https:\/\/bassdu.mine.bz\/index.php?rest_route=%2Fwp%2Fv2%2Fcomments&post=2801"}],"version-history":[{"count":6,"href":"https:\/\/bassdu.mine.bz\/index.php?rest_route=\/wp\/v2\/posts\/2801\/revisions"}],"predecessor-version":[{"id":2804,"href":"https:\/\/bassdu.mine.bz\/index.php?rest_route=\/wp\/v2\/posts\/2801\/revisions\/2804"}],"wp:attachment":[{"href":"https:\/\/bassdu.mine.bz\/index.php?rest_route=%2Fwp%2Fv2%2Fmedia&parent=2801"}],"wp:term":[{"taxonomy":"category","embeddable":true,"href":"https:\/\/bassdu.mine.bz\/index.php?rest_route=%2Fwp%2Fv2%2Fcategories&post=2801"},{"taxonomy":"post_tag","embeddable":true,"href":"https:\/\/bassdu.mine.bz\/index.php?rest_route=%2Fwp%2Fv2%2Ftags&post=2801"}],"curies":[{"name":"wp","href":"https:\/\/api.w.org\/{rel}","templated":true}]}}