{"id":2807,"date":"2013-03-16T22:55:48","date_gmt":"2013-03-16T21:55:48","guid":{"rendered":"http:\/\/bassdu.mine.nu\/?p=2807"},"modified":"2013-03-17T10:49:15","modified_gmt":"2013-03-17T09:49:15","slug":"demararea-contactelor-cu-movimento-cinque-stelle-pentru-exportul-in-romania","status":"publish","type":"post","link":"https:\/\/bassdu.mine.bz\/?p=2807","title":{"rendered":"Demararea contactelor cu \u201eMoVimento Cinque Stelle\u201d, pentru \u201eexportul\u201d \u00een Rom\u00e2nia !"},"content":{"rendered":"<p><span style=\"color: #000080;\"><strong>\u0162in\u00e2nd cont de faptul c\u0103 <span style=\"color: #000000;\">\u201eMi\u015fcarea Dacia\u201d<\/span> are IDEILE FUNDAMENTALE \u00een comun cu<span style=\"color: #000000;\"> \u201eMoVimento Cinque Stele\u201d<\/span> \u015fi c\u0103 suntem singura form\u0103 organizat\u0103 politic\u0103 din Rom\u00e2nia, cu care mi\u015fcarea italian\u0103 poate converge, declar c\u0103 voi ini\u0163ia contactele cu aceasta, prezent\u00e2nd o SCRISOARE DE ACREDITARE ce va fi publicat\u0103 m\u00e2ine.<\/strong><\/span><br \/>\n<span style=\"color: #000080;\"><strong>Aceast\u0103 ini\u0163iativ\u0103, pe care o am de mult \u00een vedere, nu a fost pus\u0103 \u00een aplicare p\u00e2n\u0103 acum, de\u015fi putem demonstra oric\u00e2nd c\u0103 \u201esuntem \u00een aceea\u015fi barc\u0103 cu M5S\u201d, deoarece recep\u0163ia <span style=\"color: #000000;\">IDEILOR M5S \u015fi MD<\/span>, nu a fost satisf\u0103c\u0103toare, pe de o parte datorit\u0103 \u201elipsei culturii politice\u201d a rom\u00e2nilor, iar pe de alt\u0103 parte, datorit\u0103 slabei prezente mediatice (numai la nivel de Facebook) \u015fi \u201eobscur\u0103rii strategice\u201d a mi\u015fc\u0103rii noastre de c\u0103tre ORGANELE MEDIATICE rom\u00e2ne\u015fti din Italia \u015fi din Rom\u00e2nia, care ne cunosc, dar ne ignor\u0103 cu bun\u0103 \u015ftiin\u0163\u0103.<\/strong><\/span><br \/>\n<span style=\"color: #000080;\"><strong>Acest moment este favorabil contactului cu M5S, deoarece ast\u0103zi, <span style=\"color: #000000;\">Beppe Grillo<\/span> \u015fi-a manifestat inten\u0163ia de a \u201eexporta\u201d experien\u0163a italian\u0103 \u00een Europa, dup\u0103 cum rezult\u0103 din aceste r\u00e2nduri scrise \u00een jurnalul \u201eIl Fatto Quotidiano\u201d :<\/strong><\/span><\/p>\n<p><span style=\"color: #000080;\"><strong>\u201e<span style=\"color: #800000;\">Beppe Grillo che, una volta sondati gli umori tra i suoi, si \u00e8 ritirato a Genova, dove pensa gi\u00e0 a esportare l\u2019esperienza antipartitica all\u2019estero e ha dato incarico ai suoi ambasciatori di sondare il terreno.<\/span>\u201d<\/strong><\/span><\/p>\n<p><span style=\"color: #000080;\"><strong>TRADUCERE:<\/strong><\/span><br \/>\n<span style=\"color: #000080;\"><strong>\u201e<span style=\"color: #800000;\">Beppe Grillo care, dup\u0103 ce a sondat p\u0103rerile alor s\u0103i, s-a retras la Genova, unde se g\u00e2nde\u015fte deja s\u0103 exporte experien\u0163a antipartidic\u0103 \u00een str\u0103in\u0103tate, d\u00e2nd sarcin\u0103 ambasadorilor s\u0103i s\u0103 sondeze terenul<\/span>\u201d.<\/strong><\/span><\/p>\n<p><span style=\"color: #000080;\"><strong><span style=\"color: #000000;\">Inten\u0163ia sa poate fi citit\u0103 aici<\/span> :<\/strong> <a href=\"http:\/\/http:\/\/www.ilfattoquotidiano.it\/2013\/03\/16\/senato-m5s-va-per-sua-strada-per-noi-grasso-o-schifani-poco-cambia\/532597\/\">http:\/\/www.ilfattoquotidiano.it\/2013\/03\/16\/senato-m5s-va-per-sua-strada-per-noi-grasso-o-schifani-poco-cambia\/532597\/<\/a><\/span><\/p>\n<p><span style=\"color: #000080;\"><strong>Voi face tot ceea ce este necesar, pentru a-l convinge pe Beppe Grillo s\u0103 ne dea o m\u00e2n\u0103 de ajutor \u015fi eventual s\u0103 vin\u0103 la Bucure\u015fti \u015fi s\u0103 ne dea \u201eimpulsul decisiv\u201d, pentru ca \u00een cel mai scurt timp s\u0103 trecem pe baza Principiilor \u015fi Obiectivelor noastre la &#8230; FAPTE<\/strong> !<\/span>!!<br \/>\n<span style=\"color: #003300;\"><strong>Inten\u0163ia noastr\u0103 e de a ajunge s\u0103 form\u0103m \u00een Parlamentul European o grupare politic\u0103 nou\u0103, care s\u0103 pun\u0103 bazele unei EUROPE A POPOARELOR, ci nu a CAPITALURILOR, a\u015fa cum e azi<\/strong> <\/span>!!!<\/p>\n<p><span style=\"color: #000000;\"><strong>Dac\u0103 evenimentele se vor derula dup\u0103 cum trebuie, odat\u0103 adus Grillo la Bucure\u015fti, vom \u201eexploda\u201d cu o for\u0163\u0103 \u015fi mai mare dec\u00e2t M5S ! Organele mediatice ne vor b\u0103ga \u00een sf\u00e2r\u015fit \u00een seam\u0103, deoarece o astfel de prezen\u0163\u0103 nu poate fi ignorat\u0103 \u015fi astfel vom procede la \u201eruperea inimii t\u00e2rgului\u201d ! Vom \u00eencepe o serie de Conferin\u0163e \u015fi vom demara concomitent opera\u0163iunea de str\u00e2ngere de adeziuni, deci membrii Sfatului trebuie s\u0103 se documenteze bine din materialele noastre, pentru a face fa\u0163\u0103 unor astfel de exigen\u0163e. <\/strong><\/span><br \/>\n<span style=\"color: #000000;\"><strong>Mul\u0163i se vor c\u0103ina c\u0103 nu ne-au b\u0103gat \u00een seam\u0103&#8230; dar va fi prea t\u00e2rziu !!!&#8230; cine are urechi s\u0103 aud\u0103 \u015fi ochi s\u0103 citeasc\u0103, s-o fac\u0103, deoarece \u201etrenul mai este \u00eenc\u0103 \u00een gar\u0103\u201d ! <\/strong><\/span><br \/>\n<span style=\"color: #000000;\"><strong>Mereu am atras aten\u0163ia c\u0103 \u201eavem a\u015fi pe m\u00e2nec\u0103\u201d \u015fi \u00eenc\u0103 nu am terminat de etalat ! Cine crede c\u0103 noi pierdem timpul de poman\u0103 de 4 ani, se \u00een\u015feal\u0103 &#8230; am preg\u0103tit tot ce trebuie pentru viitor, fiind noi gata s\u0103 oferim SOLU\u0162II la ORICE PROBLEM\u0102 a Rom\u00e2niei. Bine\u00een\u0163eles c\u0103 nu o vom face b\u0103t\u00e2nd din palme , ci pe parcursul a zeci de ani, deoarece o NOU\u0102 PARADIGM\u0102 SOCIO-ECONOMIC\u0102 nu se implementeaz\u0103 de pe o zi pe alta \u015fi nici de la o legislatur\u0103 la alt<\/strong><strong>a<\/strong><\/span> !<\/p>\n","protected":false},"excerpt":{"rendered":"<p>\u0162in\u00e2nd cont de faptul c\u0103 \u201eMi\u015fcarea Dacia\u201d are IDEILE FUNDAMENTALE \u00een comun cu \u201eMoVimento Cinque Stele\u201d \u015fi c\u0103 suntem singura form\u0103 organizat\u0103 politic\u0103 din Rom\u00e2nia, cu care mi\u015fcarea italian\u0103 poate converge, declar c\u0103 voi ini\u0163ia contactele cu aceasta, prezent\u00e2nd o SCRISOARE DE ACREDITARE ce va fi publicat\u0103 m\u00e2ine. Aceast\u0103 ini\u0163iativ\u0103, pe care o am de [&hellip;]<\/p>\n","protected":false},"author":2,"featured_media":0,"comment_status":"open","ping_status":"open","sticky":false,"template":"","format":"standard","meta":{"footnotes":""},"categories":[73],"tags":[685,210,408,698,390,295],"jetpack_featured_media_url":"","_links":{"self":[{"href":"https:\/\/bassdu.mine.bz\/index.php?rest_route=\/wp\/v2\/posts\/2807"}],"collection":[{"href":"https:\/\/bassdu.mine.bz\/index.php?rest_route=\/wp\/v2\/posts"}],"about":[{"href":"https:\/\/bassdu.mine.bz\/index.php?rest_route=\/wp\/v2\/types\/post"}],"author":[{"embeddable":true,"href":"https:\/\/bassdu.mine.bz\/index.php?rest_route=\/wp\/v2\/users\/2"}],"replies":[{"embeddable":true,"href":"https:\/\/bassdu.mine.bz\/index.php?rest_route=%2Fwp%2Fv2%2Fcomments&post=2807"}],"version-history":[{"count":7,"href":"https:\/\/bassdu.mine.bz\/index.php?rest_route=\/wp\/v2\/posts\/2807\/revisions"}],"predecessor-version":[{"id":2812,"href":"https:\/\/bassdu.mine.bz\/index.php?rest_route=\/wp\/v2\/posts\/2807\/revisions\/2812"}],"wp:attachment":[{"href":"https:\/\/bassdu.mine.bz\/index.php?rest_route=%2Fwp%2Fv2%2Fmedia&parent=2807"}],"wp:term":[{"taxonomy":"category","embeddable":true,"href":"https:\/\/bassdu.mine.bz\/index.php?rest_route=%2Fwp%2Fv2%2Fcategories&post=2807"},{"taxonomy":"post_tag","embeddable":true,"href":"https:\/\/bassdu.mine.bz\/index.php?rest_route=%2Fwp%2Fv2%2Ftags&post=2807"}],"curies":[{"name":"wp","href":"https:\/\/api.w.org\/{rel}","templated":true}]}}