{"id":281,"date":"2009-06-07T09:13:35","date_gmt":"2009-06-07T08:13:35","guid":{"rendered":"http:\/\/bassdu.mine.nu\/?p=281"},"modified":"2009-06-08T13:37:44","modified_gmt":"2009-06-08T12:37:44","slug":"dacia-e-dac","status":"publish","type":"post","link":"https:\/\/bassdu.mine.bz\/?p=281","title":{"rendered":"DACIA e DAC"},"content":{"rendered":"<p class=\"MsoNormal\" style=\"margin: 0cm 0cm 10pt; text-align: center;\" align=\"center\"><strong style=\"mso-bidi-font-weight: normal;\"><span style=\"font-size: 18pt; line-height: 115%;\"><span style=\"font-family: Calibri;\">Perch\u00e9 DACIA e DAC ?<\/span><\/span><\/strong><\/p>\n<p class=\"MsoNormal\" style=\"margin: 0cm 0cm 10pt;\"><span style=\"font-size: 18pt; line-height: 115%;\"><span style=\"font-family: Calibri;\"> <\/span><\/span><\/p>\n<p class=\"MsoNormal\" style=\"margin: 0cm 0cm 10pt;\"><span style=\"font-size: 12pt; line-height: 115%;\"><span style=\"font-family: Calibri;\"><span style=\"mso-spacerun: yes;\"> <\/span>La mia proposta di organizzare un Referendum per ritornare alla vecchia denominazione DACIA, ha gi\u00e0 riscontrato una certa perplessit\u00e0 dei miei pochi lettori.<\/span><\/span><\/p>\n<p class=\"MsoNormal\" style=\"margin: 0cm 0cm 10pt;\"><span style=\"font-size: 12pt; line-height: 115%;\"><span style=\"font-family: Calibri;\"><span style=\"mso-spacerun: yes;\"> <\/span>Prima di tutto, non \u00e8 una mia idea. Non ho fatto altro che riportare delle voci autorevoli ed interpretato un desiderio di molti nostri connazionali.<\/span><\/span><\/p>\n<p class=\"MsoNormal\" style=\"margin: 0cm 0cm 10pt;\"><span style=\"font-size: 12pt; line-height: 115%;\"><span style=\"font-family: Calibri;\"><span style=\"mso-spacerun: yes;\"> <\/span>Perch\u00e9 il territorio dei franchi si pu\u00f2 chiamare Francia ed <span style=\"mso-spacerun: yes;\"> <\/span>il nostro non pu\u00f2 chiamarsi DACIA?<\/span><\/span><\/p>\n<p class=\"MsoNormal\" style=\"margin: 0cm 0cm 10pt;\"><span style=\"font-size: 12pt; line-height: 115%;\"><span style=\"font-family: Calibri;\"><span style=\"mso-spacerun: yes;\"> <\/span>Gli oppositori, magari, la pensano come molti nostri detrattori, che sostengono l\u2019eliminazione totale dei daci, per mano delle legioni romane. Basta per\u00f2 accorgersi della ricchezza di parole \u201crimaste\u201d nel vocabolario, per capire che un popolo non pu\u00f2 essere sterminato, senza la sparizione in concomitanza, anche della lingua. <\/span><\/span><\/p>\n<p class=\"MsoNormal\" style=\"margin: 0cm 0cm 10pt;\"><span style=\"font-size: 12pt; line-height: 115%;\"><span style=\"font-family: Calibri;\"><span style=\"mso-spacerun: yes;\"> <\/span>Il sacro nome DACIA, permetterebbe un approccio diverso per le pretese territoriali degli altri, per il problema Moldova, per la tutela delle nostre minoranze sparse nella regione ed anche per il problema rom, che non dobbiamo far finta di non vedere.<\/span><\/span><\/p>\n<p class=\"MsoNormal\" style=\"margin: 0cm 0cm 10pt;\"><span style=\"font-size: 12pt; line-height: 115%;\"><span style=\"font-family: Calibri;\"><span style=\"mso-spacerun: yes;\"> <\/span>Non voglio essere ricatalogato, come sono gi\u00e0 stato, ma l\u2019attuale \u201cpressione\u201d che subbiamo richiede risposte su misura. Noi non abbiamo pretese territoriali, accogliamo tutti quelli che hanno il diritto di nascita, rispettiamo tutte le minoranze, ma non possiamo non tenere conto dei nostri interessi nazionali !<\/span><\/span><\/p>\n<p class=\"MsoNormal\" style=\"margin: 0cm 0cm 10pt;\"><span style=\"font-size: 12pt; line-height: 115%;\"><span style=\"font-family: Calibri;\"><span style=\"mso-spacerun: yes;\"> <\/span>Proprio questa mattina, un telegiornale metteva in luce una vera corrente \u201canti-europeista\u201d, sorta in Inghilterra, Cechia e Polonia. Sono saltato dalla sedia, perche mancava la DACIA, per farmi pensare alla quartina 51 della V-a Centurie di Nostradamus:<\/span><\/span><\/p>\n<p class=\"MsoNormal\" style=\"margin: 0cm 0cm 10pt;\"><span style=\"font-size: 12pt; line-height: 115%;\"><span style=\"font-family: Calibri;\"> <\/span><\/span><\/p>\n<p class=\"MsoNormal\" style=\"margin: 0cm 0cm 10pt;\"><span style=\"font-size: 12pt; line-height: 115%;\"><span style=\"font-family: Calibri;\"><span style=\"mso-spacerun: yes;\"> <\/span><\/span><\/span><\/p>\n<table class=\"MsoNormalTable\" style=\"mso-cellspacing: 1.5pt; mso-yfti-tbllook: 1184;\" border=\"0\" cellpadding=\"0\">\n<tbody>\n<tr style=\"mso-yfti-irow: 0; mso-yfti-firstrow: yes; mso-yfti-lastrow: yes;\">\n<td style=\"background-color: transparent; border: #ece9d8; padding: 0.75pt;\">\n<p class=\"MsoNormal\" style=\"margin: 0cm 0cm 0pt; line-height: normal;\"><strong><span style=\"font-size: 20.5pt; color: #c00000; font-family: &quot;Times New Roman&quot;,&quot;serif&quot;; mso-fareast-font-family: 'Times New Roman'; mso-fareast-language: IT;\">V\/51 <\/span><\/strong><\/p>\n<\/td>\n<td style=\"background-color: transparent; border: #ece9d8; padding: 0.75pt;\">\n<p class=\"MsoNormal\" style=\"margin: 0cm 0cm 0pt; line-height: normal;\"><strong><span style=\"font-size: 12pt; color: #c00000; font-family: &quot;Times New Roman&quot;,&quot;serif&quot;; mso-fareast-font-family: 'Times New Roman'; mso-fareast-language: IT;\">La gent de Dace, d&#8217;Angleterre &amp; Polonne<br \/>\nEt de Boesme feront nouuelle ligue:<br \/>\nPour passer outre d&#8217;Hercules la colonne,<br \/>\nBarcins, Tyrrens dresser cruelle brigue. <\/span><\/strong><\/td>\n<\/tr>\n<\/tbody>\n<\/table>\n<p class=\"MsoNormal\" style=\"margin: 0cm 0cm 10pt;\"><span style=\"font-size: 12pt; line-height: 115%;\"><span style=\"font-family: Calibri;\"><span style=\"mso-spacerun: yes;\"> <\/span><\/span><\/span><\/p>\n<p class=\"MsoNormal\" style=\"margin: 0cm 0cm 10pt;\"><span style=\"font-size: 12pt; line-height: 115%;\"><span style=\"font-family: Calibri;\"><span style=\"mso-spacerun: yes;\"> <\/span>La \u201cmancanza\u201d di un appoggio dell\u2019U.E. ai nostri problemi , corroborata con il degrado in atto ed il malcontento della nostra gente, pu\u00f2 portarci anche ad un simile scenario!<\/span><\/span><\/p>\n<p class=\"MsoNormal\" style=\"margin: 0cm 0cm 10pt;\"><strong style=\"mso-bidi-font-weight: normal;\"><span style=\"font-size: 12pt; line-height: 115%;\"><span style=\"font-family: Calibri;\"><span style=\"mso-spacerun: yes;\"> <\/span>Chi ha orecchie per sentire, senta! <\/span><\/span><\/strong><\/p>\n<p class=\"MsoNormal\" style=\"margin: 0cm 0cm 10pt;\"><strong style=\"mso-bidi-font-weight: normal;\"><span style=\"font-size: 12pt; line-height: 115%;\"><span style=\"font-family: Calibri;\"><span style=\"mso-spacerun: yes;\"> <\/span>Chi vuol\u2019 capire, \u2026 capisca!<\/span><\/span><\/strong><\/p>\n<p class=\"MsoNormal\" style=\"margin: 0cm 0cm 10pt;\"><span style=\"font-size: 12pt; line-height: 115%;\"><span style=\"font-family: Calibri;\">Alla prossima !<\/span><\/span><\/p>\n","protected":false},"excerpt":{"rendered":"<p>Perch\u00e9 DACIA e DAC ? La mia proposta di organizzare un Referendum per ritornare alla vecchia denominazione DACIA, ha gi\u00e0 riscontrato una certa perplessit\u00e0 dei miei pochi lettori. Prima di tutto, non \u00e8 una mia idea. Non ho fatto altro che riportare delle voci autorevoli ed interpretato un desiderio di molti nostri connazionali. Perch\u00e9 il [&hellip;]<\/p>\n","protected":false},"author":2,"featured_media":0,"comment_status":"open","ping_status":"open","sticky":false,"template":"","format":"standard","meta":{"footnotes":""},"categories":[88],"tags":[84,45,10],"jetpack_featured_media_url":"","_links":{"self":[{"href":"https:\/\/bassdu.mine.bz\/index.php?rest_route=\/wp\/v2\/posts\/281"}],"collection":[{"href":"https:\/\/bassdu.mine.bz\/index.php?rest_route=\/wp\/v2\/posts"}],"about":[{"href":"https:\/\/bassdu.mine.bz\/index.php?rest_route=\/wp\/v2\/types\/post"}],"author":[{"embeddable":true,"href":"https:\/\/bassdu.mine.bz\/index.php?rest_route=\/wp\/v2\/users\/2"}],"replies":[{"embeddable":true,"href":"https:\/\/bassdu.mine.bz\/index.php?rest_route=%2Fwp%2Fv2%2Fcomments&post=281"}],"version-history":[{"count":4,"href":"https:\/\/bassdu.mine.bz\/index.php?rest_route=\/wp\/v2\/posts\/281\/revisions"}],"predecessor-version":[{"id":284,"href":"https:\/\/bassdu.mine.bz\/index.php?rest_route=\/wp\/v2\/posts\/281\/revisions\/284"}],"wp:attachment":[{"href":"https:\/\/bassdu.mine.bz\/index.php?rest_route=%2Fwp%2Fv2%2Fmedia&parent=281"}],"wp:term":[{"taxonomy":"category","embeddable":true,"href":"https:\/\/bassdu.mine.bz\/index.php?rest_route=%2Fwp%2Fv2%2Fcategories&post=281"},{"taxonomy":"post_tag","embeddable":true,"href":"https:\/\/bassdu.mine.bz\/index.php?rest_route=%2Fwp%2Fv2%2Ftags&post=281"}],"curies":[{"name":"wp","href":"https:\/\/api.w.org\/{rel}","templated":true}]}}