{"id":2829,"date":"2013-03-18T23:00:21","date_gmt":"2013-03-18T22:00:21","guid":{"rendered":"http:\/\/bassdu.mine.nu\/?p=2829"},"modified":"2013-03-18T23:00:21","modified_gmt":"2013-03-18T22:00:21","slug":"o-noua-politica-regionala-2","status":"publish","type":"post","link":"https:\/\/bassdu.mine.bz\/?p=2829","title":{"rendered":"O NOU\u0102 POLITIC\u0102 REGIONAL\u0102"},"content":{"rendered":"<p><span style=\"color: #000000;\"><strong>Am citit pe fb :<\/strong><\/span><\/p>\n<p><span style=\"color: #000080;\"><strong>1. In Slovacia se interzice dubla cet\u0103\u0163enie iar etnicii maghiari care de\u0163in cet\u0103\u0163enia ungar\u0103 nu pot ocupa func\u0163ii publice;<\/strong><\/span><br \/>\n<span style=\"color: #000080;\"><strong> 2 Autorit\u0103\u0163ile slovace au implementat regionalizarea resping\u00e2nd organizarea administrativ-teritorial\u0103 pe criterii etnice, evit\u00e2nd astfel apari\u0163ia a&#8230;celei \u201emici Ungarii\u201d pe teritoriul s\u0103u, at\u00e2t de mult dorite de Ungaria \u015fi subordonate total intereselor acesteia, nu numai \u00een cazul de fa\u0163\u0103 dar \u015fi \u00een cel al Rom\u00e2niei, Ucrainei, Serbiei, etc., peste tot unde exist\u0103 o minoritate maghiar\u0103;<\/strong><\/span><br \/>\n<span style=\"color: #000080;\"><strong> 3 Statul slovac a interzis desf\u0103\u015furarea pe teritoriul s\u0103u, la Komarno, \u00een ziua de 27 iunie 2012, a \u015fedin\u0163ei unei comisii a Parlamentului Ungariei;<\/strong><\/span><br \/>\n<span style=\"color: #000080;\"><strong> 4. Trupa rock Karpatia, din Ungaria, este interzis\u0103 pe teritoriul Slovaciei datorit\u0103 mesajelor extremiste, \u015fovine, xenofobe, rasiste \u015fi de sus\u0163inere a refacerii a\u015fa zisei Ungarii Mari cuprinse \u00een repertoriul ei;<\/strong><\/span><br \/>\n<span style=\"color: #000080;\"><strong> Se impune, deci, ca Statul Roman, prin organele abilitate sa ia masurile necesare in problema minoritatii maghiare si a reprezntantilor acestora , care duc o politica de destabilizare a Statului Suveran si democratic, ROMANIA<\/strong><\/span>.<\/p>\n<p>Pricepe cineva ce \u00eenseamn\u0103 o NOU\u0102 POLITIC\u0102 REGIONAL\u0102 (\u00eentre Obiectivele MD), realizat\u0103 de statele centro &#8211; est &#8211; europene din vechiul areal tracic, deci care s\u0103 cuprind\u0103 ROM\u00c2NIA,SLOVACIA, SERBIA, CROA\u0162IA, BULGARIA, POLONIA, UNGARIA, UCRAINA, MACEDONIA, MUNTENEGRU, BOSNIA, GRECIA ???<br \/>\nS-ar putea stabili \u00een aceast\u0103 companie, REGULI GENERALE DE TRATAMENT ALE MINORIT\u0102\u0162ILOR ETNICE \u015fi nimeni nu ar putea refuza participarea la astfel de tratative \u015fi nu ar putea emite PRETEN\u0162II deasupra celor convenite, f\u0103r\u0103 a avea CONSECIN\u0162E !&#8230; asta e SOLU\u0162IA Mi\u015fc\u0103rii Dacia !!!&#8230; c\u0103 tot vor occidentalii o \u201eEurop\u0103 cu dou\u0103 viteze\u201d !?!?<br \/>\nOdat\u0103, astfel de tratate se chemau \u201eMica Antant\u0103\u201d \u015fi \u201eAlian\u0163a Balcanic\u0103\u201d&#8230; ce-ar fi s\u0103 fie reeditate \u015fi s\u0103 nu mai l\u0103s\u0103m Diavolul s\u0103-\u015fi bage coada ???<\/p>\n","protected":false},"excerpt":{"rendered":"<p>Am citit pe fb : 1. In Slovacia se interzice dubla cet\u0103\u0163enie iar etnicii maghiari care de\u0163in cet\u0103\u0163enia ungar\u0103 nu pot ocupa func\u0163ii publice; 2 Autorit\u0103\u0163ile slovace au implementat regionalizarea resping\u00e2nd organizarea administrativ-teritorial\u0103 pe criterii etnice, evit\u00e2nd astfel apari\u0163ia a&#8230;celei \u201emici Ungarii\u201d pe teritoriul s\u0103u, at\u00e2t de mult dorite de Ungaria \u015fi subordonate total intereselor [&hellip;]<\/p>\n","protected":false},"author":2,"featured_media":0,"comment_status":"open","ping_status":"open","sticky":false,"template":"","format":"standard","meta":{"footnotes":""},"categories":[73],"tags":[452,1134,186,1135,975,210,390,41,206,812,451,729],"jetpack_featured_media_url":"","_links":{"self":[{"href":"https:\/\/bassdu.mine.bz\/index.php?rest_route=\/wp\/v2\/posts\/2829"}],"collection":[{"href":"https:\/\/bassdu.mine.bz\/index.php?rest_route=\/wp\/v2\/posts"}],"about":[{"href":"https:\/\/bassdu.mine.bz\/index.php?rest_route=\/wp\/v2\/types\/post"}],"author":[{"embeddable":true,"href":"https:\/\/bassdu.mine.bz\/index.php?rest_route=\/wp\/v2\/users\/2"}],"replies":[{"embeddable":true,"href":"https:\/\/bassdu.mine.bz\/index.php?rest_route=%2Fwp%2Fv2%2Fcomments&post=2829"}],"version-history":[{"count":1,"href":"https:\/\/bassdu.mine.bz\/index.php?rest_route=\/wp\/v2\/posts\/2829\/revisions"}],"predecessor-version":[{"id":2830,"href":"https:\/\/bassdu.mine.bz\/index.php?rest_route=\/wp\/v2\/posts\/2829\/revisions\/2830"}],"wp:attachment":[{"href":"https:\/\/bassdu.mine.bz\/index.php?rest_route=%2Fwp%2Fv2%2Fmedia&parent=2829"}],"wp:term":[{"taxonomy":"category","embeddable":true,"href":"https:\/\/bassdu.mine.bz\/index.php?rest_route=%2Fwp%2Fv2%2Fcategories&post=2829"},{"taxonomy":"post_tag","embeddable":true,"href":"https:\/\/bassdu.mine.bz\/index.php?rest_route=%2Fwp%2Fv2%2Ftags&post=2829"}],"curies":[{"name":"wp","href":"https:\/\/api.w.org\/{rel}","templated":true}]}}