{"id":2832,"date":"2013-03-20T22:02:28","date_gmt":"2013-03-20T21:02:28","guid":{"rendered":"http:\/\/bassdu.mine.nu\/?p=2832"},"modified":"2013-03-20T23:24:58","modified_gmt":"2013-03-20T22:24:58","slug":"modificare-in-capitolul-ii-punctul-m-al-statutului-miscarii-dacia","status":"publish","type":"post","link":"https:\/\/bassdu.mine.bz\/?p=2832","title":{"rendered":"Modificare \u00een Capitolul II punctul (m) al Statutului Mi\u015fc\u0103rii Dacia"},"content":{"rendered":"<p><span style=\"color: #000000;\"><strong>\u0162in\u00e2nd cont c\u0103 anumite minorit\u0103\u0163i vor mai mult dec\u00e2t au, Mi\u015fcarea Dacia include \u00eentre Obiective : PRECIZAREA ETNIEI \u00ceN DOCUMENTUL DE IDENTITATE.<\/strong><\/span><br \/>\n<span style=\"color: #000000;\"><strong> Bine\u00een\u0163eles c\u0103 secuii \u015fi maghiarii nu sunt acela\u015fi popor \u015fi cum se face o anumit\u0103 confuzie azi, VREM S\u0102 \u015eTIM \u015eI NOI CINE, C\u00c2\u0162I \u015eI CE PRETEN\u0162II AU, ca s\u0103 le discut\u0103m propunerile !<\/strong><\/span><br \/>\n<span style=\"color: #000000;\"><strong>\u00a0\u00cen func\u0163ie de rezultatele recens\u0103m\u00e2ntului care va fi organizat, se vor face analizele de rigoare. \u00cen aceast\u0103 ANALIZ\u0102, vom include \u015fi CONSULT\u0102RI CU \u0162\u0102RILE din zon\u0103, urm\u00e2nd s\u0103 stabilim REGULI GENERAL VALABILE PENTRU TOATE \u0162\u0102RILE . <\/strong><\/span><br \/>\n<span style=\"color: #000000;\"><strong>Aceste \u201ereguli\u201d se vor situa probabil \u00eentre ceea ce ofer\u0103 azi Rom\u00e2nia \u015fi ceea ce ofer\u0103 ceilal\u0163i !!!&#8230; imediat m\u0103 duce mintea la SOARTA ROM\u00c2NILOR DIN SERBIA, BULGARIA, GRECIA, POLONIA, CROA\u0162IA, UNGARIA \u015fi UCRAINA ! Vom fi bucuro\u015fi s\u0103 ob\u0163inem AUTONOMIA TIMOCULUI \u015fi BUCOVINEI DE NORD \u015fi s-o acord\u0103m \u015fi noi secuilor, dac\u0103 asta va fi DORIN\u0162A COMUN\u0102 a statelor vizate !!! &#8230; am ceva dubii c\u0103 se va \u00eent\u00e2mpla a\u015fa, dar m\u0103car un pic de DREPTURI \u00een plus , tot am avea pentru fra\u0163ii no\u015ftri din afara Rom\u00e2niei !&#8230; nu \u015ftiu ceilal\u0163i !?&#8230; ce fac slovacii, am v\u0103zut \u00een postarea anterioar\u0103 \u015fi ne poate fi de pild\u0103 !<\/strong><\/span><br \/>\n<span style=\"color: #000000;\"><strong> Eu am f\u0103cut deja propunerea de modificare a Principiilor \u015fi Obiectivelor Mi\u015fc\u0103rii Dacia, cuprinse \u00een Proiectul de Statut, la Capitolul II, punctul (m)<\/strong><\/span>.<br \/>\n<span style=\"color: #000000;\"><strong>\u00cen ultimul timp asist\u0103m la diverse manifest\u0103ri de intoleran\u0163\u0103 etnic\u0103 din partea minoritarilor, dar \u015fi din partea unora de-ai no\u015ftri \u201ecu mucii pe piept\u201d !&#8230; cum poate fi catalogat\u0103 arderea unui drapel maghiar de c\u0103tre ni\u015fte microbi\u015fti dobitoci !?&#8230; c\u0103 nu degeaba avem noi \u00een program DESFIIN\u0162AREA SPORTULUI PE BANI !?<\/strong><\/span><br \/>\n<span style=\"color: #000000;\"><strong>CHESTIUNEA MINORIT\u0102\u0162ILOR ETNICE este o chestiune delicat\u0103, iar ghiolbanii, nu pot dec\u00e2t s\u0103 aprind\u0103 spiritele. Ace\u015ftia se limiteaz\u0103 (deh&#8230; limita\u0163i!?) la \u00eenjur\u0103turi \u015fi jigniri m\u00e2rl\u0103ne\u015fti, pe c\u00e2nd Mi\u015fcarea Dacia propune m\u0103suri concrete de detensionare \u00een limitele BUNULUI SIM\u0162 ! <\/strong><\/span><br \/>\n<span style=\"color: #000000;\"><strong>Vre\u0163i o rezolvare de-adev\u0103ratelea a chestiunii ?&#8230; veni\u0163i cu noi, c\u0103 avem min\u0163ile limpezi, ci nu tulburate ! Asta nu \u00eenseamn\u0103 c\u0103 nu cunoa\u015ftem chestiunea, sau c\u0103 o minimiz\u0103m, ci c\u0103 suntem convin\u015fi c\u0103 \u201efiecare pas\u0103re pre limba ei piere\u201d !&#8230; o s\u0103 propunem noi \u201einterna\u0163ionalizarea\u201d, deoarece actualele partide nu sunt \u00een stare de a\u015fa ceva \u015fi o s\u0103-l invit\u0103m chiar \u015fi pe Putin, c\u0103 iat\u0103 ce zice<\/strong><\/span> :<br \/>\n<a href=\"http:\/\/bassdu.mine.nu\/images\/2013\/03\/Putin1.jpg\"><img loading=\"lazy\" decoding=\"async\" class=\"alignnone size-medium wp-image-2836\" alt=\"Putin\" src=\"http:\/\/bassdu.mine.nu\/images\/2013\/03\/Putin1-225x300.jpg\" width=\"225\" height=\"300\" srcset=\"https:\/\/bassdu.mine.bz\/images\/2013\/03\/Putin1-225x300.jpg 225w, https:\/\/bassdu.mine.bz\/images\/2013\/03\/Putin1.jpg 360w\" sizes=\"(max-width: 225px) 100vw, 225px\" \/><\/a><br \/>\n<span style=\"color: #000080;\"><strong>Noi ne facem datoria s\u0103 promov\u0103m BUNUL SIM\u0162, iar dac\u0103 al\u0163ii nu o fac , ajung \u00een situa\u0163ii ca aceasta<\/strong><\/span> :<br \/>\n<a href=\"http:\/\/bassdu.mine.nu\/images\/2013\/03\/ungaria.jpg\"><img loading=\"lazy\" decoding=\"async\" class=\"alignnone size-medium wp-image-2837\" alt=\"ungaria\" src=\"http:\/\/bassdu.mine.nu\/images\/2013\/03\/ungaria-300x160.jpg\" width=\"300\" height=\"160\" srcset=\"https:\/\/bassdu.mine.bz\/images\/2013\/03\/ungaria-300x160.jpg 300w, https:\/\/bassdu.mine.bz\/images\/2013\/03\/ungaria.jpg 480w\" sizes=\"(max-width: 300px) 100vw, 300px\" \/><\/a><\/p>\n","protected":false},"excerpt":{"rendered":"<p>\u0162in\u00e2nd cont c\u0103 anumite minorit\u0103\u0163i vor mai mult dec\u00e2t au, Mi\u015fcarea Dacia include \u00eentre Obiective : PRECIZAREA ETNIEI \u00ceN DOCUMENTUL DE IDENTITATE. Bine\u00een\u0163eles c\u0103 secuii \u015fi maghiarii nu sunt acela\u015fi popor \u015fi cum se face o anumit\u0103 confuzie azi, VREM S\u0102 \u015eTIM \u015eI NOI CINE, C\u00c2\u0162I \u015eI CE PRETEN\u0162II AU, ca s\u0103 le discut\u0103m propunerile [&hellip;]<\/p>\n","protected":false},"author":2,"featured_media":0,"comment_status":"open","ping_status":"open","sticky":false,"template":"","format":"standard","meta":{"footnotes":""},"categories":[73],"tags":[452,1134,186,1083,210,390,810,295,43,492,206,812,1016,451,729],"jetpack_featured_media_url":"","_links":{"self":[{"href":"https:\/\/bassdu.mine.bz\/index.php?rest_route=\/wp\/v2\/posts\/2832"}],"collection":[{"href":"https:\/\/bassdu.mine.bz\/index.php?rest_route=\/wp\/v2\/posts"}],"about":[{"href":"https:\/\/bassdu.mine.bz\/index.php?rest_route=\/wp\/v2\/types\/post"}],"author":[{"embeddable":true,"href":"https:\/\/bassdu.mine.bz\/index.php?rest_route=\/wp\/v2\/users\/2"}],"replies":[{"embeddable":true,"href":"https:\/\/bassdu.mine.bz\/index.php?rest_route=%2Fwp%2Fv2%2Fcomments&post=2832"}],"version-history":[{"count":3,"href":"https:\/\/bassdu.mine.bz\/index.php?rest_route=\/wp\/v2\/posts\/2832\/revisions"}],"predecessor-version":[{"id":2834,"href":"https:\/\/bassdu.mine.bz\/index.php?rest_route=\/wp\/v2\/posts\/2832\/revisions\/2834"}],"wp:attachment":[{"href":"https:\/\/bassdu.mine.bz\/index.php?rest_route=%2Fwp%2Fv2%2Fmedia&parent=2832"}],"wp:term":[{"taxonomy":"category","embeddable":true,"href":"https:\/\/bassdu.mine.bz\/index.php?rest_route=%2Fwp%2Fv2%2Fcategories&post=2832"},{"taxonomy":"post_tag","embeddable":true,"href":"https:\/\/bassdu.mine.bz\/index.php?rest_route=%2Fwp%2Fv2%2Ftags&post=2832"}],"curies":[{"name":"wp","href":"https:\/\/api.w.org\/{rel}","templated":true}]}}