{"id":2846,"date":"2013-03-23T21:00:57","date_gmt":"2013-03-23T20:00:57","guid":{"rendered":"http:\/\/bassdu.mine.nu\/?p=2846"},"modified":"2013-03-25T20:01:01","modified_gmt":"2013-03-25T19:01:01","slug":"pozitia-miscarii-dacia-in-legatura-cu-dubla-cetatenie","status":"publish","type":"post","link":"https:\/\/bassdu.mine.bz\/?p=2846","title":{"rendered":"Pozi\u0163ia Mi\u015fc\u0103rii Dacia \u00een leg\u0103tur\u0103 cu DUBLA CET\u0102\u0162ENIE"},"content":{"rendered":"<p>Solu\u0163ia <strong>Mi\u015fc\u0103rii Dacia<\/strong> pentru problema <strong>DUBLEI CET\u0102\u0162ENII<\/strong> :<\/p>\n<p><span style=\"color: #000080;\"><strong>1. Realizarea REUNIRII, sau a unei FEDERA\u0162II cu BASARABIA, sub numele de DACIA.<\/strong><\/span><\/p>\n<p><span style=\"color: #000080;\"><strong>2. Acordarea tuturor rom\u00e2nilor din afara Rom\u00e2niei a unei C\u0102R\u0162I DE IDENTITATE ROM\u00c2NEASC\u0102, pentru a beneficia de acelea\u015fi drepturi ca locuitorii \u0162\u0103rii Mam\u0103, pe teritoriul na\u0163ional.<\/strong><\/span><\/p>\n<p><span style=\"color: #000080;\"><strong>3. Nerecunoa\u015fterea DUBLEI CET\u0102\u0162ENII. P\u00e2n\u0103 la realizarea UNIRII sau FEDERA\u0162IEI cu Basarabia, se excepteaz\u0103 ce\u0163\u0103\u0163enii de peste Prut, deoarece ap\u0103r\u0163in\u0103tori oricum ai unui STAT ROM\u00c2NESC.<\/strong><\/span><\/p>\n<p><span style=\"color: #000080;\"><strong>4. Taxare majorat\u0103 pentru posesorii de alte cet\u0103\u0163enii care tr\u0103iec \u00een Rom\u00e2nia.<\/strong><\/span><\/p>\n<p><span style=\"color: #000080;\"><strong>5. Interzicerea de la func\u0163ii \u00een Stat pentru cet\u0103\u0163enii str\u0103ini.<\/strong><\/span><\/p>\n<p><span style=\"color: #000080;\"><strong>6. Interzicerea propriet\u0103\u0163ii private asupra solului \u015fi subsolului pe teritoriul na\u0163ional pentru cet\u0103\u0163enii str\u0103ini. <\/strong><\/span><\/p>\n<p><span style=\"color: #000080;\"><strong>La aceste m\u0103suri, se adaug\u0103 TRECEREA ETNIEI \u00ceN DOCUMENTUL DE IDENTITATE<\/strong><\/span>.<\/p>\n<p>&nbsp;<\/p>\n<p>Aceste m\u0103suri ar putea fi implementate IMEDIAT printr-un <span style=\"color: #800000;\"><strong>referendum na\u0163ional<\/strong><\/span> !!!&#8230; numai c\u0103 actuala clas\u0103 politic\u0103 nu e interesat\u0103 de a\u015fa ceva !? Deci, \u00een loc s\u0103 ne v\u0103ic\u0103rim asist\u00e2nd la aceast\u0103 situa\u0163ie, intra\u0163i \u00een <span style=\"color: #000080;\"><strong>Mi\u015fcarea Dacia<\/strong><\/span> \u015fi implica\u0163i-v\u0103 s\u0103 ajungem la <strong>GUVERNARE<\/strong> !&#8230; altfel b\u0103nuim \u201e<span style=\"color: #800000;\"><strong>bocitorii<\/strong><\/span>\u201d de \u201e<span style=\"color: #800000;\"><strong>sindromul drobului de sare<\/strong><\/span>\u201d, sau de \u201e<span style=\"color: #800000;\"><strong>spectacolizare<\/strong><\/span>\u201d \u00een interes PROPRIU !!!<br \/>\n\u015ei ca s\u0103 termin\u0103m odat\u0103 cu aceast\u0103 tevatur\u0103 apropos de IDENTITATEA NA\u0162IONAL\u0102, reamintesc inten\u0163ia Mi\u015fc\u0103rii Dacia de a propune un Referendum \u015fi asupra :<\/p>\n<p><span style=\"color: #003300;\">1. Depunerea unui JUR\u0102M\u00c2NT DE FIDELITATE \u00een care s\u0103 se cuprind\u0103 RESPECTUL PENTRU ISTORIA NA\u0162IONAL\u0102, ce implic\u0103 recunoa\u015fterea CONTINUIT\u0102\u0162II TRACO-CARPO-GETO-DACE, precum \u015fi RESPECTUL PENTRU SIMBOLOGIA NA\u0162IONAL\u0102. Semnarea acestui JUR\u0102M\u00c2NT nu este obligatorie, dar celor ce nu o vor face, li se va retrage CET\u0102\u0162ENIA ROM\u00c2N\u0102, urm\u00e2nd a fi declara\u0163i \u201ecet\u0103\u0163eni str\u0103ini\u201d \u00een cazul c\u0103 au alt\u0103 cet\u0103\u0163enie, sau \u201eapatrizi\u201d, \u00een cazul c\u0103 nu au a\u015fa ceva.<\/span><\/p>\n<p><span style=\"color: #003300;\">2. (NOUTATE) Reintroducerea SERVICIULUI MILITAR OBLIGATORIU \u00een cadrul REFORMEI TACTICII \u015eI STRATEGIEI DE AP\u0102RARE. <\/span><\/p>\n<p><span style=\"color: #003300;\">3. \u00cen cadrul LARGILOR AUTONOMII LOCALE, MINORIT\u0102\u0162ILE \u00a0vor avea posibilitatea, ca \u015fi azi, s\u0103 se AUTOGUVERNEZE \u00a0cum cred de cuviin\u0163\u0103, respect\u00e2nd \u00eens\u0103 LEGEA FUNDAMENTAL\u0102 A STATULUI, adic\u0103 CONSTITU\u0162IA, pe care noi inten\u0163ion\u0103m s-o modific\u0103m \u00een mod substan\u0163ial<\/span>.<\/p>\n<p><span style=\"color: #000000;\"><strong>P.S.<\/strong><\/span> <strong><span style=\"color: #000000;\">1<\/span>.<\/strong> <span style=\"color: #000000;\"><strong>S-au primit pe peretele mi\u015fc\u0103rii OBIEC\u0162IUNI la aceste m\u0103suri<\/strong><\/span>.<br \/>\nRedau mai jos dezbaterea :<\/p>\n<p><span style=\"color: #800000;\">\u201eNicusor Chirc\u0103 Ohio USA :<\/span><br \/>\n<span style=\"color: #800000;\">Sunte\u021bi de acord cu propunerea de statut \u0219i legislativ\u0103 a lui Gheorghe Giovani \u0162eav\u0103 de retragere a cet\u0103\u021beniei rom\u00e2ne celor care de\u021bin cet\u0103\u021benia rom\u00e2n\u0103 prin na\u0219tere dar mai de\u021bin \u0219i alt\u0103 cet\u0103\u021benie sau cet\u0103\u021benii \u00een f\u0103r\u0103 de cea rom\u00e2n\u0103 ?<\/span><br \/>\n<span style=\"color: #800000;\">Sunte\u021bi de acord cu propunerea de statut \u0219i legislativ\u0103 a lui Gheorghe Giovanni \u0162eav\u0103 de retragere a cet\u0103\u021beniei rom\u00e2ne celor ce nu semneaz\u0103 un &#8220;jur\u0103m\u00e2nt fa\u021b\u0103 de \u021bara&#8221; ?<\/span>\u201d<\/p>\n<p>R\u0103spunsul meu :<br \/>\n<span style=\"color: #000080;\">\u201eGheorghe Giovanni \u0162eav\u0103 :<\/span> <span style=\"color: #000080;\">D-le Nicusor Chirca v\u0103 rog s\u0103-mi r\u0103spunde\u0163i la urm\u0103toarea <strong>\u00eentrebare<\/strong> :\u00a0<\/span><br \/>\n<span style=\"color: #000080;\">Cum vor reac\u0163iona cet\u0103\u0163enii rom\u00e2ni care au dou\u0103 cet\u0103\u0163enii, rom\u00e2n\u0103 \u015fi maghiar\u0103 , de exemplu, \u00een cazul unui CONFLICT ARMAT \u00eentre cele dou\u0103 \u0163\u0103ri ???\u00a0<\/span><br \/>\n<span style=\"color: #000080;\"><strong>A doua \u00eentrebare<\/strong> :<\/span> <span style=\"color: #000080;\">C\u00e2nd a\u0163i ob\u0163inut cet\u0103\u0163enia american\u0103, a\u0163i depus un JUR\u0102M\u00c2NT DE CREDIN\u0162\u0102 ???<\/span><br \/>\n<span style=\"color: #000080;\">D-le Nicusor Chirc\u0103, aici nu ne juc\u0103m de-a drepturile omului, ci c\u0103ut\u0103m s\u0103 salv\u0103m IDENTITATEA NA\u0162IONAL\u0102 !!!<\/span> <span style=\"color: #000080;\">Pe de alt\u0103 parte, v\u0103 reamintesc ce e scris \u00een propunere, \u00een leg\u0103tur\u0103 cu CARTEA DE IDENTITATE ROM\u00c2NEASC\u0102 pentru to\u0163i rom\u00e2nii din afara Rom\u00e2niei, care le d\u0103 drepturi depline \u00ceN PATRIE !<\/span> <span style=\"color: #000080;\">De asemenea este prev\u0103zut\u0103 excep\u0163ia pentru basarabeni, fiind ei cet\u0103\u0163eni ai unui stat rom\u00e2nesc<\/span>.\u201d<\/p>\n<p><span style=\"color: #000000;\"><strong>P.S. 2<\/strong><\/span>.<br \/>\n<span style=\"color: #800000;\"><strong>\u00cen leg\u0103tur\u0103 cu cet\u0103\u0163enii basarabeni, specific<\/strong><\/span> :<\/p>\n<p><span style=\"color: #003300;\">1. Aceste m\u0103suri vor fi implementate de MD c\u00e2nd va avea puterea s-o fac\u0103.<\/span><br \/>\n<span style=\"color: #003300;\">2. Cet\u0103\u0163enii basarabeni vor fi excepta\u0163i de la regul\u0103, fiind ei deja cet\u0103\u0163eni ai unui stat rom\u00e2nesc. Bine\u00een\u0163eles c\u0103 exist\u0103 excep\u0163ia celor care au alte cet\u0103\u0163enii.<br \/>\n<\/span><span style=\"color: #003300;\">3. Eu mi-am manifestat deja aprobarea pentru acordarea cet\u0103\u0163eniei rom\u00e2ne\u015fti <strong>PE LOC<\/strong> tuturor solicitan\u0163ilor basarabeni, inclusiv de alte na\u0163ionalit\u0103\u0163i, cu o singur\u0103 condi\u0163ie : CUNOA\u015eTEREA LIMBII ROM\u00c2NE, atestat\u0103 printr-un mic test oral-scris \u015fi semnarea unui JUR\u0102M\u00c2NT DE CREDIN\u0162\u0102 . Este evident c\u0103 \u00een condi\u0163iile solicit\u0103rii acestei cet\u0103\u0163enii de MAJORITATEA POPULA\u0162IEI BASARABIEI, UNIREA SE VA FACE IMEDIAT !<\/span><br \/>\n<span style=\"color: #003300;\">Sper c\u0103 am fost destul de clar, cum c\u0103 <strong>Mi\u015fcarea Dacia<\/strong>, este singura care poate realiza <strong>UNIREA<\/strong>, pe baza implement\u0103rii unei <strong>NOI PARADIGME SOCIO-ECONOMICE<\/strong> care ar st\u00e2rni ata\u015famentul majorit\u0103\u0163ii basarabenilor \u015fi a unei <strong>TACTICI \u015eI STRATEGII<\/strong> care s\u0103 favorizeze procesul.<\/span><br \/>\n<span style=\"color: #003300;\">4. Cet\u0103\u0163enii Rom\u00e2niei care au \u015fi alte cet\u0103\u0163enii sunt destui, dar sunt convins c\u0103 CINEVA \u00ceI NUM\u0102R\u0102, IDENTIFIC\u0102 \u015fi CLASIFIC\u0102&#8230; dac\u0103 nu o face nimeni, o s-o facem noi<\/span> !<\/p>\n","protected":false},"excerpt":{"rendered":"<p>Solu\u0163ia Mi\u015fc\u0103rii Dacia pentru problema DUBLEI CET\u0102\u0162ENII : 1. Realizarea REUNIRII, sau a unei FEDERA\u0162II cu BASARABIA, sub numele de DACIA. 2. Acordarea tuturor rom\u00e2nilor din afara Rom\u00e2niei a unei C\u0102R\u0162I DE IDENTITATE ROM\u00c2NEASC\u0102, pentru a beneficia de acelea\u015fi drepturi ca locuitorii \u0162\u0103rii Mam\u0103, pe teritoriul na\u0163ional. 3. Nerecunoa\u015fterea DUBLEI CET\u0102\u0162ENII. P\u00e2n\u0103 la realizarea UNIRII [&hellip;]<\/p>\n","protected":false},"author":2,"featured_media":0,"comment_status":"open","ping_status":"open","sticky":false,"template":"","format":"standard","meta":{"footnotes":""},"categories":[73],"tags":[460,657,1143,1139,1140,974,1142,210,587,1141,41,1144],"jetpack_featured_media_url":"","_links":{"self":[{"href":"https:\/\/bassdu.mine.bz\/index.php?rest_route=\/wp\/v2\/posts\/2846"}],"collection":[{"href":"https:\/\/bassdu.mine.bz\/index.php?rest_route=\/wp\/v2\/posts"}],"about":[{"href":"https:\/\/bassdu.mine.bz\/index.php?rest_route=\/wp\/v2\/types\/post"}],"author":[{"embeddable":true,"href":"https:\/\/bassdu.mine.bz\/index.php?rest_route=\/wp\/v2\/users\/2"}],"replies":[{"embeddable":true,"href":"https:\/\/bassdu.mine.bz\/index.php?rest_route=%2Fwp%2Fv2%2Fcomments&post=2846"}],"version-history":[{"count":13,"href":"https:\/\/bassdu.mine.bz\/index.php?rest_route=\/wp\/v2\/posts\/2846\/revisions"}],"predecessor-version":[{"id":2859,"href":"https:\/\/bassdu.mine.bz\/index.php?rest_route=\/wp\/v2\/posts\/2846\/revisions\/2859"}],"wp:attachment":[{"href":"https:\/\/bassdu.mine.bz\/index.php?rest_route=%2Fwp%2Fv2%2Fmedia&parent=2846"}],"wp:term":[{"taxonomy":"category","embeddable":true,"href":"https:\/\/bassdu.mine.bz\/index.php?rest_route=%2Fwp%2Fv2%2Fcategories&post=2846"},{"taxonomy":"post_tag","embeddable":true,"href":"https:\/\/bassdu.mine.bz\/index.php?rest_route=%2Fwp%2Fv2%2Ftags&post=2846"}],"curies":[{"name":"wp","href":"https:\/\/api.w.org\/{rel}","templated":true}]}}