{"id":2874,"date":"2013-03-30T23:51:00","date_gmt":"2013-03-30T22:51:00","guid":{"rendered":"http:\/\/bassdu.mine.nu\/?p=2874"},"modified":"2013-04-02T21:09:54","modified_gmt":"2013-04-02T20:09:54","slug":"cui-prodest","status":"publish","type":"post","link":"https:\/\/bassdu.mine.bz\/?p=2874","title":{"rendered":"CUI PRODEST ?"},"content":{"rendered":"<p>Premis\u0103 : Mi\u015fcarea Dacia c\u0103reia \u00eei este dedicat acest blog, se ocup\u0103 de POLITIC\u0102 \u015fi ca atare, nu d\u0103m verdicte istorice, ci doar ne ancor\u0103m la adev\u0103ruri indubitabile despre str\u0103mo\u015fii no\u015ftri, comb\u0103t\u00e2nd cu argumenete mai mult sau mai pu\u0163in \u00eemp\u0103rt\u0103\u015fite, excesele \u201elatinopa\u0163ilor\u201d.<br \/>\nTermenul \u201elatinopa\u0163i\u201d, este o inven\u0163ie personal\u0103, stimulat\u0103 de insisten\u0163a cu care unii ne al\u0103tur\u0103 Puffilor, ne cheam\u0103 dacomaniaci, dacopa\u0163i \u015fi de cur\u00e2nd &#8230; COTCODACI !<br \/>\nIat\u0103 aici, dovada unui blogger care se ocup\u0103 de BANCURI \u015fi \u00eentre timp, combate DACISMUL :<br \/>\n<a href=\"http:\/\/maxxyblog.wordpress.com\/2013\/03\/28\/contraargument-cotcodacic\/\">http:\/\/maxxyblog.wordpress.com\/2013\/03\/28\/contraargument-cotcodacic\/<\/a><br \/>\nPostarea respectiv\u0103, este un exemplu clasic, de cum ni\u015fte neica-nimeni (\u00een acest caz <a href=\"http:\/\/https:\/\/www.facebook.com\/maxxy.pog\">https:\/\/www.facebook.com\/maxxy.pog<\/a> ) se erijeaz\u0103 \u00een \u201epurt\u0103tori ai adev\u0103rului istoric\u201d.<br \/>\nCare e modalitate de a restabili acest adev\u0103r istoric ?<br \/>\n<span style=\"color: #000000;\"><strong>ATACUL LA PERSOAN\u0102<\/strong><\/span>&#8230; \u00een acest caz la adresa lui <span style=\"color: #800000;\"><strong>Miche\u00e1l (Michael) Ledwith<\/strong><\/span> , care a afirmat \u00eentr-un larg interviu televizat, c\u0103 latina este posterioar\u0103 limbii rum\u00e2ne\u015fti \u015fi derivat\u0103 din aceasta. Nu intru \u00een detalii, apropos de b\u0103nuiala mea de MANIPULARE VATICAN\u0102, \u00een denigrarea acestui fost consilier al Papei Ioan Paul al II-lea, ci doar declar c\u0103 persoana respectiv\u0103 este un INTELECTUAL DE TOT RESPECTUL ( <a href=\"http:\/\/en.wikipedia.org\/wiki\/Miche\u00e1l_Ledwith\">http:\/\/en.wikipedia.org\/wiki\/Miche\u00e1l_Ledwith<\/a> ) \u015fi pu\u0163in m\u0103 intereseaz\u0103 de \u00eenclina\u0163iile sale sexuale, sau ceea ce se pretinde despre argument ! Cert este c\u0103 s-a mi\u015fcat \u00een ambientul <strong>Vaticanului<\/strong> \u015fi c\u0103 nu consider trecerea de la <strong>catolicism<\/strong> la <strong>New Age<\/strong> o <span style=\"color: #800000;\">c\u0103dere din lac \u00een pu\u0163<\/span>, mai ales dac\u0103 \u0163inem cont, c\u0103 e posibil s\u0103 fi v\u0103zut acolo at\u00e2tea diavolerii (poate \u015fi practicat), c\u0103&#8230; \u201e\u015fi-a luat lumea \u00een cap\u201d !?!? Cum noi \u201edacomaniacii\u201d avem suspiciuni declarate \u00een leg\u0103tur\u0103 cu \u201erolul Vaticanului \u00een ascunderea adev\u0103ratei istorii a rum\u00e2nilor\u201d, se creaz\u0103 o leg\u0103tur\u0103 demn\u0103 de toat\u0103 aten\u0163ia cu personajul men\u0163ionat.<br \/>\nFaptul \u00een sine al existen\u0163ei acestui blogger cu nume de complex comercial \u015fi catolic declarat pe deasupra, nu m-ar fi deranjat, dac\u0103 nu ar fi un \u201eapropiat\u201d al grupului de reenactment \u201eTerra Dacica Aeterna\u201d, unde nu este \u201eun element izolat\u201d, ci reprezentant al unei bune p\u0103r\u0163i dintre membrii acestui grup. Sunt unii pe acolo, care dac\u0103 au \u00eenc\u0103l\u0163at sandale de roman \u015fi se joac\u0103 cu s\u0103biu\u0163e, au intrat at\u00e2t de bine \u00een rol, c\u0103 se iau \u00een serios ca \u201eurma\u015fi ai Romei\u201d !?&#8230; ba chiar au convins \u015fi pe unii care poart\u0103 pileusuri, sau scriu Enciclopedii Dacice !? \u00a0Cum se explic\u0103 altfel, c\u0103 un \u201edac\u201d poate sus\u0163ine pe acolo c\u0103 dacii de pe Column\u0103 ar fi o \u201ereprezentare generic\u0103 a barbarilor\u201d ???&#8230; \u00eemi pare r\u0103u pentru Terra Dacica Aeterna, dar \u201ea luat-o razna\u201d !!!<br \/>\nC\u0103 sunt ni\u015fte \u201eneica-nimeni\u201d, o demonstreaz\u0103 \u015fi \u201esteagul Transilvaniei dinainte de 1918\u201d pe care-l afi\u015feaz\u0103 pe pagina fb ( al\u0103turi de al\u0163i \u201eindependenti\u015fti\u201d despre care am tratat aici :<a href=\"http:\/\/ http:\/\/bassdu.mine.nu\/?p=2415\"> http:\/\/bassdu.mine.nu\/?p=2415<\/a> ).<br \/>\nSunt at\u00e2t de respectuo\u015fi pentru \u201eadev\u0103rul istoric\u201d, \u00eenc\u00e2t au inventat c\u0103 acest drapel, unde nu este reprezentat ELEMENTUL MAJORITAR -ROM\u00c2NII, ar fi fost purtat la Alba Iulia la Marea Adunare ce a decretat Unirea cu \u0162ara, c\u00e2nd \u00een realitate, fondul celor de pe C\u00e2mpia Libert\u0103\u0163ii era identic cu actualul drapel rom\u00e2nesc, cu excep\u0163ia orizontalit\u0103\u0163ii benzilor ro\u015fu-galben-albastru, a\u015fa cum i-a demonstrat cineva unui alt \u201eindependentist\u201d notoriu :<\/p>\n<p>\u201e<span style=\"color: #000080;\"><em>Claudiu Nelega : de stema sunt sigur&#8230;dar de culorile drapelului&#8230;am o indoiala<\/em><\/span><\/p>\n<p><span style=\"color: #000080;\"><em>Secui Adrian-Iulian : Este steagul Transilvaniei.<\/em><\/span><br \/>\n<span style=\"color: #000080;\"><em>Culorile (\u0219i ordinea lor) sunt acelea\u0219i purtate la Alba-Iulia 1 decembrie 1918.<\/em><\/span><\/p>\n<p><span style=\"color: #000080;\"><em>Claudiu Nelega : ma gandeam eu dar la Alba Iulia, cei prezenti au purtat tricolorul dar cu benzile pe orizontala&#8230;la muzeul de istorie mai este un exemplar&#8230;ideea ca rosul ar fi la mijloc am mai vazut-o dar cred ca este din cauza fotografiilor<\/em><\/span><\/p>\n<p><span style=\"color: #000080;\"><em>Secui Adrian-Iulian : http:\/\/en.wikipedia.org\/wiki\/File:Flag_of_Transylvania_before_1918.svg<\/em><\/span><br \/>\n<span style=\"color: #000080;\"><em>File:Flag of Transylvania before 1918.svg &#8211; Wikimedia Commons <\/em><\/span><br \/>\n<span style=\"color: #000080;\"><em>commons.wikimedia.org<\/em><\/span><\/p>\n<p><span style=\"color: #000080;\"><em>Claudiu Nelega : http:\/\/www.cimec.ro\/p\/Clasate\/IST_7300100_1210-2.jpg &#8230;.asta este real&#8230;pe wikipedia mai vezi si tampenii<\/em><\/span><br \/>\n<span style=\"color: #000080;\"><em>http:\/\/www.cimec.ro\/p\/Clasate\/IST_7300100_1210-2.jpg <\/em><\/span><br \/>\n<span style=\"color: #000080;\"><em>www.cimec.ro <\/em><\/span><\/p>\n<p><span style=\"color: #000080;\"><em>Secui Adrian-Iulian : Am mai zis \u0219i \u00eenainte, m-ai convins c\u0103 exist\u0103 efectele ortocromatice \u0219i pancromatice. Mul\u021bumesc pentru informa\u021bii, a fost ceva nou pentru mine.<\/em><\/span>\u201d<\/p>\n<p><span style=\"color: #800000;\">Iat\u0103 cine combate dacismul !?!<\/span>?<br \/>\n<strong>Domnilor, s\u0103 v\u0103 fie clar, c\u0103 \u00een acest fel, intra\u0163i \u00een \u201edomeniul nostru de competen\u0163\u0103\u201d \u015fi d\u0103m de p\u0103m\u00e2nt cu voi !!!<\/strong><br \/>\n<strong>Dac\u0103 vou\u0103 v\u0103 face pl\u0103cere s\u0103 v\u0103 ancora\u0163i la \u201eciviliza\u0163ia Romei\u201d \u015fi s\u0103 nega\u0163i descenden\u0163a din \u201ebarbari\u201d, v\u0103 reamintesc c\u0103 acea civiliza\u0163ie a fost cl\u0103dit\u0103 pe s\u00e2ngele \u015fi resursele noastre \u015fi ale altor popoare, a\u015fa cum fac dintotdeauna IMPERIILE TEMPORARE, \u00eempotriva c\u0103rora noi combatem !<\/strong><br \/>\n<strong>Dac\u0103 voi vre\u0163i ca oltenii s\u0103 intre \u00een Transilvania cu pa\u015faport, dac\u0103 vre\u0163i pentru Rom\u00e2nia soarta Kosovului \u015fi al\u0163i Bologa, dac\u0103 nu respecta\u0163i memoria unor Horia, Clo\u015fca \u015fi Cri\u015fan, sau a unui Avram Iancu, dac\u0103 sunte\u0163i pentru men\u0163inerea Pactului Ribbentrop-Molotov, dac\u0103 v\u0103 e indiferent\u0103 soarta rum\u00e2nilor din Timoc \u015fi din tot centrul Europei, dac\u0103 nega\u0163i CONTINUITATEA TRACO-CARPO-GETO-DAC\u0102 \u00een arealul actualei Rom\u00e2nii, samd. ve\u0163i suferi consecin\u0163e, deoarece un proverb rum\u00e2nesc spune c\u0103<\/strong> <span style=\"color: #800000;\"><strong>FIECARE PAS\u0102RE PRE LIMBA EI PIERE !<\/strong><\/span><\/p>\n","protected":false},"excerpt":{"rendered":"<p>Premis\u0103 : Mi\u015fcarea Dacia c\u0103reia \u00eei este dedicat acest blog, se ocup\u0103 de POLITIC\u0102 \u015fi ca atare, nu d\u0103m verdicte istorice, ci doar ne ancor\u0103m la adev\u0103ruri indubitabile despre str\u0103mo\u015fii no\u015ftri, comb\u0103t\u00e2nd cu argumenete mai mult sau mai pu\u0163in \u00eemp\u0103rt\u0103\u015fite, excesele \u201elatinopa\u0163ilor\u201d. Termenul \u201elatinopa\u0163i\u201d, este o inven\u0163ie personal\u0103, stimulat\u0103 de insisten\u0163a cu care unii ne [&hellip;]<\/p>\n","protected":false},"author":2,"featured_media":0,"comment_status":"open","ping_status":"open","sticky":false,"template":"","format":"standard","meta":{"footnotes":""},"categories":[3],"tags":[1146,1145,1147,1148,1149,210,1112,598],"jetpack_featured_media_url":"","_links":{"self":[{"href":"https:\/\/bassdu.mine.bz\/index.php?rest_route=\/wp\/v2\/posts\/2874"}],"collection":[{"href":"https:\/\/bassdu.mine.bz\/index.php?rest_route=\/wp\/v2\/posts"}],"about":[{"href":"https:\/\/bassdu.mine.bz\/index.php?rest_route=\/wp\/v2\/types\/post"}],"author":[{"embeddable":true,"href":"https:\/\/bassdu.mine.bz\/index.php?rest_route=\/wp\/v2\/users\/2"}],"replies":[{"embeddable":true,"href":"https:\/\/bassdu.mine.bz\/index.php?rest_route=%2Fwp%2Fv2%2Fcomments&post=2874"}],"version-history":[{"count":9,"href":"https:\/\/bassdu.mine.bz\/index.php?rest_route=\/wp\/v2\/posts\/2874\/revisions"}],"predecessor-version":[{"id":2876,"href":"https:\/\/bassdu.mine.bz\/index.php?rest_route=\/wp\/v2\/posts\/2874\/revisions\/2876"}],"wp:attachment":[{"href":"https:\/\/bassdu.mine.bz\/index.php?rest_route=%2Fwp%2Fv2%2Fmedia&parent=2874"}],"wp:term":[{"taxonomy":"category","embeddable":true,"href":"https:\/\/bassdu.mine.bz\/index.php?rest_route=%2Fwp%2Fv2%2Fcategories&post=2874"},{"taxonomy":"post_tag","embeddable":true,"href":"https:\/\/bassdu.mine.bz\/index.php?rest_route=%2Fwp%2Fv2%2Ftags&post=2874"}],"curies":[{"name":"wp","href":"https:\/\/api.w.org\/{rel}","templated":true}]}}