{"id":288,"date":"2009-06-09T22:12:27","date_gmt":"2009-06-09T21:12:27","guid":{"rendered":"http:\/\/bassdu.mine.nu\/?p=288"},"modified":"2009-06-09T22:16:11","modified_gmt":"2009-06-09T21:16:11","slug":"patriottismo","status":"publish","type":"post","link":"https:\/\/bassdu.mine.bz\/?p=288","title":{"rendered":"Patriottismo"},"content":{"rendered":"<p>\u00a0<\/p>\n<p class=\"MsoNormal\" style=\"margin: 0cm 0cm 10pt; text-align: center;\" align=\"center\"><strong style=\"mso-bidi-font-weight: normal;\"><span style=\"font-size: 18pt; line-height: 115%;\"><span style=\"font-family: Calibri;\">Patriottismo<\/span><\/span><\/strong><\/p>\n<p class=\"MsoNormal\" style=\"margin: 0cm 0cm 10pt; text-align: center;\" align=\"center\"><strong style=\"mso-bidi-font-weight: normal;\"><em style=\"mso-bidi-font-style: normal;\"><span style=\"font-size: 14pt; line-height: 115%;\"><span style=\"font-family: Calibri;\">(Siamo quello che mangiamo)<\/span><\/span><\/em><\/strong><\/p>\n<p class=\"MsoNormal\" style=\"margin: 0cm 0cm 10pt;\"><span style=\"font-size: 18pt; line-height: 115%;\"><span style=\"font-family: Calibri;\">\u00a0<\/span><\/span><\/p>\n<p class=\"MsoNormal\" style=\"margin: 0cm 0cm 10pt;\"><span style=\"font-size: 12pt; line-height: 115%;\"><span style=\"font-family: Calibri;\"><span style=\"mso-spacerun: yes;\">\u00a0\u00a0\u00a0\u00a0\u00a0 <\/span>Mi capita spesso ultimamente di \u201cincontrare\u201d dei miei connazionali di diverse estrazioni sociali, cos\u00ec inorriditi da tutto quello che ha da fare con: romeno, Romania, Dacia, ecc., e in contemporanea soddisfattissimi dell\u2019Eden chiamato Italia.<\/span><\/span><\/p>\n<p class=\"MsoNormal\" style=\"margin: 0cm 0cm 10pt;\"><span style=\"font-size: 12pt; line-height: 115%;\"><span style=\"font-family: Calibri;\"><span style=\"mso-spacerun: yes;\">\u00a0\u00a0\u00a0\u00a0\u00a0 <\/span>Anch\u2019io sono innamorato dell\u2019Italia , altrimenti non ci resterei. Ma da qui ad arrivare a buttare fango sul tuo popolo e Patria, mi sembra assolutamente incomprensibile.<\/span><\/span><\/p>\n<p class=\"MsoNormal\" style=\"margin: 0cm 0cm 10pt;\"><span style=\"font-size: 12pt; line-height: 115%;\"><span style=\"font-family: Calibri;\"><span style=\"mso-spacerun: yes;\">\u00a0\u00a0\u00a0\u00a0\u00a0\u00a0 <\/span>Per fortuna loro, la Securitate non esiste pi\u00f9 (almeno cos\u00ec si pensa!), perch\u00e9, fossi io al loro posto, mi guarderei bene prima di fare un salto a casa. <\/span><\/span><\/p>\n<p class=\"MsoNormal\" style=\"margin: 0cm 0cm 10pt;\"><span style=\"font-size: 12pt; line-height: 115%;\"><span style=\"font-family: Calibri;\"><span style=\"mso-spacerun: yes;\">\u00a0\u00a0\u00a0\u00a0\u00a0 <\/span>Molti si pretendono intellettuali (magari lo sono anche!) e si proclamano nauseati dalla plebe di manovali, badanti, ma anche dalla classe politica, dalle istituzioni, dalla Cultura,ecc., insomma, da tutto quello che \u201channo lasciato alle spalle\u201d. Adesso sono capitati nel paese di bengodi: si sono fatti una situazione, non hanno bisogno dei connazionali, addirittura si guardano bene dal parlare la madre lingua; per\u00f2 fanno delle associazioni romeno-italiane e mettono delle volte anche un \u201cleader\u201d italiano, considerando che noi non dobbiamo sputare nel piatto dove mangiamo. <\/span><\/span><\/p>\n<p class=\"MsoNormal\" style=\"margin: 0cm 0cm 10pt;\"><span style=\"font-size: 12pt; line-height: 115%;\"><span style=\"font-family: Calibri;\"><span style=\"mso-spacerun: yes;\">\u00a0\u00a0\u00a0\u00a0\u00a0 <\/span>Vero \u00e8 che anche in Romania ci sono quelli della stessa \u201cformazione\u201d, che invece di approfittare della loro posizione privilegiata, non fanno altro che mettersi cenere in testa e sognare di andare \u201cfuori\u201d. Molti di questi sono magari gli stessi che vendevano il loro paese (al grido &#8220;<strong><em>Nu ne vindem\u00a0tara<\/em><\/strong>!&#8221;)\u00a0e che godevano nel vedere i minatori ristabilire l\u2019ordine a Bucarest.<\/span><\/span><\/p>\n<p class=\"MsoNormal\" style=\"margin: 0cm 0cm 10pt;\"><span style=\"font-size: 12pt; line-height: 115%;\"><span style=\"font-family: Calibri;\"><span style=\"mso-spacerun: yes;\">\u00a0\u00a0\u00a0\u00a0\u00a0 <\/span>Io a tutti questi voglio spiegare un po\u2019 come si diventa uomini.<\/span><\/span><\/p>\n<p class=\"MsoNormal\" style=\"margin: 0cm 0cm 10pt;\"><span style=\"font-size: 12pt; line-height: 115%;\"><span style=\"font-family: Calibri;\"><span style=\"mso-spacerun: yes;\">\u00a0\u00a0\u00a0\u00a0\u00a0 <\/span>Per gli intellettuali di qualsiasi formazione, non \u00e8 una novit\u00e0 (spero!), che le \u201cparticelle\u201d di cui siamo fatti, provengono dal <em style=\"mso-bidi-font-style: normal;\">habitat<\/em> nel quale abbiamo visto la luce (Ciorogarla, Ghimpati, Bolintin, ecc.), dove abbiamo mangiato, studiato, amato, ecc durante i primi anni della nostra esistenza. Per uno che lascia questo ambiente, si dice che ci vogliano circa 20 anni per avere un \u201cricambio\u201d cellulare <em style=\"mso-bidi-font-style: normal;\">quasi completo<\/em>. L\u2019unico organo che non si sottopone a questa regola di <strong style=\"mso-bidi-font-weight: normal;\"><em style=\"mso-bidi-font-style: normal;\"><a href=\"http:\/\/wapedia.mobi\/it\/Rimaneggiamento_osseo\"><span style=\"color: #800080;\">rimaneggiamento<\/span><\/a><\/em><\/strong>, sembra che sia il CERVELLO, il quale si ostina a rimanere intoccabile (per via del fatto che non si rigenera praticamente mai nella vita); subisce solo delle \u201cperdite\u201c inerenti all\u2019avanzamento in et\u00e0.<\/span><\/span><\/p>\n<p class=\"MsoNormal\" style=\"margin: 0cm 0cm 10pt;\"><span style=\"font-size: 12pt; line-height: 115%;\"><span style=\"font-family: Calibri;\"><span style=\"mso-spacerun: yes;\">\u00a0\u00a0\u00a0\u00a0\u00a0 <\/span>La mia conclusione \u00e8 che quelli appena arrivati, oppure quelli in procinto di arrivare, non sono altro che \u201ccorpi estranei\u201d per almeno 20 anni, per non parlare del loro cervello, destinato a morire senza materia acquisita durante la loro emigrazione, avvenuta troppo tardi.<\/span><\/span><\/p>\n<p class=\"MsoNormal\" style=\"margin: 0cm 0cm 10pt;\"><span style=\"font-size: 12pt; line-height: 115%;\"><span style=\"font-family: Calibri;\"><span style=\"mso-spacerun: yes;\">\u00a0\u00a0\u00a0\u00a0\u00a0 <\/span>Si trover\u00e0 sempre un Bossi, Borghezio, ecc., a ricordarvi questa realt\u00e0, per non dire che molti \u201ctorneranno nella melma\u201d, vista la crisi in atto. Saranno in pochi a \u201cprendere nuove radici\u201d e molti non sapranno cosa dirsi davanti ad uno specchio chiamato: Romania. Se non si guarderanno sar\u00e0 ancora peggio per loro.<\/span><\/span><\/p>\n<p class=\"MsoNormal\" style=\"margin: 0cm 0cm 10pt;\"><span style=\"font-size: 12pt; line-height: 115%;\"><span style=\"font-family: Calibri;\">\u00a0<\/span><\/span><\/p>\n<p class=\"MsoNormal\" style=\"margin: 0cm 0cm 10pt;\"><span style=\"font-size: 12pt; line-height: 115%;\"><span style=\"font-family: Calibri;\"><span style=\"mso-spacerun: yes;\">\u00a0\u00a0\u00a0\u00a0\u00a0 <\/span>Voi di che categoria siete? <\/span><\/span><\/p>\n","protected":false},"excerpt":{"rendered":"<p>\u00a0 Patriottismo (Siamo quello che mangiamo) \u00a0 \u00a0\u00a0\u00a0\u00a0\u00a0 Mi capita spesso ultimamente di \u201cincontrare\u201d dei miei connazionali di diverse estrazioni sociali, cos\u00ec inorriditi da tutto quello che ha da fare con: romeno, Romania, Dacia, ecc., e in contemporanea soddisfattissimi dell\u2019Eden chiamato Italia. \u00a0\u00a0\u00a0\u00a0\u00a0 Anch\u2019io sono innamorato dell\u2019Italia , altrimenti non ci resterei. Ma da qui [&hellip;]<\/p>\n","protected":false},"author":2,"featured_media":0,"comment_status":"open","ping_status":"open","sticky":false,"template":"","format":"standard","meta":{"footnotes":""},"categories":[88],"tags":[45,11,94,41],"jetpack_featured_media_url":"","_links":{"self":[{"href":"https:\/\/bassdu.mine.bz\/index.php?rest_route=\/wp\/v2\/posts\/288"}],"collection":[{"href":"https:\/\/bassdu.mine.bz\/index.php?rest_route=\/wp\/v2\/posts"}],"about":[{"href":"https:\/\/bassdu.mine.bz\/index.php?rest_route=\/wp\/v2\/types\/post"}],"author":[{"embeddable":true,"href":"https:\/\/bassdu.mine.bz\/index.php?rest_route=\/wp\/v2\/users\/2"}],"replies":[{"embeddable":true,"href":"https:\/\/bassdu.mine.bz\/index.php?rest_route=%2Fwp%2Fv2%2Fcomments&post=288"}],"version-history":[{"count":3,"href":"https:\/\/bassdu.mine.bz\/index.php?rest_route=\/wp\/v2\/posts\/288\/revisions"}],"predecessor-version":[{"id":291,"href":"https:\/\/bassdu.mine.bz\/index.php?rest_route=\/wp\/v2\/posts\/288\/revisions\/291"}],"wp:attachment":[{"href":"https:\/\/bassdu.mine.bz\/index.php?rest_route=%2Fwp%2Fv2%2Fmedia&parent=288"}],"wp:term":[{"taxonomy":"category","embeddable":true,"href":"https:\/\/bassdu.mine.bz\/index.php?rest_route=%2Fwp%2Fv2%2Fcategories&post=288"},{"taxonomy":"post_tag","embeddable":true,"href":"https:\/\/bassdu.mine.bz\/index.php?rest_route=%2Fwp%2Fv2%2Ftags&post=288"}],"curies":[{"name":"wp","href":"https:\/\/api.w.org\/{rel}","templated":true}]}}