{"id":2901,"date":"2013-04-06T09:41:11","date_gmt":"2013-04-06T08:41:11","guid":{"rendered":"http:\/\/bassdu.mine.nu\/?p=2901"},"modified":"2013-06-09T22:31:51","modified_gmt":"2013-06-09T21:31:51","slug":"nu-vad-padurea-din-cauza-copacilor","status":"publish","type":"post","link":"https:\/\/bassdu.mine.bz\/?p=2901","title":{"rendered":"NU V\u0102D P\u0102DUREA DIN CAUZA COPACILOR"},"content":{"rendered":"<p>Acesta este un proverb rum\u00e2nesc, ce poate fi aplicat intelectualilor de la \u201eCritic Atac\u201d \u015fi \u00een aceea\u015fi m\u0103sur\u0103 celor de la \u201e\u00cen Linie Dreapt\u0103\u201d.<br \/>\nAmbele think-tank-uri sunt EXPRESII ALE SISTEMULUI. Intelectuali rasa\u0163i, care nu fac altceva, dec\u00e2t&#8230; POLITIC\u0102 PARTIZAN\u0102.<br \/>\n\u201e<span style=\"color: #800000;\"><em>Ralph Nader afirm\u0103 c\u0103 orice entitate de tip think tank nu este neutr\u0103 \u0219i non-partizan\u0103, ci dimpotriv\u0103, fiecare organiza\u021bie de tip think tank este partizan\u0103 \u00eentr-un fel sau altul, gradul de partizanat diferind de la caz la caz.<\/em><\/span>\u201d (wiki)<br \/>\nSe poate deduce imediat diferen\u0163a dintre acestea \u015fi <span style=\"color: #000080;\"><strong>Mi\u015fcarea Dacia<\/strong><\/span>, care consider\u0103 <span style=\"color: #000000;\"><strong>PARTIDISMUL NOCIV PENTRU SOCIETATE<\/strong><\/span>, \u00eentruc\u00e2t generator de <span style=\"color: #000000;\"><strong>ST\u0102RI CONFLICTUALE, <\/strong>mare <\/span><span style=\"color: #000000;\"><strong>CONSUMATOR,<\/strong><\/span><span style=\"color: #000000;\">\u00a0 dar \u015fi\u00a0<\/span><span style=\"color: #000000;\"><strong>DISTRIBUITOR PREFEREN\u0162IAL (MAFIOT) de RESURSE NA\u0162IONALE.<\/strong><\/span><span style=\"color: #000000;\">\u00a0<\/span><br \/>\nEi vorbesc de MULTIPARTIDISM, \u0163inta lor fiind de fapt PARTIDUL UNIC&#8230; AL LOR, av\u00e2nd ca linie directoare <span style=\"color: #000000;\"><strong>CUCERIREA PUTERII pentru impunerea propriei IDEOLOGII<\/strong><\/span>, elaborate de propria <span style=\"color: #000000;\"><strong>ELIT\u0102<\/strong><\/span>.<br \/>\n<span style=\"color: #000080;\"><strong>Nu ve\u0163i g\u0103si \u00eens\u0103 la nimeni \u201eabord\u0103ri simultane\u201d ale : LIPSEI DE RESURSE, POLU\u0102RII, RAPORTULUI OM-NATUR\u0102, CRIZEI VALORILOR, SOLIDARIT\u0102\u0162II SOCIO-ECONOMICE, FUTILULUI, DEZVOLT\u0102RII SUSTENABILE, IDENTIT\u0102\u0162II NA\u0162IONALE, samd. pe care noi le consider\u0103m ESEN\u0162IALE \u00een proiectarea VIITORULUI<\/strong><\/span>.<br \/>\nToate teoriile din care se hr\u0103nesc aceste think-tank-uri, sunt &#8230; TEORII ! &#8230; \u015fi cum <span style=\"color: #000000;\"><strong>\u201eteoria ca teoria, dar practica ne omoar\u0103\u201d<\/strong><\/span>, noi propunem <span style=\"color: #000080;\"><strong>PRACTICIENI<\/strong> <\/span>(<span style=\"color: #800000;\"><em>a se citi ADMINISTRATORI COMPETEN\u0162I \u015eI RESPONSABILIZA\u0162I<\/em><\/span>) \u00een locul POLITICIENILOR, care nu sunt dec\u00e2t \u201elucr\u0103tori cu gura \u015fi teoria\u201d \u00een structuri de PARTID, cu scopul de PRELUARE\/EXERCITARE A PUTERII.<br \/>\n<span style=\"color: #000000;\"><strong>Problemele omenirii sunt CONCRETE \u015fi trebuiesc rezolvate conform LEGILOR NATURALE, ce nu sunt dictate de oameni, deci \u201ene doare \u00een cot de teoriile lor\u201d !!<\/strong><\/span>!<br \/>\nPOLITICIENII introduc \u00een \u201eecua\u0163ia vie\u0163ii\u201d algoritme care se demonstreaz\u0103 cu regularitate<span style=\"color: #000080;\"><strong> \u201e\u00een afara legilor naturale\u201d<\/strong><\/span>, care sunt simple, trebuie doar s\u0103 fac\u0103 obiectul unei SIMPLE OBSERVA\u0162II , pentru a fi apoi APLICATE \u00ceN SOCIETATE.<br \/>\n<span style=\"color: #000080;\"><strong>Iat\u0103 c\u00e2t este de SIMPLU !&#8230; aceasta e \u201ecalea\u201d Mi\u015fc\u0103rii Dacia !<\/strong><\/span><\/p>\n<p><span style=\"color: #000080;\"><strong><span style=\"color: #000000;\">\u201eMi\u015fcarea Dacia\u201d &#8211; singura alternativ\u0103 la SISTEM<\/span> !<\/strong><\/span><\/p>\n<p><span style=\"color: #800000;\">Asist\u0103m \u00een ultimul timp la o proliferare de mi\u015fc\u0103ri, partide \u015fi partidule\u0163e, \u00een \u00eencercarea de a schimba actuala stare de lucruri catastrofal\u0103 !?<\/span><br \/>\n<span style=\"color: #800000;\">Aceast\u0103 proliferare demonstreaz\u0103 c\u0103 SISTEMUL este nesustenabil \u015fi c\u0103 sunt diverse grupuri care \u00eencearc\u0103 s\u0103 dea SOLU\u0162II.<\/span><br \/>\n<span style=\"color: #800000;\">Din p\u0103cate pentru mediul rom\u00e2nesc, Mi\u015fcarea Dacia este singura grupare care \u201emerge la r\u0103d\u0103cini\u201d analiz\u00e2nd CAUZELE , ci nu mul\u0163umindu-se s\u0103 combat\u0103 EFECTELE !?<\/span><br \/>\n<span style=\"color: #800000;\">Orice schimbare viitoare \u00een Rom\u00e2nia \u015fi nu numai, a\u015fa cum se profileaz\u0103 \u00een Italia cu M5S, va trece \u201epe la noi\u201d !<\/span><br \/>\n<span style=\"color: #800000;\">Pare o afirma\u0163ie hazardat\u0103, dar nu este ! \u00cencerca\u0163i s\u0103 g\u0103si\u0163i alt\u0103 grupare cu preocup\u0103ri politice, care s\u0103 atace CONCOMITENT urm\u0103toarele CAUZE<\/span> :<\/p>\n<p>1. <span style=\"color: #000000;\"><strong>LIPSA RESURSELOR PENTRU CRE\u015eTERE<\/strong><\/span>, care impune &#8230; DESCRE\u015eTEREA<br \/>\nSuntem singurii ce militeaz\u0103 pentru <strong><span style=\"color: #000000;\">DESCRE\u015eTEREA FERICIT\u0102<\/span><\/strong>, adic\u0103 o descre\u015ftere care s\u0103 nu \u00eensemne renun\u0163area la actualul welfare.<br \/>\nCRE\u015eTEREA nu mai poate fi sus\u0163inut\u0103, \u00een ciuda imperativit\u0103\u0163ii sistemice, f\u0103r\u0103 <span style=\"color: #000000;\"><strong>AFECTAREA GRAV\u0102 A AMBIENTULUI<\/strong><\/span> (vezi gazul de \u015fist, nuclearul, poluarea, etc.). Un elementar SIM\u0162 DE R\u0102SPUNDERE FA\u0162\u0102 DE GENERA\u0162IILE VIITOARE, ne oblig\u0103 \u201es\u0103 ne \u00eentindem c\u00e2t ne este plapuma\u201d, renun\u0163\u00e2nd la ceea ce noi numim FUTIL. Printr-o \u201edescre\u015ftere fericit\u0103\u201d, VOM MUNCI CU TO\u0162II MAI PU\u0162IN, \u00een contrast cu solicit\u0103rile actualului Sistem \u015fi&#8230; VOM MUNCI TO\u0162I, elimin\u00e2nd \u201e\u015eANTAJUL SOCIAL al \u015eOMAJULUI \u015fi ASISTEN\u0162IALISMULUI\u201d !<br \/>\nPe baza acestui PRINCIPIU, Mi\u015fcarea Dacia propune \u015fi alte diverse OBIECTIVE, \u015fi cu aceast\u0103 FINALITATE.<\/p>\n<p>2. <span style=\"color: #000000;\"><strong>INECHITATEA SOCIAL\u0102<\/strong><\/span>, sau DISTRIBU\u0162IA IMORAL\u0102 A RESURSELOR pe plan na\u0163ional \u015fi mondial.<br \/>\nLa ora actual\u0103, o mic\u0103 parte din cet\u0103\u0163enii Rom\u00e2niei, pe calapodul SISTEMULUI MONDIAL, de\u0163in majoritatea RESURSELOR, pe care \u015fi le-au \u00eensu\u015fit prin MECANISME SISTEMICE DE DEPOSEDARE. Este fenomenul ce se noteaz\u0103 \u015fi \u00een UE, unde \u201emarile puteri\u201d sustrag altora, printre care se num\u0103r\u0103 \u015fi Rom\u00e2nia, mai mult de jum\u0103tate di resursele utilizate pentru sus\u0163inerea CONSUMERISMULUI !?<br \/>\nMi\u015fcarea Dacia militeaz\u0103 pentru \u201eresetarea distribu\u0163iei resurselor\u201d at\u00e2t pe plan na\u0163ional, c\u00e2t \u015fi interna\u0163ional.<br \/>\nNu se poate accentua diferen\u0163a dintre s\u0103raci \u015fi boga\u0163i, cum este trendul actual, f\u0103r\u0103 a risca \u201eefectele colaterale\u201d precum : migra\u0163ii \u00een mas\u0103, difuzarea de boli din ce \u00een ce mai periculoase, terorismul, fundamentalismul religios, r\u0103zboaiele, tulbur\u0103rile sociale, etc.<\/p>\n<p>3.<span style=\"color: #000000;\"><strong> CRIZA VALORILOR<\/strong><\/span><br \/>\nEste la \u00eendem\u00e2na oric\u0103rui om cu BUN SIM\u0162, s\u0103 constate c\u0103 actualul Sistem promoveaz\u0103 NON-VALORI precum : individualismul \u015fi subminarea puterii statale ale liberalilor, asisten\u0163ialismul clientelar al social-democra\u0163ilor, sau manelismul OTV-ist, ca s\u0103 nu mai amintesc \u201eideologiile de trist\u0103 amintire\u201d, sau \u201e\u00eemprumuturile ideologice din izvoare deja secate\u201d, care sunt tolerate de Sistem pentru a hr\u0103ni conceptul de \u201epluralism democratic\u201d.<br \/>\nNoi milit\u0103m \u00een schimb, pentru SOLIDARITATE SOCIAL\u0102, RESPECT PENTRU AMBIENT, PARITATE DE DREPTURI \u015eI OBLIGA\u0162II.<br \/>\nSuntem singurii care propunem o GRIL\u0102 DE SALARIZARE \u015fi LIMITAREA C\u00c2\u015eTIGURILOR DERIVATE DIN MUNC\u0102, singurii care definim munca drept SINGURA SURS\u0102 DE C\u00c2\u015eTIG, singurii care vom asigura ca prim\u0103 urgen\u0163\u0103 MUNC\u0102 PENTRU TO\u0162I \u015eI MAI PU\u0162IN\u0102, singurii care vorbim de o NOU\u0102 LEGE A FAMILIEI care s\u0103 implementeze RESPONSABILITATEA P\u0102RINTEASC\u0102, singurii care propunem DEZMEMBRAREA SISTEMULUI PARTIDIC PARAZITAR, singurii care propunem SPIRITUL OPEN\/FREE SOURCE, singurii care cerem stoparea \u015fi inversarea MIGRA\u0162IEI CREIERELOR ROM\u00c2NE\u015eTI, oferite azi gratis \u201e\u0163\u0103rilor dezvoltate\u201d cu grave pierderi umane \u015fi materiale pentru Statul Rom\u00e2n, singurii care milit\u0103m \u00eempotriva GLOBALIZ\u0102RII ca form\u0103 a NEO-COLONIALISMULUI, etc.<\/p>\n<p>4.<span style=\"color: #000000;\"><strong> CRE\u015eTEREA POTEN\u0162IALULUI MILITAR AUTODISTRUCTIV AL OMENIRII<\/strong><\/span>.<br \/>\nSuntem singurii care milit\u0103m pentru DEMILITARIZARE, NEUTRALITATE \u015fi \u00eencetarea EXPORTULUI DE DEMOCRA\u0162IE, pl\u0103nuind o NOU\u0102 TACTIC\u0102 \u015eI STRATEGIE MILITAR\u0102 , care s\u0103 aib\u0103 la baz\u0103 satisfacerea propriilor necesit\u0103\u0163i, respectul reciproc \u015fi neamestecul \u00een treburile interne ale altor state, precum \u015fi o NOU\u0102 POLITIC\u0102 REGIONAL\u0102 de prietenie \u015fi colaborare cu \u0163\u0103rile vecine.<\/p>\n<p>5. <span style=\"color: #000000;\"><strong>RESPONSABILITATEA \u00ceNTREGII CLASE POLITICE \u015eI A PARTIDELOR PENTRU DEZASTRUL ACTUAL<\/strong><\/span>.<br \/>\n\u00cen 23 de ani, Rom\u00e2nia a c\u0103zut \u00eentr-un abis socio-economic, iar responsabilii au nume \u015fi sigle, pe buzele tuturor azi !<br \/>\nMi\u015fcarea Dacia nu va str\u00e2nge alian\u0163e cu nimeni din acest anturaj !!!&#8230; nu-i vom trage \u00een \u0163eap\u0103, ci pur \u015fi simplu, le vom cere S\u0102 PLECE ACAS\u0102, l\u0103s\u00e2nd \u00eens\u0103 RODUL JAFULUI !<\/p>\n<p>6. <span style=\"color: #000000;\"><strong>PERPETUAREA PACTULUI RIBBENTROP-MOLOTOV<\/strong><\/span><br \/>\nDe cur\u00e2nd, un membru al Sfatului Mi\u015fc\u0103rii Dacia a fost \u00eempiedicat s\u0103 ia cuv\u00e2ntul la o MANIFESTARE UNIONIST\u0102, pe motiv c\u0103 \u201enu e momentul potrivit de a vorbi de o NOU\u0102 PARADIGM\u0102\u201d, deoarece sponsorii manifest\u0103rii erau \u201epartide tradi\u0163ionale\u201d.<br \/>\nNoi sprijinim pentru orice efort unionist, indiferent de cine este sus\u0163inut \u015fi nu ne vom schimba atitudinea pentru acest\u0103 \u201erespingere\u201d, dar afirm\u0103m cu t\u0103rie, c\u0103 UNIREA nu o vor realiza for\u0163e SISTEMICE ce sunt responsabile de \u201eocaziile pierdute \u00een momente prielnice\u201d \u015fi care continu\u0103 \u201es\u0103 dreag\u0103 busuiocul Sistemului\u201d ! Pentru realizarea UNIRII, Mi\u015fcarea Dacia ofer\u0103 condi\u0163iile cele mai prielnice, convin\u015fi fiind c\u0103 basarabenii vor adera la Principiile \u015fi Obiectivele noastre \u00ceN MAS\u0102 ! Noi condamn\u0103m actualul SISTEM care este responsabil de DEZASTRUL ROM\u00c2NIEI \u015fi f\u0103r\u0103 o ie\u015fire din acest\u0103 stare, basarabenii ne vor privi cu suspiciune, mai ales dac\u0103 vom oferi suport unor \u201epartide tradi\u0163ionale sistemice autohtone\u201d, inspirate din cele rom\u00e2ne\u015fti !!!<\/p>\n<p><span style=\"color: #000080;\"><strong><span style=\"color: #000000;\">CONCLUZIE<\/span> : veni\u0163i al\u0103turi de <span style=\"color: #000000;\">Mi\u015fcarea Dacia<\/span> dragi tineri, indiferent de orient\u0103rile tradi\u0163ionale dreapta-st\u00e2nga, deoarece viitorul este &#8230; <span style=\"color: #000000;\">O NOU\u0102 PARADIGM\u0102 SOCIO-ECONOMIC\u0102<\/span><\/strong><\/span> !<br \/>\nNu este adev\u0103rat c\u0103 LIDERII actualelor partide sunt unicii RESPONSABILI de dezastrul actual, ci SISTEMUL \u00eensu\u015fi care-i propune ! \u015ei Iliescu \u015fi-a \u00eenceput \u201ediscursul revolu\u0163ionar\u201d cu \u201edragi tovar\u0103\u015fi, \u0103ia dinainte nu au aplicat corect SOCIALISMUL \u015eTIIN\u0162IFIC&#8230; \u201d , ba chiar a mobilizat masele de mineri \u015fi umeghebi\u015fti, cu lozinca NOI NU NE VINDEM \u0162ARA, pentru a termina cu DAREA PE DEGEABA a acesteia !?&#8230; nimeni nu ar fi f\u0103cut mai bine \u00een locul s\u0103u, pe care nu ar mai fi r\u0103mas , dac\u0103 nu se SUPUNEA REGULILOR SISTEMULUI \u00eembr\u0103\u0163i\u015fat ORBE\u015eTE de noi to\u0163i atunci !? Evident c\u0103 nu toate erau roz \u00een vremea \u00eempu\u015fcatului, dar noi am reu\u015fit s\u0103 facem NU UN SALT \u00ceNAINTE, ci unul \u00ceN JOS \u015fi asta deoarece cu to\u0163ii eram \u201ecu pluta\u201d, nu numai liderii !!! Tot at\u00e2t de adev\u0103rat este c\u0103 dac\u0103 nu-l f\u0103ceam noi SALTUL, poate c\u0103 am fi fost \u00ceMPIN\u015eI, deoarece SISTEMUL nu e ghidat de AGEAMII !?<br \/>\nNoi la Mi\u015fcarea Dacia, \u201esim\u0163im\u201d dup\u0103 23 de ani c\u0103 se apropie momentul \u00een care SISTEMUL nu va mai putea fi gestionat, \u201eghizii\u201d termin\u00e2nd \u201ecartu\u015fele\u201d !<br \/>\nEvident c\u0103 nu vom mai fi p\u0103c\u0103li\u0163i \u00een acea eventualitate \u015fi c\u0103 vom face SALTUL CALITATIV !<br \/>\nDeci, \u00een momentul actual, suntem singurii care PROIECTEAZ\u0102 CE VA FI &#8230; DUP\u0102 !<\/p>\n","protected":false},"excerpt":{"rendered":"<p>Acesta este un proverb rum\u00e2nesc, ce poate fi aplicat intelectualilor de la \u201eCritic Atac\u201d \u015fi \u00een aceea\u015fi m\u0103sur\u0103 celor de la \u201e\u00cen Linie Dreapt\u0103\u201d. Ambele think-tank-uri sunt EXPRESII ALE SISTEMULUI. Intelectuali rasa\u0163i, care nu fac altceva, dec\u00e2t&#8230; POLITIC\u0102 PARTIZAN\u0102. \u201eRalph Nader afirm\u0103 c\u0103 orice entitate de tip think tank nu este neutr\u0103 \u0219i non-partizan\u0103, ci [&hellip;]<\/p>\n","protected":false},"author":2,"featured_media":0,"comment_status":"open","ping_status":"open","sticky":false,"template":"","format":"standard","meta":{"footnotes":""},"categories":[73],"tags":[499,1150,498,1151,1152,210,705,150,457,789],"jetpack_featured_media_url":"","_links":{"self":[{"href":"https:\/\/bassdu.mine.bz\/index.php?rest_route=\/wp\/v2\/posts\/2901"}],"collection":[{"href":"https:\/\/bassdu.mine.bz\/index.php?rest_route=\/wp\/v2\/posts"}],"about":[{"href":"https:\/\/bassdu.mine.bz\/index.php?rest_route=\/wp\/v2\/types\/post"}],"author":[{"embeddable":true,"href":"https:\/\/bassdu.mine.bz\/index.php?rest_route=\/wp\/v2\/users\/2"}],"replies":[{"embeddable":true,"href":"https:\/\/bassdu.mine.bz\/index.php?rest_route=%2Fwp%2Fv2%2Fcomments&post=2901"}],"version-history":[{"count":7,"href":"https:\/\/bassdu.mine.bz\/index.php?rest_route=\/wp\/v2\/posts\/2901\/revisions"}],"predecessor-version":[{"id":2903,"href":"https:\/\/bassdu.mine.bz\/index.php?rest_route=\/wp\/v2\/posts\/2901\/revisions\/2903"}],"wp:attachment":[{"href":"https:\/\/bassdu.mine.bz\/index.php?rest_route=%2Fwp%2Fv2%2Fmedia&parent=2901"}],"wp:term":[{"taxonomy":"category","embeddable":true,"href":"https:\/\/bassdu.mine.bz\/index.php?rest_route=%2Fwp%2Fv2%2Fcategories&post=2901"},{"taxonomy":"post_tag","embeddable":true,"href":"https:\/\/bassdu.mine.bz\/index.php?rest_route=%2Fwp%2Fv2%2Ftags&post=2901"}],"curies":[{"name":"wp","href":"https:\/\/api.w.org\/{rel}","templated":true}]}}