{"id":292,"date":"2009-06-11T09:37:49","date_gmt":"2009-06-11T08:37:49","guid":{"rendered":"http:\/\/bassdu.mine.nu\/?p=292"},"modified":"2009-06-11T10:15:12","modified_gmt":"2009-06-11T09:15:12","slug":"la-politica","status":"publish","type":"post","link":"https:\/\/bassdu.mine.bz\/?p=292","title":{"rendered":"La Politica"},"content":{"rendered":"<p>\u00a0<\/p>\n<p class=\"MsoNormal\" style=\"margin: 0cm 0cm 10pt; text-align: center;\" align=\"center\"><strong style=\"mso-bidi-font-weight: normal;\"><span style=\"font-size: 18pt; line-height: 115%;\"><span style=\"font-family: Calibri;\">La Politica<\/span><\/span><\/strong><\/p>\n<p class=\"MsoNormal\" style=\"margin: 0cm 0cm 10pt;\"><span style=\"font-size: 18pt; line-height: 115%;\"><span style=\"font-family: Calibri;\">\u00a0<\/span><\/span><\/p>\n<p class=\"MsoNormal\" style=\"margin: 0cm 0cm 10pt;\"><span style=\"font-size: 12pt; line-height: 115%;\"><span style=\"font-family: Calibri;\"><span style=\"mso-spacerun: yes;\">\u00a0\u00a0\u00a0\u00a0\u00a0\u00a0 <\/span>Vorrei approfondire in seguito il concetto di Politica, citando Wikipedia.<\/span><\/span><\/p>\n<p class=\"MsoNormal\" style=\"margin: 0cm 0cm 10pt;\"><span style=\"font-size: 12pt; line-height: 115%;\"><span style=\"font-family: Calibri;\"><span style=\"mso-spacerun: yes;\">\u00a0\u00a0\u00a0\u00a0\u00a0\u00a0 <\/span><span style=\"color: #c00000;\">\u00ab L&#8217;uomo \u00e8 per natura un animale politico \u00bb <span style=\"mso-spacerun: yes;\">\u00a0<\/span>(Aristotele, Politica)<\/span><\/span><\/span><\/p>\n<p class=\"MsoNormal\" style=\"margin: 0cm 0cm 10pt;\"><span style=\"font-size: 12pt; color: #17365d; line-height: 115%; mso-themecolor: text2; mso-themeshade: 191;\"><span style=\"font-family: Calibri;\"><span style=\"mso-spacerun: yes;\">\u00a0\u00a0\u00a0\u00a0\u00a0\u00a0 <\/span>&#8220;La prima definizione risale ad Aristotele ed \u00e8 legata al termine &#8220;polis&#8221;, che in greco significa la citt\u00e0, la comunit\u00e0 dei cittadini; politica, secondo il filosofo Ateniese, significava l&#8217;amministrazione della &#8220;polis&#8221; <strong style=\"mso-bidi-font-weight: normal;\"><span style=\"text-decoration: underline;\">per il bene di tutti<\/span><\/strong>, la determinazione di uno spazio pubblico al quale <strong style=\"mso-bidi-font-weight: normal;\"><span style=\"text-decoration: underline;\">tutti i cittadini partecipano&#8221;.<\/span><\/strong><\/span><\/span><\/p>\n<p class=\"MsoNormal\" style=\"margin: 0cm 0cm 10pt;\"><span style=\"font-size: 12pt; line-height: 115%;\"><span style=\"font-family: Calibri;\"><span style=\"mso-spacerun: yes;\">\u00a0\u00a0\u00a0\u00a0\u00a0\u00a0\u00a0 <\/span><span style=\"color: #4f6228; mso-themecolor: accent3; mso-themeshade: 128;\">\u201cAltre definizioni, che si basano su <strong style=\"mso-bidi-font-weight: normal;\"><span style=\"text-decoration: underline;\">aspetti peculiari<\/span><\/strong> della politica, sono state date da numerosi teorici: per Max Weber la politica non \u00e8 che <strong style=\"mso-bidi-font-weight: normal;\"><span style=\"text-decoration: underline;\">aspirazione al potere e monopolio legittimo dell&#8217;uso della forza.\u201d<\/span><\/strong><\/span><\/span><\/span><\/p>\n<p class=\"MsoNormal\" style=\"margin: 0cm 0cm 10pt;\"><span style=\"font-size: 12pt; line-height: 115%;\"><span style=\"font-family: Calibri;\"><span style=\"mso-spacerun: yes;\">\u00a0\u00a0\u00a0\u00a0\u00a0\u00a0 <\/span>Con il mio Progetto DAC,\u00a0richiamo lo\u00a0spirito originario del termine, per combattere la seconda impostazione.<\/span><\/span><\/p>\n<p class=\"MsoNormal\" style=\"margin: 0cm 0cm 10pt;\"><span style=\"font-size: 12pt; line-height: 115%;\"><span style=\"font-family: Calibri;\">\u00a0<\/span><\/span><\/p>\n<p class=\"MsoNormal\" style=\"margin: 0cm 0cm 10pt;\"><span style=\"font-size: 12pt; line-height: 115%;\"><span style=\"font-family: Calibri;\"><span style=\"mso-spacerun: yes;\">\u00a0\u00a0\u00a0\u00a0\u00a0\u00a0\u00a0 <\/span>Appellandomi alle Associazioni cos\u00ec dette \u201capolitiche\u201d, ho avuto in vista:<\/span><\/span><\/p>\n<p class=\"MsoNormal\" style=\"margin: 0cm 0cm 10pt;\"><span style=\"font-size: 12pt; color: #548dd4; line-height: 115%; mso-themecolor: text2; mso-themetint: 153;\"><span style=\"font-family: Calibri;\"><span style=\"mso-spacerun: yes;\">\u00a0\u00a0\u00a0\u00a0\u00a0\u00a0 <\/span>&#8220;Negli ultimi anni la politica \u00e8 andata via via trasformandosi, includendo come soggetto la cosiddetta societ\u00e0 civile, fatta di movimenti di opinione che cercano di sottrarla all&#8217;astrazione in cui \u00e8 stata sempre confinata: la politica si fa globale e nella coscienza di molti si delinea come stato in costante divenire delle relazioni sociali ed economiche.<\/span><\/span><\/p>\n<p class=\"MsoNormal\" style=\"margin: 0cm 0cm 10pt;\"><span style=\"font-size: 12pt; color: #548dd4; line-height: 115%; mso-themecolor: text2; mso-themetint: 153;\"><span style=\"font-family: Calibri;\">Uno degli strumenti di intervento della societ\u00e0 civile nell&#8217;azione politica istituzionale sono apparsi sempre pi\u00f9 spesso i referendum di iniziativa popolare, sia in ambito nazionale, sia sempre pi\u00f9 spesso in ambito regionale o locale&#8221;.<\/span><\/span><\/p>\n<p class=\"MsoNormal\" style=\"margin: 0cm 0cm 10pt;\"><span style=\"font-size: 12pt; line-height: 115%;\"><span style=\"font-family: Calibri;\"><span style=\"mso-spacerun: yes;\">\u00a0\u00a0\u00a0\u00a0\u00a0\u00a0 <\/span>Con il progetto DAC, intendo dar vita a un soggetto globale per la Diaspora romena, nel senso descritto sopra.<\/span><\/span><\/p>\n<p class=\"MsoNormal\" style=\"margin: 0cm 0cm 10pt;\"><span style=\"font-size: 12pt; line-height: 115%;\"><span style=\"font-family: Calibri;\">\u00a0<\/span><\/span><\/p>\n<p class=\"MsoNormal\" style=\"margin: 0cm 0cm 10pt;\"><span style=\"font-size: 12pt; line-height: 115%;\"><span style=\"font-family: Calibri;\"><span style=\"mso-spacerun: yes;\">\u00a0\u00a0\u00a0\u00a0\u00a0\u00a0 <\/span>Vorrei rispondere in seguito a quelli che mi accusano di \u201cnazionalismo\u201d.<\/span><\/span><\/p>\n<p class=\"MsoNormal\" style=\"margin: 0cm 0cm 10pt;\"><span style=\"font-size: 12pt; color: #548dd4; line-height: 115%; mso-themecolor: text2; mso-themetint: 153;\"><span style=\"font-family: Calibri;\"><span style=\"mso-spacerun: yes;\">\u00a0\u00a0\u00a0\u00a0\u00a0\u00a0 <\/span>&#8220;Si pu\u00f2 parlare di <strong style=\"mso-bidi-font-weight: normal;\">nazionalismo<\/strong> per le dottrine ed i movimenti che sostengono l&#8217;affermazione, l&#8217;esaltazione ed il potenziamento della nazione intesa come collettivit\u00e0 omogenea, ritenuta depositaria di valori tradizionali tipici ed esclusivi, del patrimonio culturale e spirituale nazionale, sebbene questa definizione non sia univoca&#8221;.<\/span><\/span><\/p>\n<p class=\"MsoNormal\" style=\"margin: 0cm 0cm 10pt;\"><span style=\"font-size: 12pt; line-height: 115%;\"><span style=\"font-family: Calibri;\">\u00a0<\/span><\/span><\/p>\n<p class=\"MsoNormal\" style=\"margin: 0cm 0cm 10pt;\"><span style=\"font-family: Calibri;\"><strong style=\"mso-bidi-font-weight: normal;\"><span style=\"text-decoration: underline;\"><span style=\"font-size: 12pt; color: #215868; line-height: 115%; mso-themecolor: accent5; mso-themeshade: 128;\">\u201cL&#8217;eco- nazionalismo<\/span><\/span><\/strong><span style=\"font-size: 12pt; color: #215868; line-height: 115%; mso-themecolor: accent5; mso-themeshade: 128;\"> \u00e8 quella via che rifiuta implicazioni di ordine strettamente biologico nella definizione della nazione, ma la allarga all&#8217;intero ecosistema, includendovi gli esseri viventi, il paesaggio, la cultura umana e ogni altro elemento legato al territorio nativo, parola dalla quale deriva etimologicamente il termine stesso di nazione.\u201d<\/span><\/span><\/p>\n<p class=\"MsoNormal\" style=\"margin: 0cm 0cm 10pt;\"><span style=\"font-size: 12pt; line-height: 115%;\"><span style=\"font-family: Calibri;\">\u00a0<\/span><\/span><\/p>\n<p class=\"MsoNormal\" style=\"margin: 0cm 0cm 10pt;\"><span style=\"font-size: 12pt; line-height: 115%;\"><span style=\"font-family: Calibri;\"><span style=\"mso-spacerun: yes;\">\u00a0\u00a0\u00a0\u00a0\u00a0\u00a0 <\/span>Riconosco di essere un eco-nazionalista!<\/span><\/span><\/p>\n<p class=\"MsoNormal\" style=\"margin: 0cm 0cm 10pt;\"><span style=\"font-size: 12pt; line-height: 115%;\"><span style=\"font-family: Calibri;\"><span style=\"mso-spacerun: yes;\">\u00a0\u00a0\u00a0\u00a0\u00a0\u00a0 <\/span>Essendo noi messi <strong style=\"mso-bidi-font-weight: normal;\">sotto pressione<\/strong> in Italia, Romania, U.E. e nel mondo, l\u2019unica \u201crisposta\u201d mi sembra di essere questa!<\/span><\/span><\/p>\n<p class=\"MsoNormal\" style=\"margin: 0cm 0cm 10pt;\"><span style=\"font-size: 12pt; line-height: 115%;\"><span style=\"font-family: Calibri;\"><span style=\"mso-spacerun: yes;\">\u00a0\u00a0\u00a0\u00a0 <\/span><span style=\"mso-spacerun: yes;\">\u00a0\u00a0<\/span>Dico basta alle <strong style=\"mso-bidi-font-weight: normal;\">manipolazioni<\/strong>, che fanno di noi dei veri <strong style=\"mso-bidi-font-weight: normal;\">masochisti<\/strong> della politica!<\/span><\/span><\/p>\n<p class=\"MsoNormal\" style=\"margin: 0cm 0cm 10pt;\"><span style=\"font-size: 12pt; color: red; line-height: 115%;\"><span style=\"font-family: Calibri;\"><span style=\"mso-spacerun: yes;\">\u00a0\u00a0\u00a0\u00a0\u00a0\u00a0 <\/span>\u00ab \u00c8 un fatto ben noto che riconosciamo la nostra <strong style=\"mso-bidi-font-weight: normal;\">madre patria<\/strong> quando siamo sul punto di <strong style=\"mso-bidi-font-weight: normal;\">perderla<\/strong> \u00bb <span style=\"mso-spacerun: yes;\">\u00a0<\/span>(Albert Camus in Estate ad Algeri, 1939)<\/span><\/span><\/p>\n<p class=\"MsoNormal\" style=\"margin: 0cm 0cm 10pt;\"><span style=\"font-size: 12pt; line-height: 115%;\"><span style=\"font-family: Calibri;\">\u00a0<\/span><\/span><\/p>\n<p class=\"MsoNormal\" style=\"margin: 0cm 0cm 10pt;\"><span style=\"font-size: 12pt; line-height: 115%;\"><span style=\"font-family: Calibri;\"><span style=\"mso-spacerun: yes;\">\u00a0\u00a0\u00a0\u00a0\u00a0\u00a0\u00a0 <\/span>Chi vuol leggere, legga!<span style=\"mso-spacerun: yes;\">\u00a0 <\/span>Chi no, far\u00e0 i conti con la propria coscienza (chi c\u2019\u00e8 l\u2019ha!).<\/span><\/span><\/p>\n<p class=\"MsoNormal\" style=\"margin: 0cm 0cm 10pt;\"><span style=\"font-size: 12pt; line-height: 115%;\"><span style=\"font-family: Calibri;\">Alla prossima !<span style=\"mso-spacerun: yes;\">\u00a0\u00a0 <\/span><\/span><\/span><\/p>\n","protected":false},"excerpt":{"rendered":"<p>\u00a0 La Politica \u00a0 \u00a0\u00a0\u00a0\u00a0\u00a0\u00a0 Vorrei approfondire in seguito il concetto di Politica, citando Wikipedia. \u00a0\u00a0\u00a0\u00a0\u00a0\u00a0 \u00ab L&#8217;uomo \u00e8 per natura un animale politico \u00bb \u00a0(Aristotele, Politica) \u00a0\u00a0\u00a0\u00a0\u00a0\u00a0 &#8220;La prima definizione risale ad Aristotele ed \u00e8 legata al termine &#8220;polis&#8221;, che in greco significa la citt\u00e0, la comunit\u00e0 dei cittadini; politica, secondo il filosofo Ateniese, [&hellip;]<\/p>\n","protected":false},"author":2,"featured_media":0,"comment_status":"open","ping_status":"open","sticky":false,"template":"","format":"standard","meta":{"footnotes":""},"categories":[88],"tags":[1580,1581,11,70,41,14],"jetpack_featured_media_url":"","_links":{"self":[{"href":"https:\/\/bassdu.mine.bz\/index.php?rest_route=\/wp\/v2\/posts\/292"}],"collection":[{"href":"https:\/\/bassdu.mine.bz\/index.php?rest_route=\/wp\/v2\/posts"}],"about":[{"href":"https:\/\/bassdu.mine.bz\/index.php?rest_route=\/wp\/v2\/types\/post"}],"author":[{"embeddable":true,"href":"https:\/\/bassdu.mine.bz\/index.php?rest_route=\/wp\/v2\/users\/2"}],"replies":[{"embeddable":true,"href":"https:\/\/bassdu.mine.bz\/index.php?rest_route=%2Fwp%2Fv2%2Fcomments&post=292"}],"version-history":[{"count":4,"href":"https:\/\/bassdu.mine.bz\/index.php?rest_route=\/wp\/v2\/posts\/292\/revisions"}],"predecessor-version":[{"id":294,"href":"https:\/\/bassdu.mine.bz\/index.php?rest_route=\/wp\/v2\/posts\/292\/revisions\/294"}],"wp:attachment":[{"href":"https:\/\/bassdu.mine.bz\/index.php?rest_route=%2Fwp%2Fv2%2Fmedia&parent=292"}],"wp:term":[{"taxonomy":"category","embeddable":true,"href":"https:\/\/bassdu.mine.bz\/index.php?rest_route=%2Fwp%2Fv2%2Fcategories&post=292"},{"taxonomy":"post_tag","embeddable":true,"href":"https:\/\/bassdu.mine.bz\/index.php?rest_route=%2Fwp%2Fv2%2Ftags&post=292"}],"curies":[{"name":"wp","href":"https:\/\/api.w.org\/{rel}","templated":true}]}}