{"id":2929,"date":"2013-04-14T23:55:04","date_gmt":"2013-04-14T22:55:04","guid":{"rendered":"http:\/\/bassdu.mine.nu\/?p=2929"},"modified":"2013-04-15T00:12:17","modified_gmt":"2013-04-14T23:12:17","slug":"din-partea-miscarii-dacia-catre-consiliul-unirii","status":"publish","type":"post","link":"https:\/\/bassdu.mine.bz\/?p=2929","title":{"rendered":"DIN PARTEA MI\u015eC\u0102RII DACIA C\u0102TRE CONSILIUL UNIRII"},"content":{"rendered":"<p><span style=\"color: #000000;\"><strong>Am primit de cur\u00e2nd dou\u0103 email-uri de la CONSILIUL UNIRII, din care fac parte ca administrator al MI\u015eC\u0102RII DACIA<\/strong><\/span> :<\/p>\n<p>\u201e<span style=\"color: #800000;\">ATEN\u0162IE, o solicitare din partea Consiliului Unirii c\u0103tre membrii CU<\/span><\/p>\n<p><span style=\"color: #800000;\">Stimati membri ai Consiliului Unirii, V\u0103 adres\u0103m un mesaj cu rug\u0103mintea de a contribui la elaborararea unui material cu argumentele principale privind avantajele Unirii Basarabiei cu Rom\u00e2nia. <\/span><br \/>\n<span style=\"color: #800000;\">Solicit\u0103m acest lucru, \u00een special, membrilor \u00eenscri\u015fi \u00een CU, care locuiesc \u00een Rom\u00e2nia \u015fi peste hotare, care au \u015fi studii specializate \u015fi care s-au oferit anterior s\u0103 ajute \u00een acest sens. A\u015ftept\u0103m sa ne oferi\u0163i o viziune cu argumente simple, care s\u0103 \u00eei ajute pe basarabenii dezinforma\u0163i \u015fi manipula\u0163i s\u0103 accepte ideea reunific\u0103rii celor dou\u0103 state rom\u00e2ne\u015fti.<\/span><br \/>\n<span style=\"color: #800000;\">Informa\u0163ia \u015fi \u00eentreb\u0103rile, dac\u0103 apar, v\u0103 rug\u0103m s\u0103 le trimite\u0163i la urm\u0103toarea adres\u0103 de email: consiliulunirii@gmail.com<\/span><\/p>\n<p><span style=\"color: #800000;\">Cu respect, Staful Consiliului Unirii<\/span>\u201d<\/p>\n<p>&#8230; <span style=\"color: #000000;\"><strong>respectiv<\/strong> <\/span>:<\/p>\n<p>\u201e<span style=\"color: #000080;\">Comunicat de presa al CU<\/span><\/p>\n<p><span style=\"color: #000080;\">Joi, 11 aprilie, a avut loc, la Chi\u015fin\u0103u, \u015fedin\u0163a tradi\u0163ional\u0103 a membrilor activi ai Consiliului Unirii. <strong>S-au discutat chestiuni legate de imperativul consolid\u0103rii for\u0163elor de dreapta, de elaborarea unei strategii comune pe platforma unionist\u0103<\/strong> (repere de ghidare pot fi \u015fi documentele \u00eentocmite \u015fi difuzate p\u00een\u0103 \u00een prezent de CU), de posibilit\u0103\u0163ile cre\u0103rii unei platforme mediatice mai largi, de identificarea posibilit\u0103\u0163ilor de colaborare cu televiziuni, posturi radio, ziare, ca \u015fi de extinderea pe Internet a percep\u0163iei despre ac\u0163iunile ce promoveaz\u0103 idealul Unirii Basarabiei cu Rom\u00e2nia. <\/span><br \/>\n<span style=\"color: #000080;\">Au fost formulate diferite propuneri privind unele proiecte ce pot fi desf\u0103\u015furate prin implicarea membrilor CU, care, pe alocuri, necesit\u0103 \u015fi mijloace financiare ce urmeaz\u0103 a fi g\u0103site.<\/span><br \/>\n<span style=\"color: #000080;\">Participan\u0163ii la \u015fedin\u0163\u0103 au decis s\u0103 ii mobilizeze pe simpatizan\u0163ii op\u0163iunii unioniste pentru a forma organiza\u0163ii ale Consiliului Unirii \u00een localit\u0103\u0163ile din Republica Moldova \u015fi din Rom\u00e2nia \u015fi, totodat\u0103, pentru a str\u00eenge semn\u0103turi ale cet\u0103\u0163enilor pe un act ce ar solicita Statului rom\u00e2n repunerea \u00een drepturile cet\u0103\u0163ene\u015fti a persoanelor av\u00eend cet\u0103\u0163enia rom\u00e2n\u0103 prin na\u015ftere \u015fi de care parin\u0163ii sau bunicii lor au fost priva\u0163i f\u0103r\u0103 voia lor de aceasta.<\/span><br \/>\n<span style=\"color: #000080;\">\u00cen continuare, membrii Consiliului Unirii \u00ee\u015fi vor stabili agenda pentru perioada urmatoare \u015fi vor informa opinia public\u0103.<\/span><\/p>\n<p><span style=\"color: #000080;\">Serviciul de pres\u0103 al CU<\/span>\u201d<\/p>\n<p>PREMIS\u0102 : v\u0103 aduc la cuno\u015ftin\u0163\u0103 c\u0103 MI\u015eCAREA DACIA cuprinde at\u00e2t rom\u00e2ni din Basarabia (procentul cel mai mare), c\u00e2t \u015fi din \u0163ar\u0103 \u015fi Diaspora !<br \/>\nIat\u0103 r\u0103spunsul MI\u015eC\u0102RII DACIA la aceast\u0103 solicitare de SOLU\u0162II PENTRU AVANTAJAREA UNIRII \u015fi OBSERVA\u0162IILE relativ la Comunicatul de pres\u0103 :<\/p>\n<p>\u00cen primul r\u00e2nd, respingem categoric afirma\u0163ia din al doilea email, potrivit c\u0103reia :<\/p>\n<p>\u201e<span style=\"color: #000000;\"><strong>S-au discutat chestiuni legate de imperativul consolid\u0103rii for\u0163elor de dreapta, de elaborarea unei strategii comune pe platforma unionist\u0103&#8230;<\/strong><\/span>\u201d<\/p>\n<p>Dac\u0103 UNIRE va fi, atunci aceasta nu va fi rodul exclusiv al ac\u0163iunii FOR\u0162ELOR DE DREAPTA !!!<br \/>\nCuv\u00e2ntul \u201eUNIRE\u201d are o semnifica\u0163ie clar\u0103 \u015fi nu poate fi lipsit de con\u0163inut !<br \/>\nTOATE FOR\u0162ELE POLITICE trebuiesc implicate \u00een procesul UNIRII, inclusiv cele de ST\u00c2NGA, sau cele care precum MI\u015eCAREA DACIA, refuz\u0103 \u00eencadrarea de acest fel, consider\u00e2ndu-se de&#8230; DEASUPRA !<br \/>\nDac\u0103 UNIRE va fi, aceasta va fi rodul unei implic\u0103ri a unei LARGI MAJORIT\u0102\u0162I a basarabenilor, rom\u00e2nii din dreapta Prutului nepun\u00e2nd probleme !<br \/>\n&#8211; \u00cen primul r\u00e2nd, MI\u015eCAREA DACIA militeaz\u0103 de mai bine de 4 ani, \u00a0pentru realizarea unei FEDERA\u0162II A CELOR DOU\u0102 STATE ROM\u00c2NE\u015eTI, solu\u0163ia cea mai adaptat\u0103 actualelor condi\u0163ii.<br \/>\n&#8211; \u00cen al doilea r\u00e2nd, MI\u015eCAREA DACIA militeaz\u0103 pentru TRATATIVE CU TOATE STATELE INTERESATE DE CHESTIUNE, pentru a nu hr\u0103ni SENTIMENTE ANTI-ROM\u00c2NE\u015eTI PERICULOASE&#8230; iar la tratative, se d\u0103 \u015fi se cere, iar aici intr\u0103 \u00een discu\u0163ie \u015fi ROM\u00c2NIA !!!<br \/>\n&#8211; \u00cen al treilea r\u00e2nd, MI\u015eCAREA DACIA are inten\u0163ia de a implica \u00een procesul UNIRII (<em>c\u0103 \u015fi FEDERA\u0162IA tot asta semnific\u0103 !<\/em>) \u015fi \u201ecet\u0103\u0163enii basarabeni refractari\u201d, propun\u00e2ndu-le un complex de m\u0103suri, care ar putea s\u0103-i intereseze \u015fi care s\u0103 exclud\u0103 liberalismul, sau extrema cealalt\u0103 a \u201ecomunismului cu fa\u0163\u0103 uman\u0103\u201d, propagate de actualele partide de pe ambele maluri de Prut, propun\u00e2nd \u00een schimb o NOU\u0102 PARADIGM\u0102 SOCIO-ECONOMIC\u0102. Trebuie s\u0103 se \u00een\u0163eleag\u0103 de c\u0103tre CONSILIUL UNIRII, c\u0103 nu se pot exclude p\u0103turi largi ale popula\u0163iei basarabene de la procesul de unificare !!!<\/p>\n<p><span style=\"color: #000000;\">CONCLUZIE<\/span> :<br \/>\n<em>MI\u015eCAREA DACIA va sprijini \u00een continuare eforturile pentru UNIRE, indiferent cine le va face \u015fi \u00een ciuda faptului c\u0103 \u00eentr-o manifesta\u0163ie unionist\u0103, unuia dintre liderii mi\u015fc\u0103rii noastre nu i s-a oferit prilejul s\u0103 ia cuv\u00e2ntul. Noi suntem convin\u015fi c\u0103 UNIREA se va realiza pe baza unei NOI PARADIGME SOCIO-ECONOMICE, care va fi acceptat\u0103 de majoritatea basarabenilor \u015fi va asigura tuturor rom\u00e2nilor oportunit\u0103\u0163i nemaiavute<\/em> !<\/p>\n<p>Cu respect,<br \/>\ning. \u0162eav\u0103 Gheorghe &#8211; administrator-fondator al MI\u015eC\u0102RII DACIA<\/p>\n","protected":false},"excerpt":{"rendered":"<p>Am primit de cur\u00e2nd dou\u0103 email-uri de la CONSILIUL UNIRII, din care fac parte ca administrator al MI\u015eC\u0102RII DACIA : \u201eATEN\u0162IE, o solicitare din partea Consiliului Unirii c\u0103tre membrii CU Stimati membri ai Consiliului Unirii, V\u0103 adres\u0103m un mesaj cu rug\u0103mintea de a contribui la elaborararea unui material cu argumentele principale privind avantajele Unirii Basarabiei [&hellip;]<\/p>\n","protected":false},"author":2,"featured_media":0,"comment_status":"open","ping_status":"open","sticky":false,"template":"","format":"standard","meta":{"footnotes":""},"categories":[73],"tags":[460,834,974,210,698,47],"jetpack_featured_media_url":"","_links":{"self":[{"href":"https:\/\/bassdu.mine.bz\/index.php?rest_route=\/wp\/v2\/posts\/2929"}],"collection":[{"href":"https:\/\/bassdu.mine.bz\/index.php?rest_route=\/wp\/v2\/posts"}],"about":[{"href":"https:\/\/bassdu.mine.bz\/index.php?rest_route=\/wp\/v2\/types\/post"}],"author":[{"embeddable":true,"href":"https:\/\/bassdu.mine.bz\/index.php?rest_route=\/wp\/v2\/users\/2"}],"replies":[{"embeddable":true,"href":"https:\/\/bassdu.mine.bz\/index.php?rest_route=%2Fwp%2Fv2%2Fcomments&post=2929"}],"version-history":[{"count":6,"href":"https:\/\/bassdu.mine.bz\/index.php?rest_route=\/wp\/v2\/posts\/2929\/revisions"}],"predecessor-version":[{"id":2935,"href":"https:\/\/bassdu.mine.bz\/index.php?rest_route=\/wp\/v2\/posts\/2929\/revisions\/2935"}],"wp:attachment":[{"href":"https:\/\/bassdu.mine.bz\/index.php?rest_route=%2Fwp%2Fv2%2Fmedia&parent=2929"}],"wp:term":[{"taxonomy":"category","embeddable":true,"href":"https:\/\/bassdu.mine.bz\/index.php?rest_route=%2Fwp%2Fv2%2Fcategories&post=2929"},{"taxonomy":"post_tag","embeddable":true,"href":"https:\/\/bassdu.mine.bz\/index.php?rest_route=%2Fwp%2Fv2%2Ftags&post=2929"}],"curies":[{"name":"wp","href":"https:\/\/api.w.org\/{rel}","templated":true}]}}