{"id":2940,"date":"2013-04-20T11:14:51","date_gmt":"2013-04-20T10:14:51","guid":{"rendered":"http:\/\/bassdu.mine.nu\/?p=2940"},"modified":"2013-04-21T11:53:00","modified_gmt":"2013-04-21T10:53:00","slug":"matteo-renzi-aceeasi-marie-cu-alta-palarie","status":"publish","type":"post","link":"https:\/\/bassdu.mine.bz\/?p=2940","title":{"rendered":"MATTEO RENZI : \u201eaceea\u015fi M\u0103rie cu alt\u0103 p\u0103l\u0103rie\u201d !?"},"content":{"rendered":"<p>Iat\u0103 o prob\u0103 de \u201e FAL\u015eI DEMOLATORI\u201d pe care i-a putut crea \u201eaparatul de partid\u201d al Partidului Democrat Italian : MATTEO RENZI !?<br \/>\nAcesta ar fi \u00een stare s\u0103 propun\u0103 \u201einciucistul\u201d (colabora\u0163ionist cu dreapta) D-Alema, sau \u201epensionatul de aur\u201d Amato pentru Pre\u015fedin\u0163ie !?!?&#8230; acesta din urm\u0103, are o pensie de 32.000 de euro pe lun\u0103 , a fost prim-colaborator al condamnatului B.Craxi pentru finan\u0163are ilicit\u0103 a propriului partid, a fost colaborator cu toate partidele, cu multiple func\u0163ii guvernamentale de-a lungul a zeci de ani, \u00eenclusiv prim-ministru, deci \u015fi cu RESPONSABILIT\u0102\u0162I pentru DEZASTRUL actual al Italiei !?<\/p>\n<p><a href=\"http:\/\/www.ilfattoquotidiano.it\/2013\/04\/19\/renzi-lancia-figura-esperta-e-di-caratura-internazionale-e-profilo-di-amato\/569455\/\">http:\/\/www.ilfattoquotidiano.it\/2013\/04\/19\/renzi-lancia-figura-esperta-e-di-caratura-internazionale-e-profilo-di-amato\/569455\/<\/a><\/p>\n<p>&#8230;. \u0103\u015ftia nu au priceput c\u0103 BAZA, adic\u0103 POPORUL DE ST\u00c2NGA pe care ar trebui s\u0103-l reprezinte, le cere s\u0103 voteze RODOTA !?!?&#8230;. \u00eenc\u0103 o dovad\u0103 c\u0103 PARTIDISMUL nu are nicio leg\u0103tur\u0103 cu INTERESUL GENERAL, ci doar cu INTERESUL PERSONAL, sau de \u201egrup de interese economice\u201d !<br \/>\nRODOTA este un profesor universitar de drept, mare ap\u0103r\u0103tor al DREPTULUI DE INTIMITATE \u015fi a altor DREPTURI CET\u0102\u0162ENE\u015eTI FUNDAMENTALE, adeptul unui STAT LAIC, al APEI PUBLICE, ci nu PRIVATE, al elimin\u0103rii finan\u0163\u0103rii \u015eCOLILOR PRIVATE (a se citi CATOLICE) \u015fi al sprijinirii \u015eCOLII PUBLICE, etc., om de o mare calitate, propus de Mi\u015fcarea 5 Stele pentru func\u0163ia de Pre\u015fedinte \u00een urma unui REFERENDUM ON-LINE , o adev\u0103rat\u0103 manifestare a DEMOCRA\u0162IEI PARTICIPATIVE !!!<br \/>\n\u00cen urma acestui REFERENDUM, s-a stabilit un \u201eclasament\u201d \u00een care pe primul loc s-a situat o mare JURNALIST\u0102 ANTI-CORUP\u0162IE pe nume MILENA GABANELLI, care demasc\u0103 cu regularitate \u00een emisiunea sa de \u201eanchete sociale\u201d REPORT, AMESTECUL POLITICII CU ECONOMIA. f\u0103r\u0103 a face distinc\u0163ie dreapta-st\u00e2nga. Aceasta a declinat invita\u0163ia prefer\u00e2nd s\u0103-\u015fi continue activitatea jurnalistic\u0103 , declar\u00e2nd cu bun-sim\u0163 c\u0103 nu are CALIT\u0102\u0162I pentru func\u0163ia de Pre\u015fedinte. Noi la Mi\u015fcarea Dacia am citat deseori REPORT \u015fi pe autoarea acestei LUPT\u0102TOARE ANTI-CORUP\u0162IE PARTIDIC\u0102 !!!<br \/>\nPe locul doi s-a situat GINO STRADA, fondatorul organiza\u0163iei medicale-pacifiste EMERGENCY, aflat\u0103 la loc de frunte printre MODELELE dup\u0103 care se ghideaz\u0103 MI\u015eCAREA DACIA !!!&#8230; acesta a renun\u0163at \u201edin motive profesionale\u201d, declar\u00e2nd c\u0103 recomand\u0103 ca fiind mult mai indicat&#8230; STEFANO RODOTA, situat pe locul 3 !!!<br \/>\nIat\u0103 dovezi c\u0103 MI\u015eCAREA DACIA se inspir\u0103 de unde trebuie !!!<br \/>\nPARTIDISMUL trebuie s\u0103 dispar\u0103, Statele au nevoie \u00een aceste MOMENTE CRUCIALE de ADMINISTRATORI, ci nu de PARAZI\u0162I SOCIALI !&#8230; aceasta este linia directoare a Mi\u015fc\u0103rii 5 Stele din Italia \u015fi a MI\u015eC\u0102RII DACIA !<\/p>\n<p>P.S.<br \/>\nSe vehiculeaz\u0103 \u00een aceste ore ideea, c\u0103 TOATE PARTIDELE, de la fo\u015ftii comuni\u015fti la actualii radicali de dreapta \u015fi \u00eenglob\u00e2nd \u015fi \u201erenzianii\u201d, se vor pune de acord pentru prelungirea mandatului lui Napolitano, care ar fi pus condi\u0163ia de a putea decide GUVERNUL !?!?&#8230; asta numai pentru a nu da \u201evoce \u00een capitol\u201d unei for\u0163e ANTI-SISTEM, cum este MI\u015eCAREA 5 STELE !?!?<br \/>\nSe ajunge astfel la un adev\u0103rat PREZIDEN\u0162IALISM, \u00een barba Constitu\u0163iei italiene !?!?<br \/>\nDup\u0103 ce st\u00e2nga-dreapta s-au b\u0103l\u0103c\u0103rit ca la u\u015fa cortului, posibilitatea de a fi \u201em\u0103tura\u0163i din Istorie\u201d, i-a determinat s\u0103 fac\u0103 o alian\u0163\u0103 PARADOXAL\u0102, cu continuarea tradi\u0163iei GUVERNULUI TEHNIC MONTI,\u00a0 care are grave responsabilit\u0103\u0163i \u00een actuala criz\u0103 italian\u0103 !?<br \/>\nSe pun astfel bazele unor GRAVE TULBUR\u0102RI SOCIALE \u00een Italia, deoarece GUVERNAREA va fi imposibil\u0103 !<br \/>\nSe va confirma astfel OB\u0162INEREA MAJORIT\u0102\u0162II ABSOLUTE de c\u0103tre MI\u015eCAREA 5 STELE la viitoarele alegeri, care vor avea loc mai devreme dec\u00e2t se poate crede !!!<\/p>\n<p><img loading=\"lazy\" decoding=\"async\" class=\"alignnone\" alt=\"\" src=\"https:\/\/pbs.twimg.com\/media\/BIXDkXPCAAAY_r4.jpg:large\" width=\"614\" height=\"461\" \/><\/p>\n","protected":false},"excerpt":{"rendered":"<p>Iat\u0103 o prob\u0103 de \u201e FAL\u015eI DEMOLATORI\u201d pe care i-a putut crea \u201eaparatul de partid\u201d al Partidului Democrat Italian : MATTEO RENZI !? Acesta ar fi \u00een stare s\u0103 propun\u0103 \u201einciucistul\u201d (colabora\u0163ionist cu dreapta) D-Alema, sau \u201epensionatul de aur\u201d Amato pentru Pre\u015fedin\u0163ie !?!?&#8230; acesta din urm\u0103, are o pensie de 32.000 de euro pe lun\u0103 [&hellip;]<\/p>\n","protected":false},"author":2,"featured_media":0,"comment_status":"open","ping_status":"open","sticky":false,"template":"","format":"standard","meta":{"footnotes":""},"categories":[69,73],"tags":[499,1162,199,1161,298,1159,1164,290,210,408,768,1097,705,1163,1158,1160],"jetpack_featured_media_url":"","_links":{"self":[{"href":"https:\/\/bassdu.mine.bz\/index.php?rest_route=\/wp\/v2\/posts\/2940"}],"collection":[{"href":"https:\/\/bassdu.mine.bz\/index.php?rest_route=\/wp\/v2\/posts"}],"about":[{"href":"https:\/\/bassdu.mine.bz\/index.php?rest_route=\/wp\/v2\/types\/post"}],"author":[{"embeddable":true,"href":"https:\/\/bassdu.mine.bz\/index.php?rest_route=\/wp\/v2\/users\/2"}],"replies":[{"embeddable":true,"href":"https:\/\/bassdu.mine.bz\/index.php?rest_route=%2Fwp%2Fv2%2Fcomments&post=2940"}],"version-history":[{"count":8,"href":"https:\/\/bassdu.mine.bz\/index.php?rest_route=\/wp\/v2\/posts\/2940\/revisions"}],"predecessor-version":[{"id":2956,"href":"https:\/\/bassdu.mine.bz\/index.php?rest_route=\/wp\/v2\/posts\/2940\/revisions\/2956"}],"wp:attachment":[{"href":"https:\/\/bassdu.mine.bz\/index.php?rest_route=%2Fwp%2Fv2%2Fmedia&parent=2940"}],"wp:term":[{"taxonomy":"category","embeddable":true,"href":"https:\/\/bassdu.mine.bz\/index.php?rest_route=%2Fwp%2Fv2%2Fcategories&post=2940"},{"taxonomy":"post_tag","embeddable":true,"href":"https:\/\/bassdu.mine.bz\/index.php?rest_route=%2Fwp%2Fv2%2Ftags&post=2940"}],"curies":[{"name":"wp","href":"https:\/\/api.w.org\/{rel}","templated":true}]}}