{"id":2946,"date":"2013-04-21T01:25:26","date_gmt":"2013-04-21T00:25:26","guid":{"rendered":"http:\/\/bassdu.mine.nu\/?p=2946"},"modified":"2013-04-21T11:47:54","modified_gmt":"2013-04-21T10:47:54","slug":"mi-se-confirma-previziunile","status":"publish","type":"post","link":"https:\/\/bassdu.mine.bz\/?p=2946","title":{"rendered":"Mi se confirm\u0103 previziunile !"},"content":{"rendered":"<p>Iat\u0103 ce scriam pe 28 Martie :<\/p>\n<p>\u201e<span style=\"color: #800000;\"><strong>Se pare c\u0103 Pre\u015fedintele Napolitano, nu va avea \u00eencotro \u015fi va satisface \u201egusturile\u201d lui Grillo.<\/strong><\/span><br \/>\n<span style=\"color: #800000;\"><strong>Mul\u0163i se vor \u00eentreba : ei \u015fi ?<\/strong><\/span><br \/>\n<span style=\"color: #800000;\"><strong>Dac\u0103 se va ajunge la un guvern \u201etehnic\u201d, sau \u201ede urgen\u0163\u0103 al Pre\u015fedintelui\u201d, cum \u201e\u00eempinge\u201d Pia\u0163a Financiar\u0103 \u015fi Criza profund\u0103 \u00een act, Grillo va propune aceste m\u0103suri \u00een Parlament \u015fi bine\u00een\u0163eles c\u0103 \u201epartidele tradi\u0163ionale cu de\u015ftele \u00een miere\u201d, nu vor legifera ceea ce va propune Grillo, sau o vor face \u201epar\u0163ial\u201d, supun\u00e2ndu-se unor DIVIZIUNI INTERNE !!!<\/strong><\/span><br \/>\n<span style=\"color: #800000;\"><strong>Men\u0163ionez c\u0103 politica lui \u201eeu \u00ee\u0163i dau un pic \u0163ie, iar tu \u00eemi dai un pic mie\u201d, a dus la \u201econiven\u0163a\u201d st\u00e2ngii cu dreapta, \u00eentocmai cum se \u00eent\u00e2mpl\u0103 \u015fi \u00een Rom\u00e2nia, singurul obiectiv al partidelor fiind \u2026 \u201eosul de ros\u201d !\u00a0<\/strong><\/span><br \/>\n<span style=\"color: #800000;\"><strong>\u00cen condi\u0163iile prezentate mai sus, actualele partide se vor compromite definitiv, urm\u00e2nd ca la viitoarele alegeri, M5S s\u0103 demonstreze \u00een mod evident INCAPACITATEA PARTIDELOR de a satisface CERIN\u0162ELE POPULA\u0162IEI, fiind destinate unei USTUR\u0102TOARE \u00ceNFR\u00c2NGERI !<\/strong><\/span><br \/>\n<span style=\"color: #800000;\"><strong>De-abia dup\u0103 viitoarele alegeri, M5S va ob\u0163ine majoritatea absolut\u0103, ce-i va oferi oportunitatea s\u0103 REFORMEZE RADICAL ITALIA, \u00eencep\u00e2nd de la CONSTITU\u0162IE !<\/strong><\/span>\u201d (<a href=\"http:\/\/bassdu.mine.nu\/?p=2872\">http:\/\/bassdu.mine.nu\/?p=2872<\/a>)<\/p>\n<p>Previziunile mele s-au adeverit : PD-ul lui Bersani (de acum ex-secretar) , PDL-ul lui Berlusconi \u015fi \u201etehnicii catolici de centru\u201d ai lui Monti, au realizat CONVERGEN\u0162A \u00een alegerea lui Napolitano \u00een func\u0163ia de Pre\u015fedinte. Acesta va garanta c\u0103 :<\/p>\n<p>&#8211; <span style=\"color: #000080;\"><em>nu se vor t\u0103ia fondurile pentru PARTIDE.<\/em><\/span><br \/>\n<span style=\"color: #000080;\"><em> &#8211; nu se vor t\u0103ia fondurile pentru JURNALE (mare bucurie pentru \u201emanipulatorii opiniei publice\u201d !)<\/em><\/span><br \/>\n<span style=\"color: #000080;\"><em> &#8211; nu se va pune problema INTERZICERII ALEGERII lui Berlusconi pe motiv de cazier judiciar&#8230; ba se pare c\u0103 are asigurat un post de \u201esenator pe via\u0163\u0103\u201d!?<\/em><\/span><br \/>\n<span style=\"color: #000080;\"><em> &#8211; nu se vor desfiin\u0163a provinciile.<\/em><\/span><br \/>\n<span style=\"color: #000080;\"><em> &#8211; nu se va face Legea \u00eempotriva conflictului de interese.<\/em><\/span><br \/>\n<span style=\"color: #000080;\"><em> &#8211; nu se va face nicio lege anti-corup\u0163ie, deoarece at\u00e2t PD, c\u00e2t \u015fi PDL, au&#8230;\u00a0 \u201ebube \u00een cap\u201d.<\/em><\/span><br \/>\n<span style=\"color: #000080;\"><em> &#8211; se va forma un guvern \u201einciucist\u201d (cic\u0103 de larg\u0103 \u00een\u0163elegere na\u0163ional\u0103, adic\u0103 de \u201egr\u0103mad\u0103 organizat\u0103\u201d).<\/em><\/span><br \/>\n<span style=\"color: #000080;\"><em> \u00centr-un cuv\u00e2nt , se va men\u0163ine actualul status quo<\/em><\/span>.<\/p>\n<p>Ceea ce nu se ia \u00een considera\u0163ie, este c\u0103 baza ambelor partide \u201einciuciste\u201d, dar mai ales a celui de st\u00e2nga (PD), protesteaz\u0103 deja vehement pe unde apuc\u0103, \u201easigur\u00e2nd\u201d acestuia la viitoarele alegeri, procente cu o cifr\u0103, deci \u201emoartea clinic\u0103\u201d, a\u015fa cum am prev\u0103zut&#8230; deci totul este \u201e\u00een grafic\u201d : PARTIDELE TRADI\u0162IONALE SE AUTO-DISTRUG, iar MoVimento Cinque Stelle cre\u015fte prin \u201emigra\u0163iile masive\u201d din aria de st\u00e2nga.<br \/>\nPrev\u0103d o \u201evia\u0163\u0103 scurt\u0103\u201d actualei legislaturi, deci ALEGERI \u00ceNTR-UN AN, care se vor solda cu VICTORIA ZDROBITOARE A M5S, datorit\u0103 \u201eruperii contactului cu popula\u0163ia\u201d ce caracterizeaz\u0103 celelalte \u201efor\u0163e politice tradi\u0163ionale\u201d, destinate a fi DEMOLATE !<\/p>\n<p><a href=\"http:\/\/bassdu.mine.nu\/images\/2013\/04\/BIXDC6jCAAAV5Ip.jpg\"><img loading=\"lazy\" decoding=\"async\" class=\"alignnone size-medium wp-image-2952\" alt=\"BIXDC6jCAAAV5Ip\" src=\"http:\/\/bassdu.mine.nu\/images\/2013\/04\/BIXDC6jCAAAV5Ip-250x300.jpg\" width=\"250\" height=\"300\" srcset=\"https:\/\/bassdu.mine.bz\/images\/2013\/04\/BIXDC6jCAAAV5Ip-250x300.jpg 250w, https:\/\/bassdu.mine.bz\/images\/2013\/04\/BIXDC6jCAAAV5Ip.jpg 383w\" sizes=\"(max-width: 250px) 100vw, 250px\" \/><\/a><\/p>\n","protected":false},"excerpt":{"rendered":"<p>Iat\u0103 ce scriam pe 28 Martie : \u201eSe pare c\u0103 Pre\u015fedintele Napolitano, nu va avea \u00eencotro \u015fi va satisface \u201egusturile\u201d lui Grillo. Mul\u0163i se vor \u00eentreba : ei \u015fi ? Dac\u0103 se va ajunge la un guvern \u201etehnic\u201d, sau \u201ede urgen\u0163\u0103 al Pre\u015fedintelui\u201d, cum \u201e\u00eempinge\u201d Pia\u0163a Financiar\u0103 \u015fi Criza profund\u0103 \u00een act, Grillo va propune [&hellip;]<\/p>\n","protected":false},"author":2,"featured_media":0,"comment_status":"open","ping_status":"open","sticky":false,"template":"","format":"standard","meta":{"footnotes":""},"categories":[69],"tags":[123,1094,1167,408,736,1166,1165],"jetpack_featured_media_url":"","_links":{"self":[{"href":"https:\/\/bassdu.mine.bz\/index.php?rest_route=\/wp\/v2\/posts\/2946"}],"collection":[{"href":"https:\/\/bassdu.mine.bz\/index.php?rest_route=\/wp\/v2\/posts"}],"about":[{"href":"https:\/\/bassdu.mine.bz\/index.php?rest_route=\/wp\/v2\/types\/post"}],"author":[{"embeddable":true,"href":"https:\/\/bassdu.mine.bz\/index.php?rest_route=\/wp\/v2\/users\/2"}],"replies":[{"embeddable":true,"href":"https:\/\/bassdu.mine.bz\/index.php?rest_route=%2Fwp%2Fv2%2Fcomments&post=2946"}],"version-history":[{"count":5,"href":"https:\/\/bassdu.mine.bz\/index.php?rest_route=\/wp\/v2\/posts\/2946\/revisions"}],"predecessor-version":[{"id":2951,"href":"https:\/\/bassdu.mine.bz\/index.php?rest_route=\/wp\/v2\/posts\/2946\/revisions\/2951"}],"wp:attachment":[{"href":"https:\/\/bassdu.mine.bz\/index.php?rest_route=%2Fwp%2Fv2%2Fmedia&parent=2946"}],"wp:term":[{"taxonomy":"category","embeddable":true,"href":"https:\/\/bassdu.mine.bz\/index.php?rest_route=%2Fwp%2Fv2%2Fcategories&post=2946"},{"taxonomy":"post_tag","embeddable":true,"href":"https:\/\/bassdu.mine.bz\/index.php?rest_route=%2Fwp%2Fv2%2Ftags&post=2946"}],"curies":[{"name":"wp","href":"https:\/\/api.w.org\/{rel}","templated":true}]}}